{"id":114840,"date":"2023-10-04T10:56:08","date_gmt":"2023-10-04T16:56:08","guid":{"rendered":"https:\/\/diariolanoticia.com.mx\/?p=114840"},"modified":"2023-10-04T10:56:08","modified_gmt":"2023-10-04T16:56:08","slug":"entrega-ayuntamiento-de-tlaxcala-la-presea-de-la-ciudad-a-las-y-los-artesanos-tradicionales","status":"publish","type":"post","link":"https:\/\/diariolanoticia.com.mx\/?p=114840","title":{"rendered":"Entrega Ayuntamiento de Tlaxcala la presea de la ciudad a las y los artesanos tradicionales"},"content":{"rendered":"\n<p><strong>&nbsp;* <\/strong><em>En el marco del Segundo Festival Santa Mar\u00eda<\/em><\/p>\n\n\n\n<p>El Ayuntamiento de Tlaxcala, entreg\u00f3 la presea de la ciudad a las y los artesanosn tradicionales del municipio, como parte de los festejos del 498 aniversario de fundaci\u00f3n de la capital del estado<\/p>\n\n\n\n<p>En ceremonia solemne de cabildo que se efectu\u00f3 en el Teatro Xicoht\u00e9ncatl, la presidenta municipal de Tlaxcala, Maribel P\u00e9rez Arenas, dijo que al paso de las generaciones, han enriquecido la cultura y la identidad en la capital de Tlaxcala.<\/p>\n\n\n\n<p>\u00abEn esta edici\u00f3n de la Presea Tlaxcala 2023, el Ayuntamiento distingue su labor creativa y la invaluable contribuci\u00f3n que hacen al preservar nuestros<\/p>\n\n\n\n<p>saberes tradicionales\u00bb<\/p>\n\n\n\n<p>Adem\u00e1s, dijo la alcaldesa,&nbsp; no podemos pasar por alto su papel crucial en el fortalecimiento del sector tur\u00edstico y en el apoyo a la econom\u00eda familiar de nuestra comunidad.<\/p>\n\n\n\n<p>\u00abHoy, m\u00e1s que nunca, es esencial reconocer la labor de aquellos que han mantenido viva nuestra rica herencia cultural, pues los artesanos de la Capital de Tlaxcala son guardianes de la historia y el alma de nuestra tierra y a trav\u00e9s de la obra de sus manos han logrado\u00bb, apunt\u00f3 la presidenta municipal.<\/p>\n\n\n\n<p>A la sesi\u00f3n solemne asistieron, adem\u00e1s de los integrantes del cabildo, como son regidores, presidentes de comunidad, delegados, empresarios del sector empresarial tur\u00edstico, Daniela Vel\u00e1zquez, Miss Tlaxcala Capital y familias de los artesanos reconocidos, as\u00ed como funcionarios municipales.<\/p>\n","protected":false},"excerpt":{"rendered":"<p>&nbsp;* En el marco del Segundo Festival Santa Mar\u00eda El Ayuntamiento de Tlaxcala, entreg\u00f3 la presea de la ciudad a las y los artesanosn tradicionales del municipio, como parte de los festejos del 498 aniversario de fundaci\u00f3n de la capital del estado En ceremonia solemne de cabildo que se efectu\u00f3 en el Teatro Xicoht\u00e9ncatl, la [&hellip;]<\/p>\n","protected":false},"author":1,"featured_media":114841,"comment_status":"open","ping_status":"open","sticky":false,"template":"","format":"standard","meta":{"footnotes":""},"categories":[17],"tags":[],"class_list":["post-114840","post","type-post","status-publish","format-standard","has-post-thumbnail","hentry","category-tlaxcala"],"blog_post_layout_featured_media_urls":{"thumbnail":["https:\/\/diariolanoticia.com.mx\/wp-content\/uploads\/2023\/10\/WhatsApp-Image-2023-10-04-at-09.25.29-216x160.jpeg",216,160,true],"full":["https:\/\/diariolanoticia.com.mx\/wp-content\/uploads\/2023\/10\/WhatsApp-Image-2023-10-04-at-09.25.29.jpeg",1600,1066,false]},"categories_names":{"17":{"name":"Tlaxcala","link":"https:\/\/diariolanoticia.com.mx\/?cat=17"}},"tags_names":[],"comments_number":"0","wpmagazine_modules_lite_featured_media_urls":{"thumbnail":["https:\/\/diariolanoticia.com.mx\/wp-content\/uploads\/2023\/10\/WhatsApp-Image-2023-10-04-at-09.25.29-216x160.jpeg",216,160,true],"cvmm-medium":["https:\/\/diariolanoticia.com.mx\/wp-content\/uploads\/2023\/10\/WhatsApp-Image-2023-10-04-at-09.25.29-300x300.jpeg",300,300,true],"cvmm-medium-plus":["https:\/\/diariolanoticia.com.mx\/wp-content\/uploads\/2023\/10\/WhatsApp-Image-2023-10-04-at-09.25.29-305x207.jpeg",305,207,true],"cvmm-portrait":["https:\/\/diariolanoticia.com.mx\/wp-content\/uploads\/2023\/10\/WhatsApp-Image-2023-10-04-at-09.25.29-400x600.jpeg",400,600,true],"cvmm-medium-square":["https:\/\/diariolanoticia.com.mx\/wp-content\/uploads\/2023\/10\/WhatsApp-Image-2023-10-04-at-09.25.29-600x600.jpeg",600,600,true],"cvmm-large":["https:\/\/diariolanoticia.com.mx\/wp-content\/uploads\/2023\/10\/WhatsApp-Image-2023-10-04-at-09.25.29-1024x1024.jpeg",1024,1024,true],"cvmm-small":["https:\/\/diariolanoticia.com.mx\/wp-content\/uploads\/2023\/10\/WhatsApp-Image-2023-10-04-at-09.25.29-130x95.jpeg",130,95,true],"full":["https:\/\/diariolanoticia.com.mx\/wp-content\/uploads\/2023\/10\/WhatsApp-Image-2023-10-04-at-09.25.29.jpeg",1600,1066,false]},"_links":{"self":[{"href":"https:\/\/diariolanoticia.com.mx\/index.php?rest_route=\/wp\/v2\/posts\/114840","targetHints":{"allow":["GET"]}}],"collection":[{"href":"https:\/\/diariolanoticia.com.mx\/index.php?rest_route=\/wp\/v2\/posts"}],"about":[{"href":"https:\/\/diariolanoticia.com.mx\/index.php?rest_route=\/wp\/v2\/types\/post"}],"author":[{"embeddable":true,"href":"https:\/\/diariolanoticia.com.mx\/index.php?rest_route=\/wp\/v2\/users\/1"}],"replies":[{"embeddable":true,"href":"https:\/\/diariolanoticia.com.mx\/index.php?rest_route=%2Fwp%2Fv2%2Fcomments&post=114840"}],"version-history":[{"count":1,"href":"https:\/\/diariolanoticia.com.mx\/index.php?rest_route=\/wp\/v2\/posts\/114840\/revisions"}],"predecessor-version":[{"id":114842,"href":"https:\/\/diariolanoticia.com.mx\/index.php?rest_route=\/wp\/v2\/posts\/114840\/revisions\/114842"}],"wp:featuredmedia":[{"embeddable":true,"href":"https:\/\/diariolanoticia.com.mx\/index.php?rest_route=\/wp\/v2\/media\/114841"}],"wp:attachment":[{"href":"https:\/\/diariolanoticia.com.mx\/index.php?rest_route=%2Fwp%2Fv2%2Fmedia&parent=114840"}],"wp:term":[{"taxonomy":"category","embeddable":true,"href":"https:\/\/diariolanoticia.com.mx\/index.php?rest_route=%2Fwp%2Fv2%2Fcategories&post=114840"},{"taxonomy":"post_tag","embeddable":true,"href":"https:\/\/diariolanoticia.com.mx\/index.php?rest_route=%2Fwp%2Fv2%2Ftags&post=114840"}],"curies":[{"name":"wp","href":"https:\/\/api.w.org\/{rel}","templated":true}]}}