{"id":114912,"date":"2023-10-04T11:11:33","date_gmt":"2023-10-04T17:11:33","guid":{"rendered":"https:\/\/diariolanoticia.com.mx\/?p=114912"},"modified":"2023-10-05T11:12:05","modified_gmt":"2023-10-05T17:12:05","slug":"musica-y-creaciones-artesanales-en-tlaxcala-capital","status":"publish","type":"post","link":"https:\/\/diariolanoticia.com.mx\/?p=114912","title":{"rendered":"M\u00fasica y creaciones artesanales en Tlaxcala Capital"},"content":{"rendered":"\n<p>El fin de semana, la m\u00fasica vers\u00e1til, norte\u00f1o banda y el rock, adem\u00e1s de las creaciones artesanales, estuvieron presentes en las actividades art\u00edstico &#8211; culturales que organiza el Ayuntamiento capitalino. <\/p>\n\n\n\n<p>El s\u00e1bado, la actividad se inici\u00f3 con el dueto de m\u00fasica andina \u201cAlma Mestiza, seguido de V\u00edctor S\u00e1nchez, qu\u00e9 con su guitarra, present\u00f3 lo mejor de temas de trova e instrumental y tras una lluvia que se registr\u00f3 en la capital del estado, la m\u00fasica norte\u00f1o -banda, cerr\u00f3 con broche de oro a trav\u00e9s del grupo \u201cLos de Grann Reey\u201d.<\/p>\n\n\n\n<p>Las actividades del fin de semana en Tlaxcala Capital, tuvieron broche de oro, con la combinaci\u00f3n de la m\u00fasica regional mexicana y vers\u00e1til, las creaciones artesanales y pasarelas de moda as\u00ed como la imposici\u00f3n de bandas municipales a aspirantes al t\u00edtulo Miss Tlaxcala 2023.<\/p>\n\n\n\n<p>La m\u00fasica estuvo a cargo de Marco Sampayo, Alma Nava, Patty Delgado y Sergio Roo con el concepto Esencia Musical y Julien Su\u00e1rez, con lo mejor de la m\u00fasica del Rock.Angela De La Vega, Miss Tequexquitla; Yeshika Carrillo, Miss Tetla; Montserrat Mellado, Miss Apizaco; Amayrany Castillo, Miss Tetla y Dany Vel\u00e1zquez, Miss Tlaxcala Capital, recibieron su banda oficial, esta ultima de manos de Edgar Zamudio, Director de Turismo en representante de la presidenta municipal de Tlaxcala Maribel P\u00e9rez Arenas.<\/p>\n\n\n\n<p><a href=\"https:\/\/www.facebook.com\/hashtag\/tlaxcalacapitalorigendem%C3%A9xico?__eep__=6&amp;__cft__[0]=AZUPbd9FgfwnPHSnblRaZUalAZWQ8KECVfJBnbUrIgZutkDGhYKZRee0N-BmxjUx6HJ5cD8xood9F4SXYT00UByIK6Tmoxw0k0G8CNq_f3G2kr5oQTbfHrbL4q7b18n4HEtuNB_KlJhQJAluIJnoGoHw-BbStdFWAvVWa2CkiJc2CGkMpbPwg9kXpl_fHcu0og8&amp;__tn__=*NK-R\">#tlaxcalacapitalorigendem\u00e9xico<\/a><img loading=\"lazy\" decoding=\"async\" height=\"16\" width=\"16\" alt=\"\u2728\" src=\"https:\/\/static.xx.fbcdn.net\/images\/emoji.php\/v9\/tf4\/1\/16\/2728.png\"><\/p>\n","protected":false},"excerpt":{"rendered":"<p>El fin de semana, la m\u00fasica vers\u00e1til, norte\u00f1o banda y el rock, adem\u00e1s de las creaciones artesanales, estuvieron presentes en las actividades art\u00edstico &#8211; culturales que organiza el Ayuntamiento capitalino. El s\u00e1bado, la actividad se inici\u00f3 con el dueto de m\u00fasica andina \u201cAlma Mestiza, seguido de V\u00edctor S\u00e1nchez, qu\u00e9 con su guitarra, present\u00f3 lo mejor [&hellip;]<\/p>\n","protected":false},"author":1,"featured_media":114913,"comment_status":"open","ping_status":"open","sticky":false,"template":"","format":"standard","meta":{"footnotes":""},"categories":[17],"tags":[],"class_list":["post-114912","post","type-post","status-publish","format-standard","has-post-thumbnail","hentry","category-tlaxcala"],"blog_post_layout_featured_media_urls":{"thumbnail":["https:\/\/diariolanoticia.com.mx\/wp-content\/uploads\/2023\/10\/375552545_320409957182556_5151238417940235087_n-216x160.jpg",216,160,true],"full":["https:\/\/diariolanoticia.com.mx\/wp-content\/uploads\/2023\/10\/375552545_320409957182556_5151238417940235087_n.jpg",1280,852,false]},"categories_names":{"17":{"name":"Tlaxcala","link":"https:\/\/diariolanoticia.com.mx\/?cat=17"}},"tags_names":[],"comments_number":"0","wpmagazine_modules_lite_featured_media_urls":{"thumbnail":["https:\/\/diariolanoticia.com.mx\/wp-content\/uploads\/2023\/10\/375552545_320409957182556_5151238417940235087_n-216x160.jpg",216,160,true],"cvmm-medium":["https:\/\/diariolanoticia.com.mx\/wp-content\/uploads\/2023\/10\/375552545_320409957182556_5151238417940235087_n-300x300.jpg",300,300,true],"cvmm-medium-plus":["https:\/\/diariolanoticia.com.mx\/wp-content\/uploads\/2023\/10\/375552545_320409957182556_5151238417940235087_n-305x207.jpg",305,207,true],"cvmm-portrait":["https:\/\/diariolanoticia.com.mx\/wp-content\/uploads\/2023\/10\/375552545_320409957182556_5151238417940235087_n-400x600.jpg",400,600,true],"cvmm-medium-square":["https:\/\/diariolanoticia.com.mx\/wp-content\/uploads\/2023\/10\/375552545_320409957182556_5151238417940235087_n-600x600.jpg",600,600,true],"cvmm-large":["https:\/\/diariolanoticia.com.mx\/wp-content\/uploads\/2023\/10\/375552545_320409957182556_5151238417940235087_n-1024x852.jpg",1024,852,true],"cvmm-small":["https:\/\/diariolanoticia.com.mx\/wp-content\/uploads\/2023\/10\/375552545_320409957182556_5151238417940235087_n-130x95.jpg",130,95,true],"full":["https:\/\/diariolanoticia.com.mx\/wp-content\/uploads\/2023\/10\/375552545_320409957182556_5151238417940235087_n.jpg",1280,852,false]},"_links":{"self":[{"href":"https:\/\/diariolanoticia.com.mx\/index.php?rest_route=\/wp\/v2\/posts\/114912","targetHints":{"allow":["GET"]}}],"collection":[{"href":"https:\/\/diariolanoticia.com.mx\/index.php?rest_route=\/wp\/v2\/posts"}],"about":[{"href":"https:\/\/diariolanoticia.com.mx\/index.php?rest_route=\/wp\/v2\/types\/post"}],"author":[{"embeddable":true,"href":"https:\/\/diariolanoticia.com.mx\/index.php?rest_route=\/wp\/v2\/users\/1"}],"replies":[{"embeddable":true,"href":"https:\/\/diariolanoticia.com.mx\/index.php?rest_route=%2Fwp%2Fv2%2Fcomments&post=114912"}],"version-history":[{"count":2,"href":"https:\/\/diariolanoticia.com.mx\/index.php?rest_route=\/wp\/v2\/posts\/114912\/revisions"}],"predecessor-version":[{"id":114915,"href":"https:\/\/diariolanoticia.com.mx\/index.php?rest_route=\/wp\/v2\/posts\/114912\/revisions\/114915"}],"wp:featuredmedia":[{"embeddable":true,"href":"https:\/\/diariolanoticia.com.mx\/index.php?rest_route=\/wp\/v2\/media\/114913"}],"wp:attachment":[{"href":"https:\/\/diariolanoticia.com.mx\/index.php?rest_route=%2Fwp%2Fv2%2Fmedia&parent=114912"}],"wp:term":[{"taxonomy":"category","embeddable":true,"href":"https:\/\/diariolanoticia.com.mx\/index.php?rest_route=%2Fwp%2Fv2%2Fcategories&post=114912"},{"taxonomy":"post_tag","embeddable":true,"href":"https:\/\/diariolanoticia.com.mx\/index.php?rest_route=%2Fwp%2Fv2%2Ftags&post=114912"}],"curies":[{"name":"wp","href":"https:\/\/api.w.org\/{rel}","templated":true}]}}