{"id":115005,"date":"2023-10-05T16:04:38","date_gmt":"2023-10-05T22:04:38","guid":{"rendered":"https:\/\/diariolanoticia.com.mx\/?p=115005"},"modified":"2023-10-05T16:04:38","modified_gmt":"2023-10-05T22:04:38","slug":"trasladaran-poderes-a-calpulalpan-por-un-dia-en-conmemoracion-del-149-aniversario-de-su-anexion-a-tlaxcala","status":"publish","type":"post","link":"https:\/\/diariolanoticia.com.mx\/?p=115005","title":{"rendered":"Trasladar\u00e1n poderes a Calpulalpan por un d\u00eda en conmemoraci\u00f3n del 149 aniversario de su anexi\u00f3n a Tlaxcala"},"content":{"rendered":"\n<p><em>\u2022 Ser\u00e1 el 16 de octubre del presente a\u00f1o, que se trasladen los tres Poderes a este municipio.<\/em><\/p>\n\n\n\n<p>Tlaxcala, Tlax., a 05 de octubre de 2023<\/p>\n\n\n\n<p>Las y los diputados integrantes de la LXIV Legislatura del Congreso local, aprobaron el dictamen con proyecto de Decreto por el que declara Capital del Estado de Tlaxcala a la Heroica Ciudad de Calpulalpan, Tlaxcala durante el 16 de octubre de 2023, con el objeto de conmemorar el CXLIX aniversario de su anexi\u00f3n al territorio tlaxcalteca.<\/p>\n\n\n\n<p>A fin de reconocer la importancia hist\u00f3rica que tiene Calpulalpan y de celebrar el decreto aprobado por el presidente de la Rep\u00fablica Valent\u00edn G\u00f3mez Far\u00edas, en el que se determin\u00f3 que Calpulalpan se uniera al territorio tlaxcalteca y se declarara d\u00eda de fiesta en el Estado, el 16 de octubre de todos los a\u00f1os, los legisladores aprobaron el traslado de los tres poderes a este municipio.<\/p>\n\n\n\n<p>De esta manera, los poderes Ejecutivo, Legislativo y Judicial del Estado, deber\u00e1n trasladarse a la Heroica Ciudad de Calpulalpan, el 16 de octubre, donde adem\u00e1s se declara las instalaciones que ocupa el Ayuntamiento del Municipio de Calpulalpan, Recinto Oficial del Pleno del Congreso del Estado, durante este d\u00eda.<\/p>\n\n\n\n<p>En voz del diputado Ever Alejandro Campech Avelar, se destac\u00f3 que la LXIV Legislatura del Congreso del Estado, con motivo de esta celebraci\u00f3n celebrar\u00e1 Sesi\u00f3n Extraordinaria P\u00fablica y Solemne a las 11:00 horas, en el Sal\u00f3n de Cabildos del Ayuntamiento de Calpulalpan.<\/p>\n\n\n\n<p>Es as\u00ed que se efectuar\u00e1 el traslado de los tres poderes a la heroica Ciudad de Calpulalpan, capital por un d\u00eda del Estado y en conmemoraci\u00f3n de su CXLIX aniversario de su anexi\u00f3n a la entidad tlaxcalteca.<\/p>\n","protected":false},"excerpt":{"rendered":"<p>\u2022 Ser\u00e1 el 16 de octubre del presente a\u00f1o, que se trasladen los tres Poderes a este municipio. Tlaxcala, Tlax., a 05 de octubre de 2023 Las y los diputados integrantes de la LXIV Legislatura del Congreso local, aprobaron el dictamen con proyecto de Decreto por el que declara Capital del Estado de Tlaxcala a [&hellip;]<\/p>\n","protected":false},"author":1,"featured_media":115006,"comment_status":"open","ping_status":"open","sticky":false,"template":"","format":"standard","meta":{"footnotes":""},"categories":[22],"tags":[],"class_list":["post-115005","post","type-post","status-publish","format-standard","has-post-thumbnail","hentry","category-congreso"],"blog_post_layout_featured_media_urls":{"thumbnail":["https:\/\/diariolanoticia.com.mx\/wp-content\/uploads\/2023\/10\/Unknown-2-216x160.jpeg",216,160,true],"full":["https:\/\/diariolanoticia.com.mx\/wp-content\/uploads\/2023\/10\/Unknown-2.jpeg",1024,684,false]},"categories_names":{"22":{"name":"Congreso","link":"https:\/\/diariolanoticia.com.mx\/?cat=22"}},"tags_names":[],"comments_number":"0","wpmagazine_modules_lite_featured_media_urls":{"thumbnail":["https:\/\/diariolanoticia.com.mx\/wp-content\/uploads\/2023\/10\/Unknown-2-216x160.jpeg",216,160,true],"cvmm-medium":["https:\/\/diariolanoticia.com.mx\/wp-content\/uploads\/2023\/10\/Unknown-2-300x300.jpeg",300,300,true],"cvmm-medium-plus":["https:\/\/diariolanoticia.com.mx\/wp-content\/uploads\/2023\/10\/Unknown-2-305x207.jpeg",305,207,true],"cvmm-portrait":["https:\/\/diariolanoticia.com.mx\/wp-content\/uploads\/2023\/10\/Unknown-2-400x600.jpeg",400,600,true],"cvmm-medium-square":["https:\/\/diariolanoticia.com.mx\/wp-content\/uploads\/2023\/10\/Unknown-2-600x600.jpeg",600,600,true],"cvmm-large":["https:\/\/diariolanoticia.com.mx\/wp-content\/uploads\/2023\/10\/Unknown-2.jpeg",1024,684,false],"cvmm-small":["https:\/\/diariolanoticia.com.mx\/wp-content\/uploads\/2023\/10\/Unknown-2-130x95.jpeg",130,95,true],"full":["https:\/\/diariolanoticia.com.mx\/wp-content\/uploads\/2023\/10\/Unknown-2.jpeg",1024,684,false]},"_links":{"self":[{"href":"https:\/\/diariolanoticia.com.mx\/index.php?rest_route=\/wp\/v2\/posts\/115005","targetHints":{"allow":["GET"]}}],"collection":[{"href":"https:\/\/diariolanoticia.com.mx\/index.php?rest_route=\/wp\/v2\/posts"}],"about":[{"href":"https:\/\/diariolanoticia.com.mx\/index.php?rest_route=\/wp\/v2\/types\/post"}],"author":[{"embeddable":true,"href":"https:\/\/diariolanoticia.com.mx\/index.php?rest_route=\/wp\/v2\/users\/1"}],"replies":[{"embeddable":true,"href":"https:\/\/diariolanoticia.com.mx\/index.php?rest_route=%2Fwp%2Fv2%2Fcomments&post=115005"}],"version-history":[{"count":1,"href":"https:\/\/diariolanoticia.com.mx\/index.php?rest_route=\/wp\/v2\/posts\/115005\/revisions"}],"predecessor-version":[{"id":115007,"href":"https:\/\/diariolanoticia.com.mx\/index.php?rest_route=\/wp\/v2\/posts\/115005\/revisions\/115007"}],"wp:featuredmedia":[{"embeddable":true,"href":"https:\/\/diariolanoticia.com.mx\/index.php?rest_route=\/wp\/v2\/media\/115006"}],"wp:attachment":[{"href":"https:\/\/diariolanoticia.com.mx\/index.php?rest_route=%2Fwp%2Fv2%2Fmedia&parent=115005"}],"wp:term":[{"taxonomy":"category","embeddable":true,"href":"https:\/\/diariolanoticia.com.mx\/index.php?rest_route=%2Fwp%2Fv2%2Fcategories&post=115005"},{"taxonomy":"post_tag","embeddable":true,"href":"https:\/\/diariolanoticia.com.mx\/index.php?rest_route=%2Fwp%2Fv2%2Ftags&post=115005"}],"curies":[{"name":"wp","href":"https:\/\/api.w.org\/{rel}","templated":true}]}}