{"id":115086,"date":"2023-09-15T14:41:20","date_gmt":"2023-09-15T20:41:20","guid":{"rendered":"https:\/\/diariolanoticia.com.mx\/?p=115086"},"modified":"2023-10-09T14:41:32","modified_gmt":"2023-10-09T20:41:32","slug":"da-ultimo-grito-de-independencia-presidente-de-tetla-andres-ramirez-galicia","status":"publish","type":"post","link":"https:\/\/diariolanoticia.com.mx\/?p=115086","title":{"rendered":"Da \u00faltimo Grito de Independencia, presidente de Tetla, Andr\u00e9s Ram\u00edrez Galicia"},"content":{"rendered":"\n<p>Fue en el balc\u00f3n de la alcald\u00eda, que el edil record\u00f3 a los h\u00e9roes que nos dieron patria y libertadLa noche de este 15 de septiembre, el presidente municipal de Tetla de la Solidaridad, Andr\u00e9s Ram\u00edrez Galicia, acompa\u00f1ado de la presidenta honorifica del Sistema Municipal para el Desarrollo Integral de la Familia (SMDIF), Catalina Salom\u00e9 Vargas P\u00e9rez, miembros del cabildo, y ciudadanos tetlenses, dio el \u00faltimo Grito de Independencia.En su mensaje a los presentes, record\u00f3 aquel acontecimiento que ocurri\u00f3 la madrugada del 16 de septiembre de 1810, mediante el llamado al levantamiento armado por el Cura Miguel Hidalgo y Costilla e Ignacio Allende en Dolores Hidalgo, Guanajuato.Resalt\u00f3 que, nos debemos sentir orgullosos de aquellos hombre y mujeres, que sin temor a la muerte lucharon para que el pa\u00eds no tuviera opresores, \u201choy nosotros debemos luchar porque M\u00e9xico crezca, en materia econ\u00f3mica, tur\u00edstica e igualdad\u201d, acot\u00f3.Posterior al evento, se hizo un espect\u00e1culo de pirotecnia y se dio paso a la verbena popular y el baile que fue engalanado por Ke Mexicano Show y posteriormente se tuvo la participaci\u00f3n de Zaida, la Negra Dinamita.Hay que hacer menci\u00f3n que durante, este festejo se realiz\u00f3 un operativo especial, en el que participo la Direcci\u00f3n de Seguridad P\u00fablica, Polic\u00eda Estatal y Protecci\u00f3n Civil Municipal.<\/p>\n","protected":false},"excerpt":{"rendered":"<p>Fue en el balc\u00f3n de la alcald\u00eda, que el edil record\u00f3 a los h\u00e9roes que nos dieron patria y libertadLa noche de este 15 de septiembre, el presidente municipal de Tetla de la Solidaridad, Andr\u00e9s Ram\u00edrez Galicia, acompa\u00f1ado de la presidenta honorifica del Sistema Municipal para el Desarrollo Integral de la Familia (SMDIF), Catalina Salom\u00e9 [&hellip;]<\/p>\n","protected":false},"author":1,"featured_media":115087,"comment_status":"open","ping_status":"open","sticky":false,"template":"","format":"standard","meta":{"footnotes":""},"categories":[37],"tags":[],"class_list":["post-115086","post","type-post","status-publish","format-standard","has-post-thumbnail","hentry","category-tetla"],"blog_post_layout_featured_media_urls":{"thumbnail":["https:\/\/diariolanoticia.com.mx\/wp-content\/uploads\/2023\/10\/378396585_350706070620985_3854199772627615319_n-216x160.jpg",216,160,true],"full":["https:\/\/diariolanoticia.com.mx\/wp-content\/uploads\/2023\/10\/378396585_350706070620985_3854199772627615319_n.jpg",987,1088,false]},"categories_names":{"37":{"name":"Tetla","link":"https:\/\/diariolanoticia.com.mx\/?cat=37"}},"tags_names":[],"comments_number":"0","wpmagazine_modules_lite_featured_media_urls":{"thumbnail":["https:\/\/diariolanoticia.com.mx\/wp-content\/uploads\/2023\/10\/378396585_350706070620985_3854199772627615319_n-216x160.jpg",216,160,true],"cvmm-medium":["https:\/\/diariolanoticia.com.mx\/wp-content\/uploads\/2023\/10\/378396585_350706070620985_3854199772627615319_n-300x300.jpg",300,300,true],"cvmm-medium-plus":["https:\/\/diariolanoticia.com.mx\/wp-content\/uploads\/2023\/10\/378396585_350706070620985_3854199772627615319_n-305x207.jpg",305,207,true],"cvmm-portrait":["https:\/\/diariolanoticia.com.mx\/wp-content\/uploads\/2023\/10\/378396585_350706070620985_3854199772627615319_n-400x600.jpg",400,600,true],"cvmm-medium-square":["https:\/\/diariolanoticia.com.mx\/wp-content\/uploads\/2023\/10\/378396585_350706070620985_3854199772627615319_n-600x600.jpg",600,600,true],"cvmm-large":["https:\/\/diariolanoticia.com.mx\/wp-content\/uploads\/2023\/10\/378396585_350706070620985_3854199772627615319_n-987x1024.jpg",987,1024,true],"cvmm-small":["https:\/\/diariolanoticia.com.mx\/wp-content\/uploads\/2023\/10\/378396585_350706070620985_3854199772627615319_n-130x95.jpg",130,95,true],"full":["https:\/\/diariolanoticia.com.mx\/wp-content\/uploads\/2023\/10\/378396585_350706070620985_3854199772627615319_n.jpg",987,1088,false]},"_links":{"self":[{"href":"https:\/\/diariolanoticia.com.mx\/index.php?rest_route=\/wp\/v2\/posts\/115086","targetHints":{"allow":["GET"]}}],"collection":[{"href":"https:\/\/diariolanoticia.com.mx\/index.php?rest_route=\/wp\/v2\/posts"}],"about":[{"href":"https:\/\/diariolanoticia.com.mx\/index.php?rest_route=\/wp\/v2\/types\/post"}],"author":[{"embeddable":true,"href":"https:\/\/diariolanoticia.com.mx\/index.php?rest_route=\/wp\/v2\/users\/1"}],"replies":[{"embeddable":true,"href":"https:\/\/diariolanoticia.com.mx\/index.php?rest_route=%2Fwp%2Fv2%2Fcomments&post=115086"}],"version-history":[{"count":1,"href":"https:\/\/diariolanoticia.com.mx\/index.php?rest_route=\/wp\/v2\/posts\/115086\/revisions"}],"predecessor-version":[{"id":115088,"href":"https:\/\/diariolanoticia.com.mx\/index.php?rest_route=\/wp\/v2\/posts\/115086\/revisions\/115088"}],"wp:featuredmedia":[{"embeddable":true,"href":"https:\/\/diariolanoticia.com.mx\/index.php?rest_route=\/wp\/v2\/media\/115087"}],"wp:attachment":[{"href":"https:\/\/diariolanoticia.com.mx\/index.php?rest_route=%2Fwp%2Fv2%2Fmedia&parent=115086"}],"wp:term":[{"taxonomy":"category","embeddable":true,"href":"https:\/\/diariolanoticia.com.mx\/index.php?rest_route=%2Fwp%2Fv2%2Fcategories&post=115086"},{"taxonomy":"post_tag","embeddable":true,"href":"https:\/\/diariolanoticia.com.mx\/index.php?rest_route=%2Fwp%2Fv2%2Ftags&post=115086"}],"curies":[{"name":"wp","href":"https:\/\/api.w.org\/{rel}","templated":true}]}}