{"id":115271,"date":"2023-10-11T16:45:23","date_gmt":"2023-10-11T22:45:23","guid":{"rendered":"https:\/\/diariolanoticia.com.mx\/?p=115271"},"modified":"2023-10-11T16:45:23","modified_gmt":"2023-10-11T22:45:23","slug":"atestigua-gobernadora-ceremonia-para-reconocer-el-arte-efimero-de-huamantla","status":"publish","type":"post","link":"https:\/\/diariolanoticia.com.mx\/?p=115271","title":{"rendered":"ATESTIGUA GOBERNADORA CEREMONIA PARA RECONOCER EL ARTE EF\u00cdMERO DE HUAMANTLA"},"content":{"rendered":"\n<p>*Con el que se busca reconocer la \u201celaboraci\u00f3n de las alfombras y tapetes de Huamantla, fiesta y tradici\u00f3n de arte ef\u00edmero\u201d<\/p>\n\n\n\n<p>La gobernadora Lorena Cu\u00e9llar Cisneros encabez\u00f3 la entrega de la \u201cConstancia de registro en el inventario del Patrimonio Cultural Inmaterial de M\u00e9xico, de la elaboraci\u00f3n de las alfombras y tapetes de Huamantla, fiesta y tradici\u00f3n del arte ef\u00edmero\u201d, efectuada en la bas\u00edlica de Nuestra Se\u00f1ora de la Caridad del municipio.<\/p>\n\n\n\n<p>En su mensaje, indic\u00f3 que el documento recibido hace justicia a la importancia que representa dicha expresi\u00f3n art\u00edstica y comunitaria, y destac\u00f3 que es la primera manifestaci\u00f3n cultural del estado en ser considerada por la Comisi\u00f3n Nacional de Patrimonio Cultural e Inmaterial para convertirse en patrimonio nacional.<\/p>\n\n\n\n<p>Cu\u00e9llar Cisneros asegur\u00f3 que su gobierno estar\u00e1 pendiente de todo el proceso, \u201cs\u00e9 que lo vamos a lograr, estamos aqu\u00ed porque hoy toda la comunidad est\u00e1 unida y trabajaremos hasta lograrlo, las alfombras y tapetes ef\u00edmeros de Huamantla son una expresi\u00f3n viva del enorme poder que poseen las comunidades en la conservaci\u00f3n y difusi\u00f3n del trabajo cultural, solidario hecho con amor\u201d.<\/p>\n\n\n\n<p>Durante su intervenci\u00f3n, el titular de la Secretar\u00eda de Cultura (SC), Antonio Mart\u00ednez Vel\u00e1zquez dio a conocer que la Organizaci\u00f3n de las Naciones Unidas para la Educaci\u00f3n, la Ciencia y la Cultura (Unesco) tiene registradas 320 manifestaciones culturales de M\u00e9xico del patrimonio cultural inmaterial, pero ninguna de la entidad.<\/p>\n\n\n\n<p>Por ello, refiri\u00f3 que \u201ces un hecho sin precedentes, es sorprendente que no haya ninguna registrada, pues Tlaxcala es una potencia cultural debido a que tenemos las manifestaciones culturales m\u00e1s ricas, m\u00e1s originales y m\u00e1s particulares de toda la Rep\u00fablica Mexicana y la historia de Tlaxcala demuestra que ha sembrado culturalmente m\u00e1s manifestaciones\u201d.<\/p>\n\n\n\n<p>A su vez, en representaci\u00f3n de la Comisi\u00f3n Nacional del Patrimonio Cultural Inmaterial, la directora del Patrimonio Mundial del Instituto Nacional de Antropolog\u00eda e Historia (INAH), Luz de Lourdes Herbert de Pesquera explic\u00f3 que el proceso para ingresar a las alfombras en la lista de la Unesco inici\u00f3 hace tres a\u00f1os.<\/p>\n\n\n\n<p>Agreg\u00f3 que \u201cpara lograr esto, es nuestra responsabilidad y compromiso como dependencias garantizar procesos de reconocimiento y activaci\u00f3n patrimonial que est\u00e9 100 por ciento basados en participaci\u00f3n y consentimiento comunitario, porque el fin es garantizar la salvaguardia del Patrimonio Cultural Inmaterial y no solo llevar a cabo acciones temporales que benefician a algunos o caigan en el olvido\u201d.<\/p>\n\n\n\n<p>En su oportunidad, el alfombrista Seraf\u00edn de la Luz L\u00f3pez agradeci\u00f3 el apoyo que han recibido por parte de las autoridades de los diferentes niveles de gobierno, al tiempo que se\u00f1al\u00f3 que \u201ces un sue\u00f1o de hace muchos a\u00f1os, que ahora con el esfuerzo y la tenacidad de todas las autoridades se hace realidad\u201d.<\/p>\n\n\n\n<p>Adem\u00e1s, el representante de los grupos de alfombristas de las festividades de la Virgen de la Caridad, Remigio Leal L\u00f3pez consider\u00f3 que las alfombras representan el trabajo colaborativo, gratitud y respeto hacia su cultura y devoci\u00f3n; la cual es compartida por \u201cabuelos, hijos, nietos y varias generaciones que participan en esta gran celebraci\u00f3n\u201d.<\/p>\n\n\n\n<p>Asimismo, a nombre de la cofrad\u00eda de bordadoras de Manto y Vestido de la Virgen de la Caridad, Elvira Hern\u00e1ndez Torres felicit\u00f3 a los artesanos que se han dedicado a elaborar alfombras por varios a\u00f1os, pues gracias a su arte Tlaxcala va a sobresalir a nivel nacional e internacional por esta actividad.<\/p>\n","protected":false},"excerpt":{"rendered":"<p>*Con el que se busca reconocer la \u201celaboraci\u00f3n de las alfombras y tapetes de Huamantla, fiesta y tradici\u00f3n de arte ef\u00edmero\u201d La gobernadora Lorena Cu\u00e9llar Cisneros encabez\u00f3 la entrega de la \u201cConstancia de registro en el inventario del Patrimonio Cultural Inmaterial de M\u00e9xico, de la elaboraci\u00f3n de las alfombras y tapetes de Huamantla, fiesta y [&hellip;]<\/p>\n","protected":false},"author":1,"featured_media":115272,"comment_status":"open","ping_status":"open","sticky":false,"template":"","format":"standard","meta":{"footnotes":""},"categories":[21],"tags":[],"class_list":["post-115271","post","type-post","status-publish","format-standard","has-post-thumbnail","hentry","category-estatal"],"blog_post_layout_featured_media_urls":{"thumbnail":["https:\/\/diariolanoticia.com.mx\/wp-content\/uploads\/2023\/10\/WhatsApp-Image-2023-10-11-at-16.42.00-216x160.jpeg",216,160,true],"full":["https:\/\/diariolanoticia.com.mx\/wp-content\/uploads\/2023\/10\/WhatsApp-Image-2023-10-11-at-16.42.00.jpeg",1600,1066,false]},"categories_names":{"21":{"name":"Estatal","link":"https:\/\/diariolanoticia.com.mx\/?cat=21"}},"tags_names":[],"comments_number":"0","wpmagazine_modules_lite_featured_media_urls":{"thumbnail":["https:\/\/diariolanoticia.com.mx\/wp-content\/uploads\/2023\/10\/WhatsApp-Image-2023-10-11-at-16.42.00-216x160.jpeg",216,160,true],"cvmm-medium":["https:\/\/diariolanoticia.com.mx\/wp-content\/uploads\/2023\/10\/WhatsApp-Image-2023-10-11-at-16.42.00-300x300.jpeg",300,300,true],"cvmm-medium-plus":["https:\/\/diariolanoticia.com.mx\/wp-content\/uploads\/2023\/10\/WhatsApp-Image-2023-10-11-at-16.42.00-305x207.jpeg",305,207,true],"cvmm-portrait":["https:\/\/diariolanoticia.com.mx\/wp-content\/uploads\/2023\/10\/WhatsApp-Image-2023-10-11-at-16.42.00-400x600.jpeg",400,600,true],"cvmm-medium-square":["https:\/\/diariolanoticia.com.mx\/wp-content\/uploads\/2023\/10\/WhatsApp-Image-2023-10-11-at-16.42.00-600x600.jpeg",600,600,true],"cvmm-large":["https:\/\/diariolanoticia.com.mx\/wp-content\/uploads\/2023\/10\/WhatsApp-Image-2023-10-11-at-16.42.00-1024x1024.jpeg",1024,1024,true],"cvmm-small":["https:\/\/diariolanoticia.com.mx\/wp-content\/uploads\/2023\/10\/WhatsApp-Image-2023-10-11-at-16.42.00-130x95.jpeg",130,95,true],"full":["https:\/\/diariolanoticia.com.mx\/wp-content\/uploads\/2023\/10\/WhatsApp-Image-2023-10-11-at-16.42.00.jpeg",1600,1066,false]},"_links":{"self":[{"href":"https:\/\/diariolanoticia.com.mx\/index.php?rest_route=\/wp\/v2\/posts\/115271","targetHints":{"allow":["GET"]}}],"collection":[{"href":"https:\/\/diariolanoticia.com.mx\/index.php?rest_route=\/wp\/v2\/posts"}],"about":[{"href":"https:\/\/diariolanoticia.com.mx\/index.php?rest_route=\/wp\/v2\/types\/post"}],"author":[{"embeddable":true,"href":"https:\/\/diariolanoticia.com.mx\/index.php?rest_route=\/wp\/v2\/users\/1"}],"replies":[{"embeddable":true,"href":"https:\/\/diariolanoticia.com.mx\/index.php?rest_route=%2Fwp%2Fv2%2Fcomments&post=115271"}],"version-history":[{"count":1,"href":"https:\/\/diariolanoticia.com.mx\/index.php?rest_route=\/wp\/v2\/posts\/115271\/revisions"}],"predecessor-version":[{"id":115273,"href":"https:\/\/diariolanoticia.com.mx\/index.php?rest_route=\/wp\/v2\/posts\/115271\/revisions\/115273"}],"wp:featuredmedia":[{"embeddable":true,"href":"https:\/\/diariolanoticia.com.mx\/index.php?rest_route=\/wp\/v2\/media\/115272"}],"wp:attachment":[{"href":"https:\/\/diariolanoticia.com.mx\/index.php?rest_route=%2Fwp%2Fv2%2Fmedia&parent=115271"}],"wp:term":[{"taxonomy":"category","embeddable":true,"href":"https:\/\/diariolanoticia.com.mx\/index.php?rest_route=%2Fwp%2Fv2%2Fcategories&post=115271"},{"taxonomy":"post_tag","embeddable":true,"href":"https:\/\/diariolanoticia.com.mx\/index.php?rest_route=%2Fwp%2Fv2%2Ftags&post=115271"}],"curies":[{"name":"wp","href":"https:\/\/api.w.org\/{rel}","templated":true}]}}