{"id":115274,"date":"2023-10-11T16:47:09","date_gmt":"2023-10-11T22:47:09","guid":{"rendered":"https:\/\/diariolanoticia.com.mx\/?p=115274"},"modified":"2023-10-11T16:47:10","modified_gmt":"2023-10-11T22:47:10","slug":"inicia-uatx-con-trigesima-semana-del-historiador","status":"publish","type":"post","link":"https:\/\/diariolanoticia.com.mx\/?p=115274","title":{"rendered":"Inicia UATx con trig\u00e9sima semana del historiador"},"content":{"rendered":"\n<p>Con el objetivo de propiciar un foro para discutir, reflexionar e impulsar el intercambio acad\u00e9mico, la Universidad Aut\u00f3noma de Tlaxcala (UATx), a trav\u00e9s de la Facultad de Filosof\u00eda y Letras, lleva a cabo la XXX Semana del Historiador, con el tema: \u00abLas perspectivas y construcciones de los procesos hist\u00f3ricos de M\u00e9xico de la colonia a la \u00e9poca actual\u00bb, organizado por los estudiantes de s\u00e9ptimo semestre de la Licenciatura en Historia, la cual concluye el pr\u00f3ximo 13 de octubre.<\/p>\n\n\n\n<p>Al hacer uso de la voz, el Rector de la UATx, Doctor Seraf\u00edn Ortiz Ortiz, se\u00f1al\u00f3 que la Universidad es la \u00fanica posibilidad en la sociedad mexicana de recomponer el tejido social en el escenario dram\u00e1tico que vive la rep\u00fablica, pues dijo, las Instituciones de Educaci\u00f3n Superior (IES) tenemos un gran compromiso para hacer que, a trav\u00e9s de las generaciones de educandos, se abata lo que en nuestra sociedad se llama anomia, es decir, la p\u00e9rdida de valores y normas.<\/p>\n\n\n\n<p>En este contexto felicit\u00f3 a los alumnos por la decisi\u00f3n de darle continuidad a este congreso, para profundizar en este conocimiento hist\u00f3rico y en las lecturas de la filosof\u00eda, las cuales nos ayudan a orientar el desarrollo de la sociedad en general, incluyendo sus saberes, los horizontes econ\u00f3micos, sociales pol\u00edticos y culturales.&nbsp;<\/p>\n\n\n\n<p>En su oportunidad, la Maestra Ver\u00f3nica Gonz\u00e1lez Quintos, Directora de la Facultad, indic\u00f3 que este encuentro se abre como una oportunidad para que estudiantes e investigadores provenientes de instituciones como la Universidad Veracruzana (UV), Benem\u00e9rita Universidad Aut\u00f3noma de Puebla (BUAP), Universidad Aut\u00f3noma Metropolitana (UAM) Unidades Atzcapotzalco e Iztapalapa y la Universidad de Pamplona de Colombia, analicen y debatan los problemas actuales para enriquecer las perspectivas del oficio del&nbsp; historiador.<\/p>\n\n\n\n<p>Subray\u00f3 que, el problema de la verdad hist\u00f3rica y su elaboraci\u00f3n no s\u00f3lo incumbe al saneamiento interno de esta disciplina, sino tambi\u00e9n al hombre razonable y cultivado, por lo que se pone en tela de juicio el papel de la historia en la cultura, por ello, estos trabajos permitir\u00e1n abonar a las tareas de investigaci\u00f3n y difusi\u00f3n del conocimiento como parte fundamental del Modelo Humanista Integrador basado en Capacidades (MHIC).<\/p>\n\n\n\n<p>Por su parte, Valeria Temoltzin Romero, en representaci\u00f3n de los organizadores, mencion\u00f3 que esta actividad se realiza con el apoyo del Cuerpo Acad\u00e9mico (CA) en Historia, con el prop\u00f3sito de abordar en mesas de trabajo t\u00f3picos como: \u00abHistoriograf\u00eda y filosof\u00eda de la historia\u00bb; \u00abHistoria y educaci\u00f3n\u00bb; \u00abIconograf\u00eda e historia cultural\u00bb; as\u00ed como \u00abHistoria pol\u00edtica y sociedad\u00bb, adem\u00e1s se realizar\u00e1 la conferencia magistral \u00abLas cofrad\u00edas como espacios de poder de la \u00e9lite ind\u00edgena tlaxcalteca, 1519-1750\u00bb, y la presentaci\u00f3n del libro \u00abMaximiliano y Tlaxcala en el II Imperio\u00bb, de la historiadora Lucina M. Toulet Abasolo.<\/p>\n\n\n\n<p>Este acto, cont\u00f3 con la presencia de la Doctora Margarita Mart\u00ednez G\u00f3mez, Secretaria Acad\u00e9mica; de la Maestra Diana Selene Avila Casco, Secretaria de Extensi\u00f3n Universitaria y Difusi\u00f3n Cultural; del Maestro Jos\u00e9 Sa\u00fal Morales S\u00e1nchez, Secretaria de Facultad, as\u00ed como la comunidad docente y estudiantil.<\/p>\n","protected":false},"excerpt":{"rendered":"<p>Con el objetivo de propiciar un foro para discutir, reflexionar e impulsar el intercambio acad\u00e9mico, la Universidad Aut\u00f3noma de Tlaxcala (UATx), a trav\u00e9s de la Facultad de Filosof\u00eda y Letras, lleva a cabo la XXX Semana del Historiador, con el tema: \u00abLas perspectivas y construcciones de los procesos hist\u00f3ricos de M\u00e9xico de la colonia a [&hellip;]<\/p>\n","protected":false},"author":1,"featured_media":115275,"comment_status":"open","ping_status":"open","sticky":false,"template":"","format":"standard","meta":{"footnotes":""},"categories":[10],"tags":[],"class_list":["post-115274","post","type-post","status-publish","format-standard","has-post-thumbnail","hentry","category-educacion"],"blog_post_layout_featured_media_urls":{"thumbnail":["https:\/\/diariolanoticia.com.mx\/wp-content\/uploads\/2023\/10\/11-Inicia-UATx-con-trigesima-semana-del-historiador-216x160.jpg",216,160,true],"full":["https:\/\/diariolanoticia.com.mx\/wp-content\/uploads\/2023\/10\/11-Inicia-UATx-con-trigesima-semana-del-historiador.jpg",2300,1352,false]},"categories_names":{"10":{"name":"Educaci\u00f3n","link":"https:\/\/diariolanoticia.com.mx\/?cat=10"}},"tags_names":[],"comments_number":"0","wpmagazine_modules_lite_featured_media_urls":{"thumbnail":["https:\/\/diariolanoticia.com.mx\/wp-content\/uploads\/2023\/10\/11-Inicia-UATx-con-trigesima-semana-del-historiador-216x160.jpg",216,160,true],"cvmm-medium":["https:\/\/diariolanoticia.com.mx\/wp-content\/uploads\/2023\/10\/11-Inicia-UATx-con-trigesima-semana-del-historiador-300x300.jpg",300,300,true],"cvmm-medium-plus":["https:\/\/diariolanoticia.com.mx\/wp-content\/uploads\/2023\/10\/11-Inicia-UATx-con-trigesima-semana-del-historiador-305x207.jpg",305,207,true],"cvmm-portrait":["https:\/\/diariolanoticia.com.mx\/wp-content\/uploads\/2023\/10\/11-Inicia-UATx-con-trigesima-semana-del-historiador-400x600.jpg",400,600,true],"cvmm-medium-square":["https:\/\/diariolanoticia.com.mx\/wp-content\/uploads\/2023\/10\/11-Inicia-UATx-con-trigesima-semana-del-historiador-600x600.jpg",600,600,true],"cvmm-large":["https:\/\/diariolanoticia.com.mx\/wp-content\/uploads\/2023\/10\/11-Inicia-UATx-con-trigesima-semana-del-historiador-1024x1024.jpg",1024,1024,true],"cvmm-small":["https:\/\/diariolanoticia.com.mx\/wp-content\/uploads\/2023\/10\/11-Inicia-UATx-con-trigesima-semana-del-historiador-130x95.jpg",130,95,true],"full":["https:\/\/diariolanoticia.com.mx\/wp-content\/uploads\/2023\/10\/11-Inicia-UATx-con-trigesima-semana-del-historiador.jpg",2300,1352,false]},"_links":{"self":[{"href":"https:\/\/diariolanoticia.com.mx\/index.php?rest_route=\/wp\/v2\/posts\/115274","targetHints":{"allow":["GET"]}}],"collection":[{"href":"https:\/\/diariolanoticia.com.mx\/index.php?rest_route=\/wp\/v2\/posts"}],"about":[{"href":"https:\/\/diariolanoticia.com.mx\/index.php?rest_route=\/wp\/v2\/types\/post"}],"author":[{"embeddable":true,"href":"https:\/\/diariolanoticia.com.mx\/index.php?rest_route=\/wp\/v2\/users\/1"}],"replies":[{"embeddable":true,"href":"https:\/\/diariolanoticia.com.mx\/index.php?rest_route=%2Fwp%2Fv2%2Fcomments&post=115274"}],"version-history":[{"count":1,"href":"https:\/\/diariolanoticia.com.mx\/index.php?rest_route=\/wp\/v2\/posts\/115274\/revisions"}],"predecessor-version":[{"id":115276,"href":"https:\/\/diariolanoticia.com.mx\/index.php?rest_route=\/wp\/v2\/posts\/115274\/revisions\/115276"}],"wp:featuredmedia":[{"embeddable":true,"href":"https:\/\/diariolanoticia.com.mx\/index.php?rest_route=\/wp\/v2\/media\/115275"}],"wp:attachment":[{"href":"https:\/\/diariolanoticia.com.mx\/index.php?rest_route=%2Fwp%2Fv2%2Fmedia&parent=115274"}],"wp:term":[{"taxonomy":"category","embeddable":true,"href":"https:\/\/diariolanoticia.com.mx\/index.php?rest_route=%2Fwp%2Fv2%2Fcategories&post=115274"},{"taxonomy":"post_tag","embeddable":true,"href":"https:\/\/diariolanoticia.com.mx\/index.php?rest_route=%2Fwp%2Fv2%2Ftags&post=115274"}],"curies":[{"name":"wp","href":"https:\/\/api.w.org\/{rel}","templated":true}]}}