{"id":115341,"date":"2023-10-12T17:03:47","date_gmt":"2023-10-12T23:03:47","guid":{"rendered":"https:\/\/diariolanoticia.com.mx\/?p=115341"},"modified":"2023-10-12T17:03:48","modified_gmt":"2023-10-12T23:03:48","slug":"fuerza-por-tlaxcala-robustece-su-estructura-con-la-adhesion-de-lideres-politicos-en-el-estado","status":"publish","type":"post","link":"https:\/\/diariolanoticia.com.mx\/?p=115341","title":{"rendered":"\u201cFuerza por Tlaxcala\u201d robustece su estructura con la adhesi\u00f3n de l\u00edderes pol\u00edticos en el estado"},"content":{"rendered":"\n<p>En seguimiento a la agenda de trabajo del proyecto pol\u00edtico \u201cFuerza por Tlaxcala\u201d, la estructura de dicho movimiento realiz\u00f3 su m\u00e1s reciente reuni\u00f3n de acercamiento con distintos l\u00edderes de varias regiones del estado con la intenci\u00f3n de reforzar las estrategias tendentes a ubicarse como una plataforma pol\u00edtica s\u00f3lida en Tlaxcala.<\/p>\n\n\n\n<p>El Movimiento \u201cFuerza por Tlaxcala\u201d que encuentra el liderazgo de la actual Diputada local Blanca \u00c1guila Lima como principal activo pol\u00edtico, ha establecido una agenda de trabajo din\u00e1mica en la que, a trav\u00e9s del intercambio de opiniones y visiones pol\u00edticas, integrar\u00e1 un proyecto que permita agrupar a m\u00e1s sectores de la sociedad.<\/p>\n\n\n\n<p>Prueba de ello es la m\u00e1s reciente reuni\u00f3n encabezada por la tambi\u00e9n Secretar\u00eda General de la Secci\u00f3n 27 del Sindicato Nacional de Trabajadores de la Secretar\u00eda de Salud (SNTSA), en la que logr\u00f3 reunir a l\u00edderes pol\u00edticos de pr\u00e1cticamente todo el estado de Tlaxcala.<\/p>\n\n\n\n<p>En dicho encuentro estuvieron ex representantes populares en diferentes municipios tlaxcaltecas, y l\u00edderes de asociaciones y organizaciones civiles orientadas a los sectores del transporte, medio ambiente y j\u00f3venes.<\/p>\n\n\n\n<p>Sin embargo, dentro de las tareas de acercamiento tambi\u00e9n se tienen considerados encuentros y sinergias con organizaciones de personas con discapacidad, estudiantes y la comunidad LGBTIQ+.<\/p>\n\n\n\n<p>Cabe recordar que el grupo pol\u00edtico \u201cFuerza por Tlaxcala\u201d naci\u00f3 como un equipo plural integrado por mujeres y hombres originarios de pr\u00e1cticamente todo el estado, y que encontraron en Blanca \u00c1guila Lima el liderazgo pertinente para encabezar los esfuerzos pol\u00edticos del movimiento.<\/p>\n\n\n\n<p>De acuerdo con las reuniones sostenidas al momento, Blanca \u00c1guila Lima es observada como el principal cuadro pol\u00edtico que encabeza este frente de cara a los procesos electorales que se avecinan tanto en lo local como en el escenario nacional.<\/p>\n\n\n\n<p>A partir de su trayectoria, liderazgo y gesti\u00f3n en favor de los diversos grupos sociales en Tlaxcala, las y los integrantes de este grupo plural encuentran en la Legisladora local la posibilidad de posicionarse como un grupo pol\u00edtico de alta trascendencia y relevancia en el estado.<\/p>\n\n\n\n<p>Hay que recordar que el grupo \u201cFuerza por Tlaxcala\u201d liderado por Blanca \u00c1guila Lima, est\u00e1 integrado por personas ex servidoras y ex servidores p\u00fablicos de diferentes municipios, ex presidentes municipales, presidentes de comunidad y l\u00edderes sociales.<\/p>\n\n\n\n<p>En pr\u00f3ximas fechas este grupo pol\u00edtico celebrar\u00e1 nuevas reuniones con los liderazgos que la integran, con la intenci\u00f3n de fortalecer sus trabajos y reafirmar el compromiso que los identifica como promotores del desarrollo y bienestar de la sociedad tlaxcalteca.<\/p>\n","protected":false},"excerpt":{"rendered":"<p>En seguimiento a la agenda de trabajo del proyecto pol\u00edtico \u201cFuerza por Tlaxcala\u201d, la estructura de dicho movimiento realiz\u00f3 su m\u00e1s reciente reuni\u00f3n de acercamiento con distintos l\u00edderes de varias regiones del estado con la intenci\u00f3n de reforzar las estrategias tendentes a ubicarse como una plataforma pol\u00edtica s\u00f3lida en Tlaxcala. El Movimiento \u201cFuerza por Tlaxcala\u201d [&hellip;]<\/p>\n","protected":false},"author":1,"featured_media":115342,"comment_status":"open","ping_status":"open","sticky":false,"template":"","format":"standard","meta":{"footnotes":""},"categories":[22],"tags":[],"class_list":["post-115341","post","type-post","status-publish","format-standard","has-post-thumbnail","hentry","category-congreso"],"blog_post_layout_featured_media_urls":{"thumbnail":["https:\/\/diariolanoticia.com.mx\/wp-content\/uploads\/2023\/10\/FUERZA-POR-TLAXCALA-1-216x160.jpeg",216,160,true],"full":["https:\/\/diariolanoticia.com.mx\/wp-content\/uploads\/2023\/10\/FUERZA-POR-TLAXCALA-1.jpeg",1600,899,false]},"categories_names":{"22":{"name":"Congreso","link":"https:\/\/diariolanoticia.com.mx\/?cat=22"}},"tags_names":[],"comments_number":"0","wpmagazine_modules_lite_featured_media_urls":{"thumbnail":["https:\/\/diariolanoticia.com.mx\/wp-content\/uploads\/2023\/10\/FUERZA-POR-TLAXCALA-1-216x160.jpeg",216,160,true],"cvmm-medium":["https:\/\/diariolanoticia.com.mx\/wp-content\/uploads\/2023\/10\/FUERZA-POR-TLAXCALA-1-300x300.jpeg",300,300,true],"cvmm-medium-plus":["https:\/\/diariolanoticia.com.mx\/wp-content\/uploads\/2023\/10\/FUERZA-POR-TLAXCALA-1-305x207.jpeg",305,207,true],"cvmm-portrait":["https:\/\/diariolanoticia.com.mx\/wp-content\/uploads\/2023\/10\/FUERZA-POR-TLAXCALA-1-400x600.jpeg",400,600,true],"cvmm-medium-square":["https:\/\/diariolanoticia.com.mx\/wp-content\/uploads\/2023\/10\/FUERZA-POR-TLAXCALA-1-600x600.jpeg",600,600,true],"cvmm-large":["https:\/\/diariolanoticia.com.mx\/wp-content\/uploads\/2023\/10\/FUERZA-POR-TLAXCALA-1-1024x899.jpeg",1024,899,true],"cvmm-small":["https:\/\/diariolanoticia.com.mx\/wp-content\/uploads\/2023\/10\/FUERZA-POR-TLAXCALA-1-130x95.jpeg",130,95,true],"full":["https:\/\/diariolanoticia.com.mx\/wp-content\/uploads\/2023\/10\/FUERZA-POR-TLAXCALA-1.jpeg",1600,899,false]},"_links":{"self":[{"href":"https:\/\/diariolanoticia.com.mx\/index.php?rest_route=\/wp\/v2\/posts\/115341","targetHints":{"allow":["GET"]}}],"collection":[{"href":"https:\/\/diariolanoticia.com.mx\/index.php?rest_route=\/wp\/v2\/posts"}],"about":[{"href":"https:\/\/diariolanoticia.com.mx\/index.php?rest_route=\/wp\/v2\/types\/post"}],"author":[{"embeddable":true,"href":"https:\/\/diariolanoticia.com.mx\/index.php?rest_route=\/wp\/v2\/users\/1"}],"replies":[{"embeddable":true,"href":"https:\/\/diariolanoticia.com.mx\/index.php?rest_route=%2Fwp%2Fv2%2Fcomments&post=115341"}],"version-history":[{"count":1,"href":"https:\/\/diariolanoticia.com.mx\/index.php?rest_route=\/wp\/v2\/posts\/115341\/revisions"}],"predecessor-version":[{"id":115343,"href":"https:\/\/diariolanoticia.com.mx\/index.php?rest_route=\/wp\/v2\/posts\/115341\/revisions\/115343"}],"wp:featuredmedia":[{"embeddable":true,"href":"https:\/\/diariolanoticia.com.mx\/index.php?rest_route=\/wp\/v2\/media\/115342"}],"wp:attachment":[{"href":"https:\/\/diariolanoticia.com.mx\/index.php?rest_route=%2Fwp%2Fv2%2Fmedia&parent=115341"}],"wp:term":[{"taxonomy":"category","embeddable":true,"href":"https:\/\/diariolanoticia.com.mx\/index.php?rest_route=%2Fwp%2Fv2%2Fcategories&post=115341"},{"taxonomy":"post_tag","embeddable":true,"href":"https:\/\/diariolanoticia.com.mx\/index.php?rest_route=%2Fwp%2Fv2%2Ftags&post=115341"}],"curies":[{"name":"wp","href":"https:\/\/api.w.org\/{rel}","templated":true}]}}