{"id":115416,"date":"2023-10-16T13:24:37","date_gmt":"2023-10-16T19:24:37","guid":{"rendered":"https:\/\/diariolanoticia.com.mx\/?p=115416"},"modified":"2023-10-16T13:24:38","modified_gmt":"2023-10-16T19:24:38","slug":"conmemora-congreso-cxlix-aniversario-de-la-incorporacion-de-calpulalpan-al-territorio-tlaxcalteca","status":"publish","type":"post","link":"https:\/\/diariolanoticia.com.mx\/?p=115416","title":{"rendered":"Conmemora Congreso CXLIX aniversario de la incorporaci\u00f3n de Calpulalpan al territorio tlaxcalteca"},"content":{"rendered":"\n<p>\u00b7&nbsp;&nbsp;&nbsp;&nbsp;&nbsp;&nbsp;<em>Asistieron los tres Poderes del Estado a la sesi\u00f3n extraordinaria, p\u00fablica y solemne.&nbsp;<\/em><\/p>\n\n\n\n<p>Tlaxcala, Tlax., 16 octubre de 2022<\/p>\n\n\n\n<p>En cumplimiento al decreto 240 aprobado por el Pleno del Poder Legislativo, se celebr\u00f3 sesi\u00f3n extraordinaria p\u00fablica y solemne, con los tres Poderes del Estado, en conmemoraci\u00f3n al CXLIX aniversario de la incorporaci\u00f3n del municipio de Calpulalpan al territorio tlaxcalteca, en el Sal\u00f3n de Cabildos del Ayuntamiento.&nbsp;<\/p>\n\n\n\n<p>Durante la sesi\u00f3n extraordinaria, p\u00fablica y solemne, la presidenta de la Mesa Directiva del Congreso del Estado, M\u00f3nica S\u00e1nchez Angulo hizo una rese\u00f1a sobre los hechos relevantes acerca de la incorporaci\u00f3n de esta municipalidad a Tlaxcala, raz\u00f3n por la que el d\u00eda 16 de octubre fue decretado por el Congreso local como fiesta estatal.&nbsp;<\/p>\n\n\n\n<p>Por lo anterior, se\u00f1al\u00f3 que,&nbsp;<em>\u00abno cabe duda que la historia nos muestra la importancia del concepto moderno en Tlaxcala, del Estado constitucional y democr\u00e1tico de derecho, lo cual se preserva como un l\u00edmite entre la esfera de competencia entre los tres \u00f3rdenes de gobierno, y desde luego respeta el quehacer de cada poder p\u00fablico, asimismo rescata que cuando se trabaja en equipo, conociendo los pesos y contrapesos entre poderes p\u00fablicos, los resultados obtienen un matiz trascendente\u00bb.&nbsp;<\/em><\/p>\n\n\n\n<p>Asimismo, se\u00f1al\u00f3 que&nbsp;si en aquellos d\u00edas la determinaci\u00f3n no era en conjunto entre legisladores, y el titular de Poder Ejecutivo pr\u00e1cticamente pudo haber esfum\u00e1ndose la incorporaci\u00f3n de la municipalidad de Calpulalpan a la entidad y reconocerle como un pueblo Heroico que contribuy\u00f3 con la soberan\u00eda nacional tras la improcedente colonizaci\u00f3n francesa.&nbsp;<\/p>\n\n\n\n<p>La presidenta del Tribunal Superior de Justicia del Estado (TSJE) y del Consejo de la Judicatura, Mary Cruz Cort\u00e9s Ornelas, destac\u00f3 el trabajo conjunto y coordinado realizado por los tres Poderes del Estado en el \u00e1mbito de competencia, el cual sin duda ser\u00e1 fundamental para lograr de manera eficiente la implementaci\u00f3n de un c\u00f3digo nacional de procedimientos civiles y familiares en aras de una administraci\u00f3n pronta, completa e imparcial.&nbsp;<\/p>\n\n\n\n<p>En la sesi\u00f3n extraordinaria, la gobernadora del Estado de Tlaxcala, Lorena Cu\u00e9llar Cisneros, manifest\u00f3 que al reunirse los representantes de los tres Poderes de gobierno, refrenda el compromiso con el pueblo tlaxcalteca privilegiando el trabajo coordinado, unido y fraterno, que permite vencer los rezagos heredados y con ello impulsar la transformaci\u00f3n de la entidad.&nbsp;<\/p>\n\n\n\n<p>En su intervenci\u00f3n, el presidente municipal, Edgar Pe\u00f1a N\u00e1jera, dio la bienvenida a las autoridades presentes, y rese\u00f1\u00f3 los hechos hist\u00f3ricos de la incorporaci\u00f3n del municipio a la entidad, adem\u00e1s reconoci\u00f3 y agradeci\u00f3 el respaldo y voluntad de los tres Poderes, \u00absin duda embelleci\u00f3 nuestro municipio hoy la puerta del Estado de Tlaxcala se dice que est\u00e1 abierta y brilla ante esta nueva historia\u00bb.<\/p>\n","protected":false},"excerpt":{"rendered":"<p>\u00b7&nbsp;&nbsp;&nbsp;&nbsp;&nbsp;&nbsp;Asistieron los tres Poderes del Estado a la sesi\u00f3n extraordinaria, p\u00fablica y solemne.&nbsp; Tlaxcala, Tlax., 16 octubre de 2022 En cumplimiento al decreto 240 aprobado por el Pleno del Poder Legislativo, se celebr\u00f3 sesi\u00f3n extraordinaria p\u00fablica y solemne, con los tres Poderes del Estado, en conmemoraci\u00f3n al CXLIX aniversario de la incorporaci\u00f3n del municipio de [&hellip;]<\/p>\n","protected":false},"author":1,"featured_media":115420,"comment_status":"open","ping_status":"open","sticky":false,"template":"","format":"standard","meta":{"footnotes":""},"categories":[22],"tags":[],"class_list":["post-115416","post","type-post","status-publish","format-standard","has-post-thumbnail","hentry","category-congreso"],"blog_post_layout_featured_media_urls":{"thumbnail":["https:\/\/diariolanoticia.com.mx\/wp-content\/uploads\/2023\/10\/Unknown-6-216x160.jpeg",216,160,true],"full":["https:\/\/diariolanoticia.com.mx\/wp-content\/uploads\/2023\/10\/Unknown-6.jpeg",1024,684,false]},"categories_names":{"22":{"name":"Congreso","link":"https:\/\/diariolanoticia.com.mx\/?cat=22"}},"tags_names":[],"comments_number":"0","wpmagazine_modules_lite_featured_media_urls":{"thumbnail":["https:\/\/diariolanoticia.com.mx\/wp-content\/uploads\/2023\/10\/Unknown-6-216x160.jpeg",216,160,true],"cvmm-medium":["https:\/\/diariolanoticia.com.mx\/wp-content\/uploads\/2023\/10\/Unknown-6-300x300.jpeg",300,300,true],"cvmm-medium-plus":["https:\/\/diariolanoticia.com.mx\/wp-content\/uploads\/2023\/10\/Unknown-6-305x207.jpeg",305,207,true],"cvmm-portrait":["https:\/\/diariolanoticia.com.mx\/wp-content\/uploads\/2023\/10\/Unknown-6-400x600.jpeg",400,600,true],"cvmm-medium-square":["https:\/\/diariolanoticia.com.mx\/wp-content\/uploads\/2023\/10\/Unknown-6-600x600.jpeg",600,600,true],"cvmm-large":["https:\/\/diariolanoticia.com.mx\/wp-content\/uploads\/2023\/10\/Unknown-6.jpeg",1024,684,false],"cvmm-small":["https:\/\/diariolanoticia.com.mx\/wp-content\/uploads\/2023\/10\/Unknown-6-130x95.jpeg",130,95,true],"full":["https:\/\/diariolanoticia.com.mx\/wp-content\/uploads\/2023\/10\/Unknown-6.jpeg",1024,684,false]},"_links":{"self":[{"href":"https:\/\/diariolanoticia.com.mx\/index.php?rest_route=\/wp\/v2\/posts\/115416","targetHints":{"allow":["GET"]}}],"collection":[{"href":"https:\/\/diariolanoticia.com.mx\/index.php?rest_route=\/wp\/v2\/posts"}],"about":[{"href":"https:\/\/diariolanoticia.com.mx\/index.php?rest_route=\/wp\/v2\/types\/post"}],"author":[{"embeddable":true,"href":"https:\/\/diariolanoticia.com.mx\/index.php?rest_route=\/wp\/v2\/users\/1"}],"replies":[{"embeddable":true,"href":"https:\/\/diariolanoticia.com.mx\/index.php?rest_route=%2Fwp%2Fv2%2Fcomments&post=115416"}],"version-history":[{"count":1,"href":"https:\/\/diariolanoticia.com.mx\/index.php?rest_route=\/wp\/v2\/posts\/115416\/revisions"}],"predecessor-version":[{"id":115421,"href":"https:\/\/diariolanoticia.com.mx\/index.php?rest_route=\/wp\/v2\/posts\/115416\/revisions\/115421"}],"wp:featuredmedia":[{"embeddable":true,"href":"https:\/\/diariolanoticia.com.mx\/index.php?rest_route=\/wp\/v2\/media\/115420"}],"wp:attachment":[{"href":"https:\/\/diariolanoticia.com.mx\/index.php?rest_route=%2Fwp%2Fv2%2Fmedia&parent=115416"}],"wp:term":[{"taxonomy":"category","embeddable":true,"href":"https:\/\/diariolanoticia.com.mx\/index.php?rest_route=%2Fwp%2Fv2%2Fcategories&post=115416"},{"taxonomy":"post_tag","embeddable":true,"href":"https:\/\/diariolanoticia.com.mx\/index.php?rest_route=%2Fwp%2Fv2%2Ftags&post=115416"}],"curies":[{"name":"wp","href":"https:\/\/api.w.org\/{rel}","templated":true}]}}