{"id":115422,"date":"2023-10-16T13:27:39","date_gmt":"2023-10-16T19:27:39","guid":{"rendered":"https:\/\/diariolanoticia.com.mx\/?p=115422"},"modified":"2023-10-16T13:27:40","modified_gmt":"2023-10-16T19:27:40","slug":"queda-integrada-lista-de-aspirantes-para-ser-titular-del-organo-de-fiscalizacion-superior-del-estado-de-tlaxcala","status":"publish","type":"post","link":"https:\/\/diariolanoticia.com.mx\/?p=115422","title":{"rendered":"Queda integrada lista de aspirantes para ser titular del \u00d3rgano de Fiscalizaci\u00f3n Superior del Estado de Tlaxcala"},"content":{"rendered":"\n<p>\u00b7&nbsp;&nbsp;&nbsp;&nbsp;&nbsp;&nbsp;<em>Del 17 al 19 de octubre de 2023 a partir de las 12:00 pm deber\u00e1n asistir a la entrevista personal para continuar con el proceso.<\/em><em><\/em><\/p>\n\n\n\n<p>Tlaxcala, Tlax., a 16 de octubre de 2023&nbsp;<\/p>\n\n\n\n<p>En cumplimiento de lo dispuesto en la base QUINTA de la Convocatoria para el proceso de selecci\u00f3n del cargo de Auditor de Fiscalizaci\u00f3n Superior del Estado de Tlaxcala, la Junta de Coordinaci\u00f3n y Concertaci\u00f3n Pol\u00edtica del Congreso del Estado, hace p\u00fablica la lista de quienes pasan a la siguiente etapa.<\/p>\n\n\n\n<p>Como lo establece la convocatoria hoy 16 de octubre de 2023, a las 11:30 horas, se hace p\u00fablica la lista de las y los aspirantes que pasan a la siguiente etapa del proceso de selecci\u00f3n que de forma alfab\u00e9tica se describe a continuaci\u00f3n:<\/p>\n\n\n\n<p><strong><em>1.<\/em><\/strong><strong>&nbsp;AHUACTZI PAREDES MAURICIO ARTURO<em>.<\/em><\/strong><\/p>\n\n\n\n<p><strong><em>2.<\/em><\/strong><strong>&nbsp;CABRERA GARC\u00cdA KARINA VIANEY<em>.<\/em><\/strong><\/p>\n\n\n\n<p><strong><em>3.<\/em><\/strong><strong>&nbsp;CAMILO FUENTES LUIS FELIPE<em>.<\/em><\/strong><em><\/em><\/p>\n\n\n\n<p><strong><em>4.<\/em><\/strong><strong>&nbsp;CUATEPOTZO S\u00c1NCHEZ LUCERO.<\/strong><\/p>\n\n\n\n<p><strong><em>5.<\/em><\/strong><strong>&nbsp;ESCOBAR PLUMA H\u00c9CTOR.<\/strong><em><\/em><\/p>\n\n\n\n<p><strong><em>6.<\/em><\/strong><strong>&nbsp;FERN\u00c1NDEZ DERREZA JAIME V\u00cdCTOR<em>.<\/em><\/strong><em><\/em><\/p>\n\n\n\n<p><strong><em>7.<\/em><\/strong><strong>&nbsp;GARC\u00cdA B\u00c1EZ GUSTAVO<em>.<\/em><\/strong><em><\/em><\/p>\n\n\n\n<p><strong><em>8.<\/em><\/strong><strong>&nbsp;HERN\u00c1NDEZ BAUTISTA MART\u00cdN<em>.<\/em><\/strong><\/p>\n\n\n\n<p><strong><em>9. HERN\u00c1NDEZ LARA JOEL.<\/em><\/strong><em><\/em><\/p>\n\n\n\n<p><strong><em>10. HERN\u00c1NDEZ MONTIEL LORENA.<\/em><\/strong><em><\/em><\/p>\n\n\n\n<p><strong><em>11. HUITR\u00d3N S\u00c1NCHEZ ENRIQUE.<\/em><\/strong><em><\/em><\/p>\n\n\n\n<p><strong><em>12. JU\u00c1REZ CASTILLO ANGELICA.<\/em><\/strong><em><\/em><\/p>\n\n\n\n<p><strong><em>13. MENDIETA CAHUANTZI ARMANDO.<\/em><\/strong><em><\/em><\/p>\n\n\n\n<p><strong><em>14. MU\u00d1OZ LUGO JORGE OMAR.<\/em><\/strong><em><\/em><\/p>\n\n\n\n<p><strong><em>15. NETZAHUAL CONDE ARMANDO.<\/em><\/strong><em><\/em><\/p>\n\n\n\n<p><strong><em>16. OLIVARES S\u00c1NCHEZ SILVIA.<\/em><\/strong><em><\/em><\/p>\n\n\n\n<p><strong><em>17. ORDO\u00d1EZ CARRERA JOEL TRINIDAD.<\/em><\/strong><em><\/em><\/p>\n\n\n\n<p><strong><em>18. ORTEGA CORONA TOM\u00c1S.<\/em><\/strong><em><\/em><\/p>\n\n\n\n<p><strong><em>19. PAREDES TLACHI JOS\u00c9.<\/em><\/strong><em><\/em><\/p>\n\n\n\n<p><strong><em>20. P\u00c9REZ GEORGE SERGIO.<\/em><\/strong><em><\/em><\/p>\n\n\n\n<p><strong><em>21. ROLDAN PE\u00d1A MIGUEL \u00c1NGEL.<\/em><\/strong><em><\/em><\/p>\n\n\n\n<p><strong><em>22. SALAS MIGUELA ARTURO LUCIO.<\/em><\/strong><em><\/em><\/p>\n\n\n\n<p><strong><em>23. TEMOLTZIN TEOMITZI ANDR\u00c9S.<\/em><\/strong><em><\/em><\/p>\n\n\n\n<p>Adem\u00e1s, se hace p\u00fablico que los siguientes aspirantes no contin\u00faan en el proceso de selecci\u00f3n debido a documentaci\u00f3n incompleta o a que su documentaci\u00f3n no acredita los 5 a\u00f1os de experiencia requeridos:<\/p>\n\n\n\n<p><strong>1.&nbsp;&nbsp;&nbsp;&nbsp;<\/strong><strong>CANO PALACIO RUB\u00c9N<\/strong><\/p>\n\n\n\n<p><strong>2.&nbsp;&nbsp;&nbsp;&nbsp;<\/strong><strong>CASTILLO RODR\u00cdGUEZ ROC\u00cdO<\/strong><\/p>\n\n\n\n<p><strong>3.&nbsp;&nbsp;&nbsp;&nbsp;<\/strong><strong>CORONA TORRES SAID<\/strong><\/p>\n\n\n\n<p><strong>4.&nbsp;&nbsp;&nbsp;&nbsp;<\/strong><strong>CUATETA S\u00c1NCHEZ ROGELIO<\/strong><\/p>\n\n\n\n<p><strong>5.&nbsp;&nbsp;&nbsp;&nbsp;<\/strong><strong>ESCOBAR S\u00c1NCHEZ MAR\u00cdA MARICELA<\/strong><\/p>\n\n\n\n<p><strong>6.&nbsp;&nbsp;&nbsp;&nbsp;<\/strong><strong>FLORES G\u00d3MEZ JOS\u00c9 MARCIAL<\/strong><\/p>\n\n\n\n<p><strong>7.&nbsp;&nbsp;&nbsp;&nbsp;<\/strong><strong>HERN\u00c1NDEZ GARC\u00cdA PEDRO ALEJANDRO<\/strong><\/p>\n\n\n\n<p><strong>8.&nbsp;&nbsp;&nbsp;&nbsp;<\/strong><strong>HERN\u00c1NDEZ NAVA DAGOBERTO NICOL\u00c1S<\/strong><\/p>\n\n\n\n<p><strong>9.&nbsp;&nbsp;&nbsp;&nbsp;<\/strong><strong>LOBAT\u00d3N CORONA OSCAR<\/strong><\/p>\n\n\n\n<p><strong>10.&nbsp;<\/strong><strong>MENDOZA PAPALOTZI GERMAN<\/strong><\/p>\n\n\n\n<p><strong>11.&nbsp;<\/strong><strong>MONTIEL MORALES MIRIAM<\/strong><\/p>\n\n\n\n<p><strong>12.&nbsp;<\/strong><strong>NAVA ACOLTZI SEVERO<\/strong><\/p>\n\n\n\n<p><strong>13.&nbsp;<\/strong><strong>NEZAHUATL CONDE DEMETRIO<\/strong><\/p>\n\n\n\n<p><strong>14.&nbsp;<\/strong><strong>P\u00c9REZ LIRA LEVINIA DONAJI<\/strong><\/p>\n\n\n\n<p><strong>15.&nbsp;<\/strong><strong>P\u00c9REZ ZECUA CRUZ MARTIN<\/strong><\/p>\n\n\n\n<p><strong>16.&nbsp;<\/strong><strong>ROMANO TORRES YANETH MIRIAM<\/strong><\/p>\n\n\n\n<p><strong>17.&nbsp;<\/strong><strong>VEGA ORDO\u00d1EZ GERM\u00c1N.<\/strong><\/p>\n\n\n\n<p>Cabe se\u00f1alar que del d\u00eda 17 al 19 de octubre de 2023 a partir de las 12:00 PM en el orden seleccionado de forma alfab\u00e9tica deber\u00e1n asistir a la entrevista personal para continuar con el proceso.<\/p>\n","protected":false},"excerpt":{"rendered":"<p>\u00b7&nbsp;&nbsp;&nbsp;&nbsp;&nbsp;&nbsp;Del 17 al 19 de octubre de 2023 a partir de las 12:00 pm deber\u00e1n asistir a la entrevista personal para continuar con el proceso. Tlaxcala, Tlax., a 16 de octubre de 2023&nbsp; En cumplimiento de lo dispuesto en la base QUINTA de la Convocatoria para el proceso de selecci\u00f3n del cargo de Auditor de [&hellip;]<\/p>\n","protected":false},"author":1,"featured_media":115423,"comment_status":"open","ping_status":"open","sticky":false,"template":"","format":"standard","meta":{"footnotes":""},"categories":[22],"tags":[],"class_list":["post-115422","post","type-post","status-publish","format-standard","has-post-thumbnail","hentry","category-congreso"],"blog_post_layout_featured_media_urls":{"thumbnail":["https:\/\/diariolanoticia.com.mx\/wp-content\/uploads\/2023\/10\/354232691_230583406403573_8064077373939839056_n-216x160.jpg",216,160,true],"full":["https:\/\/diariolanoticia.com.mx\/wp-content\/uploads\/2023\/10\/354232691_230583406403573_8064077373939839056_n.jpg",1600,1200,false]},"categories_names":{"22":{"name":"Congreso","link":"https:\/\/diariolanoticia.com.mx\/?cat=22"}},"tags_names":[],"comments_number":"0","wpmagazine_modules_lite_featured_media_urls":{"thumbnail":["https:\/\/diariolanoticia.com.mx\/wp-content\/uploads\/2023\/10\/354232691_230583406403573_8064077373939839056_n-216x160.jpg",216,160,true],"cvmm-medium":["https:\/\/diariolanoticia.com.mx\/wp-content\/uploads\/2023\/10\/354232691_230583406403573_8064077373939839056_n-300x300.jpg",300,300,true],"cvmm-medium-plus":["https:\/\/diariolanoticia.com.mx\/wp-content\/uploads\/2023\/10\/354232691_230583406403573_8064077373939839056_n-305x207.jpg",305,207,true],"cvmm-portrait":["https:\/\/diariolanoticia.com.mx\/wp-content\/uploads\/2023\/10\/354232691_230583406403573_8064077373939839056_n-400x600.jpg",400,600,true],"cvmm-medium-square":["https:\/\/diariolanoticia.com.mx\/wp-content\/uploads\/2023\/10\/354232691_230583406403573_8064077373939839056_n-600x600.jpg",600,600,true],"cvmm-large":["https:\/\/diariolanoticia.com.mx\/wp-content\/uploads\/2023\/10\/354232691_230583406403573_8064077373939839056_n-1024x1024.jpg",1024,1024,true],"cvmm-small":["https:\/\/diariolanoticia.com.mx\/wp-content\/uploads\/2023\/10\/354232691_230583406403573_8064077373939839056_n-130x95.jpg",130,95,true],"full":["https:\/\/diariolanoticia.com.mx\/wp-content\/uploads\/2023\/10\/354232691_230583406403573_8064077373939839056_n.jpg",1600,1200,false]},"_links":{"self":[{"href":"https:\/\/diariolanoticia.com.mx\/index.php?rest_route=\/wp\/v2\/posts\/115422","targetHints":{"allow":["GET"]}}],"collection":[{"href":"https:\/\/diariolanoticia.com.mx\/index.php?rest_route=\/wp\/v2\/posts"}],"about":[{"href":"https:\/\/diariolanoticia.com.mx\/index.php?rest_route=\/wp\/v2\/types\/post"}],"author":[{"embeddable":true,"href":"https:\/\/diariolanoticia.com.mx\/index.php?rest_route=\/wp\/v2\/users\/1"}],"replies":[{"embeddable":true,"href":"https:\/\/diariolanoticia.com.mx\/index.php?rest_route=%2Fwp%2Fv2%2Fcomments&post=115422"}],"version-history":[{"count":1,"href":"https:\/\/diariolanoticia.com.mx\/index.php?rest_route=\/wp\/v2\/posts\/115422\/revisions"}],"predecessor-version":[{"id":115424,"href":"https:\/\/diariolanoticia.com.mx\/index.php?rest_route=\/wp\/v2\/posts\/115422\/revisions\/115424"}],"wp:featuredmedia":[{"embeddable":true,"href":"https:\/\/diariolanoticia.com.mx\/index.php?rest_route=\/wp\/v2\/media\/115423"}],"wp:attachment":[{"href":"https:\/\/diariolanoticia.com.mx\/index.php?rest_route=%2Fwp%2Fv2%2Fmedia&parent=115422"}],"wp:term":[{"taxonomy":"category","embeddable":true,"href":"https:\/\/diariolanoticia.com.mx\/index.php?rest_route=%2Fwp%2Fv2%2Fcategories&post=115422"},{"taxonomy":"post_tag","embeddable":true,"href":"https:\/\/diariolanoticia.com.mx\/index.php?rest_route=%2Fwp%2Fv2%2Ftags&post=115422"}],"curies":[{"name":"wp","href":"https:\/\/api.w.org\/{rel}","templated":true}]}}