{"id":115473,"date":"2023-10-17T10:34:38","date_gmt":"2023-10-17T16:34:38","guid":{"rendered":"https:\/\/diariolanoticia.com.mx\/?p=115473"},"modified":"2023-10-17T10:34:38","modified_gmt":"2023-10-17T16:34:38","slug":"convoca-ite-a-elecciones-para-renovar-794-cargos","status":"publish","type":"post","link":"https:\/\/diariolanoticia.com.mx\/?p=115473","title":{"rendered":"CONVOCA ITE A ELECCIONES PARA RENOVAR 794 CARGOS"},"content":{"rendered":"\n<ul class=\"wp-block-list\"><li><em>El Proceso Electoral iniciar\u00e1 el 2 de diciembre; la jornada electoral ser\u00e1 el 2 de junio de 2024<\/em><\/li><\/ul>\n\n\n\n<p>En sesi\u00f3n extraordinaria, la noche de este lunes el Consejo General del Instituto Tlaxcalteca de Elecciones (ITE) emiti\u00f3 la convocatoria para el Proceso Electoral Local Ordinario 2023-2024, en el que ser\u00e1n renovados 794 cargos p\u00fablicos en el Estado.<\/p>\n\n\n\n<p>Estos comicios locales iniciar\u00e1n formalmente el 2 de diciembre pr\u00f3ximo, mientras que la Jornada Electoral est\u00e1 prevista para el domingo 2 de junio de 2024.<\/p>\n\n\n\n<p>En este Proceso Electoral ser\u00e1n renovados mediante voto libre y secreto 25 diputaciones locales, 470 integrantes de ayuntamientos y 299 titularidades de presidencia de comunidad.<\/p>\n\n\n\n<p>Estas autoridades fungir\u00e1n para el periodo del 30 de agosto de 2024 al 29 de agosto de 2027 para el caso de las diputaciones; y del &nbsp;31 de agosto de 2024 al 30 de agosto de 2027 para el resto de los cargos.<\/p>\n\n\n\n<p>Como parte del orden del d\u00eda, el colegiado tambi\u00e9n aprob\u00f3 la convocatoria para las personas interesadas en contender a cualquiera de estos cargos, por la v\u00eda independiente.<\/p>\n\n\n\n<p>Tambi\u00e9n fue aprobado el calendario legal que contiene todas las fechas de las actividades m\u00e1s relevantes de estos comicios.<\/p>\n\n\n\n<p>Ambas convocatorias, as\u00ed como el calendario electoral est\u00e1n disponibles en la p\u00e1gina de internet del Instituto para su consulta p\u00fablica.<\/p>\n\n\n\n<p>El Consejo General tambi\u00e9n aprob\u00f3 las actividades que implementar\u00e1 con la poblaci\u00f3n LGBTTTIQ+ y juventudes para fortalecer el ejercicio de sus derechos pol\u00edtico electorales en el Proceso Electoral en ciernes.<\/p>\n","protected":false},"excerpt":{"rendered":"<p>El Proceso Electoral iniciar\u00e1 el 2 de diciembre; la jornada electoral ser\u00e1 el 2 de junio de 2024 En sesi\u00f3n extraordinaria, la noche de este lunes el Consejo General del Instituto Tlaxcalteca de Elecciones (ITE) emiti\u00f3 la convocatoria para el Proceso Electoral Local Ordinario 2023-2024, en el que ser\u00e1n renovados 794 cargos p\u00fablicos en el [&hellip;]<\/p>\n","protected":false},"author":1,"featured_media":115474,"comment_status":"open","ping_status":"open","sticky":false,"template":"","format":"standard","meta":{"footnotes":""},"categories":[21],"tags":[],"class_list":["post-115473","post","type-post","status-publish","format-standard","has-post-thumbnail","hentry","category-estatal"],"blog_post_layout_featured_media_urls":{"thumbnail":["https:\/\/diariolanoticia.com.mx\/wp-content\/uploads\/2023\/10\/WhatsApp-Image-2023-10-16-at-22.01.36-216x160.jpeg",216,160,true],"full":["https:\/\/diariolanoticia.com.mx\/wp-content\/uploads\/2023\/10\/WhatsApp-Image-2023-10-16-at-22.01.36.jpeg",1024,576,false]},"categories_names":{"21":{"name":"Estatal","link":"https:\/\/diariolanoticia.com.mx\/?cat=21"}},"tags_names":[],"comments_number":"0","wpmagazine_modules_lite_featured_media_urls":{"thumbnail":["https:\/\/diariolanoticia.com.mx\/wp-content\/uploads\/2023\/10\/WhatsApp-Image-2023-10-16-at-22.01.36-216x160.jpeg",216,160,true],"cvmm-medium":["https:\/\/diariolanoticia.com.mx\/wp-content\/uploads\/2023\/10\/WhatsApp-Image-2023-10-16-at-22.01.36-300x300.jpeg",300,300,true],"cvmm-medium-plus":["https:\/\/diariolanoticia.com.mx\/wp-content\/uploads\/2023\/10\/WhatsApp-Image-2023-10-16-at-22.01.36-305x207.jpeg",305,207,true],"cvmm-portrait":["https:\/\/diariolanoticia.com.mx\/wp-content\/uploads\/2023\/10\/WhatsApp-Image-2023-10-16-at-22.01.36-400x576.jpeg",400,576,true],"cvmm-medium-square":["https:\/\/diariolanoticia.com.mx\/wp-content\/uploads\/2023\/10\/WhatsApp-Image-2023-10-16-at-22.01.36-600x576.jpeg",600,576,true],"cvmm-large":["https:\/\/diariolanoticia.com.mx\/wp-content\/uploads\/2023\/10\/WhatsApp-Image-2023-10-16-at-22.01.36.jpeg",1024,576,false],"cvmm-small":["https:\/\/diariolanoticia.com.mx\/wp-content\/uploads\/2023\/10\/WhatsApp-Image-2023-10-16-at-22.01.36-130x95.jpeg",130,95,true],"full":["https:\/\/diariolanoticia.com.mx\/wp-content\/uploads\/2023\/10\/WhatsApp-Image-2023-10-16-at-22.01.36.jpeg",1024,576,false]},"_links":{"self":[{"href":"https:\/\/diariolanoticia.com.mx\/index.php?rest_route=\/wp\/v2\/posts\/115473","targetHints":{"allow":["GET"]}}],"collection":[{"href":"https:\/\/diariolanoticia.com.mx\/index.php?rest_route=\/wp\/v2\/posts"}],"about":[{"href":"https:\/\/diariolanoticia.com.mx\/index.php?rest_route=\/wp\/v2\/types\/post"}],"author":[{"embeddable":true,"href":"https:\/\/diariolanoticia.com.mx\/index.php?rest_route=\/wp\/v2\/users\/1"}],"replies":[{"embeddable":true,"href":"https:\/\/diariolanoticia.com.mx\/index.php?rest_route=%2Fwp%2Fv2%2Fcomments&post=115473"}],"version-history":[{"count":1,"href":"https:\/\/diariolanoticia.com.mx\/index.php?rest_route=\/wp\/v2\/posts\/115473\/revisions"}],"predecessor-version":[{"id":115475,"href":"https:\/\/diariolanoticia.com.mx\/index.php?rest_route=\/wp\/v2\/posts\/115473\/revisions\/115475"}],"wp:featuredmedia":[{"embeddable":true,"href":"https:\/\/diariolanoticia.com.mx\/index.php?rest_route=\/wp\/v2\/media\/115474"}],"wp:attachment":[{"href":"https:\/\/diariolanoticia.com.mx\/index.php?rest_route=%2Fwp%2Fv2%2Fmedia&parent=115473"}],"wp:term":[{"taxonomy":"category","embeddable":true,"href":"https:\/\/diariolanoticia.com.mx\/index.php?rest_route=%2Fwp%2Fv2%2Fcategories&post=115473"},{"taxonomy":"post_tag","embeddable":true,"href":"https:\/\/diariolanoticia.com.mx\/index.php?rest_route=%2Fwp%2Fv2%2Ftags&post=115473"}],"curies":[{"name":"wp","href":"https:\/\/api.w.org\/{rel}","templated":true}]}}