{"id":115587,"date":"2023-10-18T14:11:36","date_gmt":"2023-10-18T20:11:36","guid":{"rendered":"https:\/\/diariolanoticia.com.mx\/?p=115587"},"modified":"2023-10-18T14:11:34","modified_gmt":"2023-10-18T20:11:34","slug":"empleo-una-prioridad-para-el-gobierno-del-estado-sergio-sslomon","status":"publish","type":"post","link":"https:\/\/diariolanoticia.com.mx\/?p=115587","title":{"rendered":"Empleo, una prioridad para el Gobierno del Estado: Sergio Sslom\u00f3n"},"content":{"rendered":"\n<p>-El mandatario estatal entreg\u00f3 400 acciones del Subprograma Capacitaci\u00f3n para el Empleo 2023, con una inversi\u00f3n de 8.7 millones de pesos<\/p>\n\n\n\n<p>CIUDAD DE PUEBLA, Pue.- Para el gobierno estatal, el empleo es un asunto prioritario, por ello dise\u00f1a pol\u00edticas p\u00fablicas, estrategias y programas que permitan a las personas insertarse en el mercado laboral, expuso el titular del Ejecutivo, Sergio Salom\u00f3n, al entregar 400 acciones del Subprograma Capacitaci\u00f3n para el Empleo 2023, con una inversi\u00f3n de 8.7 millones de pesos.<\/p>\n\n\n\n<p>Puntualiz\u00f3 que, como parte de estas iniciativas, este a\u00f1o el gobierno estatal imparti\u00f3 241 cursos de capacitaci\u00f3n en beneficio de miles de personas de 36 municipios.<\/p>\n\n\n\n<p>Sergio Salom\u00f3n destac\u00f3 que este tipo de acciones han permitido que, al mes de junio, Puebla haya registrado el mayor n\u00famero de empleos con un total de 641 mil trabajadores afiliados ante el Instituto Mexicano del Seguro Social (IMSS).<\/p>\n\n\n\n<p>Resalt\u00f3 la importancia de que la mayor\u00eda de las personas capacitadas sean mujeres, al se\u00f1alar que contribuyen a la econom\u00eda de sus familias: \u201cson el eje y centro de los hogares en el estado de Puebla\u201d.<\/p>\n\n\n\n<p><strong>GOBIERNO ESTATAL, PRESENTE EN LA CAPACITACI\u00d3N PARA EL TRABAJO: BIESTRO MEDINILLA<\/strong><\/p>\n\n\n\n<p>Por su parte, el secretario de Trabajo, Gabriel Biestro Medinilla inform\u00f3 que, con las capacitaciones, otorgadas por el Instituto de Capacitaci\u00f3n para el Trabajo del Estado de Puebla (ICATEP), fueron beneficiadas 3 mil 615 personas en diferentes oficios y actividades productivas.<\/p>\n\n\n\n<p>Refiri\u00f3 que de acuerdo a lo instruido por el mandatario Sergio Salom\u00f3n, la dependencia acerc\u00f3 a las y los ciudadanos los servicios del gobierno hasta sus comunidades y en el grupo de personas capacitadas se dio prioridad a las mujeres, j\u00f3venes, poblaci\u00f3n ind\u00edgena, personas adultas mayores y con discapacidad.<\/p>\n\n\n\n<p>A su vez, el director general del Instituto de Capacitaci\u00f3n para el Trabajo del Estado de Puebla (ICATEP), Jonathan Salazar Mendiguchia expuso que en los cursos se consideran las habilidades blandas esenciales como comunicaci\u00f3n efectiva, la resoluci\u00f3n de conflictos, el trabajo en equipo y la gesti\u00f3n del tiempo.<\/p>\n","protected":false},"excerpt":{"rendered":"<p>-El mandatario estatal entreg\u00f3 400 acciones del Subprograma Capacitaci\u00f3n para el Empleo 2023, con una inversi\u00f3n de 8.7 millones de pesos CIUDAD DE PUEBLA, Pue.- Para el gobierno estatal, el empleo es un asunto prioritario, por ello dise\u00f1a pol\u00edticas p\u00fablicas, estrategias y programas que permitan a las personas insertarse en el mercado laboral, expuso el [&hellip;]<\/p>\n","protected":false},"author":1,"featured_media":115586,"comment_status":"open","ping_status":"open","sticky":false,"template":"","format":"standard","meta":{"footnotes":""},"categories":[20],"tags":[52],"class_list":["post-115587","post","type-post","status-publish","format-standard","has-post-thumbnail","hentry","category-norte-de-puebla","tag-puebla"],"blog_post_layout_featured_media_urls":{"thumbnail":["https:\/\/diariolanoticia.com.mx\/wp-content\/uploads\/2023\/10\/img_8915-1-216x160.jpg",216,160,true],"full":["https:\/\/diariolanoticia.com.mx\/wp-content\/uploads\/2023\/10\/img_8915-1.jpg",1289,825,false]},"categories_names":{"20":{"name":"Norte de Puebla","link":"https:\/\/diariolanoticia.com.mx\/?cat=20"}},"tags_names":{"52":{"name":"Puebla","link":"https:\/\/diariolanoticia.com.mx\/?tag=puebla"}},"comments_number":"0","wpmagazine_modules_lite_featured_media_urls":{"thumbnail":["https:\/\/diariolanoticia.com.mx\/wp-content\/uploads\/2023\/10\/img_8915-1-216x160.jpg",216,160,true],"cvmm-medium":["https:\/\/diariolanoticia.com.mx\/wp-content\/uploads\/2023\/10\/img_8915-1-300x300.jpg",300,300,true],"cvmm-medium-plus":["https:\/\/diariolanoticia.com.mx\/wp-content\/uploads\/2023\/10\/img_8915-1-305x207.jpg",305,207,true],"cvmm-portrait":["https:\/\/diariolanoticia.com.mx\/wp-content\/uploads\/2023\/10\/img_8915-1-400x600.jpg",400,600,true],"cvmm-medium-square":["https:\/\/diariolanoticia.com.mx\/wp-content\/uploads\/2023\/10\/img_8915-1-600x600.jpg",600,600,true],"cvmm-large":["https:\/\/diariolanoticia.com.mx\/wp-content\/uploads\/2023\/10\/img_8915-1-1024x825.jpg",1024,825,true],"cvmm-small":["https:\/\/diariolanoticia.com.mx\/wp-content\/uploads\/2023\/10\/img_8915-1-130x95.jpg",130,95,true],"full":["https:\/\/diariolanoticia.com.mx\/wp-content\/uploads\/2023\/10\/img_8915-1.jpg",1289,825,false]},"_links":{"self":[{"href":"https:\/\/diariolanoticia.com.mx\/index.php?rest_route=\/wp\/v2\/posts\/115587","targetHints":{"allow":["GET"]}}],"collection":[{"href":"https:\/\/diariolanoticia.com.mx\/index.php?rest_route=\/wp\/v2\/posts"}],"about":[{"href":"https:\/\/diariolanoticia.com.mx\/index.php?rest_route=\/wp\/v2\/types\/post"}],"author":[{"embeddable":true,"href":"https:\/\/diariolanoticia.com.mx\/index.php?rest_route=\/wp\/v2\/users\/1"}],"replies":[{"embeddable":true,"href":"https:\/\/diariolanoticia.com.mx\/index.php?rest_route=%2Fwp%2Fv2%2Fcomments&post=115587"}],"version-history":[{"count":1,"href":"https:\/\/diariolanoticia.com.mx\/index.php?rest_route=\/wp\/v2\/posts\/115587\/revisions"}],"predecessor-version":[{"id":115588,"href":"https:\/\/diariolanoticia.com.mx\/index.php?rest_route=\/wp\/v2\/posts\/115587\/revisions\/115588"}],"wp:featuredmedia":[{"embeddable":true,"href":"https:\/\/diariolanoticia.com.mx\/index.php?rest_route=\/wp\/v2\/media\/115586"}],"wp:attachment":[{"href":"https:\/\/diariolanoticia.com.mx\/index.php?rest_route=%2Fwp%2Fv2%2Fmedia&parent=115587"}],"wp:term":[{"taxonomy":"category","embeddable":true,"href":"https:\/\/diariolanoticia.com.mx\/index.php?rest_route=%2Fwp%2Fv2%2Fcategories&post=115587"},{"taxonomy":"post_tag","embeddable":true,"href":"https:\/\/diariolanoticia.com.mx\/index.php?rest_route=%2Fwp%2Fv2%2Ftags&post=115587"}],"curies":[{"name":"wp","href":"https:\/\/api.w.org\/{rel}","templated":true}]}}