{"id":115636,"date":"2023-10-18T18:51:10","date_gmt":"2023-10-19T00:51:10","guid":{"rendered":"https:\/\/diariolanoticia.com.mx\/?p=115636"},"modified":"2023-10-18T18:51:11","modified_gmt":"2023-10-19T00:51:11","slug":"terraza-infantil-de-tlaxcala-la-feria-de-ferias-2023-fomentara-las-tradiciones-y-despertara-la-imaginacion","status":"publish","type":"post","link":"https:\/\/diariolanoticia.com.mx\/?p=115636","title":{"rendered":"TERRAZA INFANTIL DE \u201cTLAXCALA, LA FERIA DE FERIAS 2023\u201d FOMENTAR\u00c1 LAS TRADICIONES Y DESPERTAR\u00c1 LA IMAGINACI\u00d3N"},"content":{"rendered":"\n<p><em>\u2022Contar\u00e1 con talleres artesanales, casitas tem\u00e1ticas, un museo viviente de animales ex\u00f3ticos y un escenario donde se presentar\u00e1n espect\u00e1culos art\u00edsticos y culturales<\/em><\/p>\n\n\n\n<p>El Patronato para las Exposiciones y Ferias en la Ciudad de Tlaxcala acondicionar\u00e1 durante \u201cTlaxcala, la Feria de Ferias 2023\u201d, una terraza infantil en la que los m\u00e1s peque\u00f1os de la familia disfrutar\u00e1n de diversas actividades gratuitas del 26 de octubre al 20 de noviembre.<\/p>\n\n\n\n<p>La presidenta ejecutiva del Patronato, Rosa Elena Nava Garc\u00eda M\u00e9ndez inform\u00f3 que este espacio denominado \u201cCiudad de los Ni\u00f1os\u201d, fue creado con la finalidad de que los menores conozcan las tradiciones del estado, despierten su imaginaci\u00f3n y se diviertan durante los 26 d\u00edas de feria.<\/p>\n\n\n\n<p>Detall\u00f3 que, la Casa de las Artesan\u00edas de Tlaxcala (CAT) impartir\u00e1 talleres de elaboraci\u00f3n de artesan\u00edas de totomoxtle, barro, pintura popular y pan de fiesta, en un horario de 15:00 a las 18:00 horas.<\/p>\n\n\n\n<p>Habr\u00e1 casitas tem\u00e1ticas donde los infantes simular\u00e1n diferentes oficios y profesiones, mientras que, los d\u00edas 06 y 20 de noviembre a las 18:00 horas disfrutar\u00e1n un show de dinosaurios interactivo.<\/p>\n\n\n\n<p>Tambi\u00e9n contar\u00e1 con un escenario donde habr\u00e1 diferentes funciones a cargo de la compa\u00f1\u00eda teatral \u00bfPor qu\u00e9? de Roy Roy el mimo de Tlaxcala, los payasos \u201cEtiketa\u201d, la compa\u00f1\u00eda \u201cJart\u00e9\u201d, \u201cRoy, cuentacuentos\u201d, y la empresa \u201cAmo Ato\u201d presentar\u00e1 su museo viviente integrado por especies ex\u00f3ticas como reptiles, anfibios y ar\u00e1cnidos e impartir\u00e1 platicas de educaci\u00f3n ambiental.<\/p>\n\n\n\n<p>Para conocer los d\u00edas y horarios de todas las actividades de feria las personas pueden consultar el programa a trav\u00e9s del link https:\/\/heyzine.com\/flip-book\/b8dce9f531.html.<br>Cabe recordar, que \u201cTlaxcala, la Feria de Ferias 2023\u201d abrir\u00e1 sus puertas a partir de las 11:00 horas, el costo de la entrada general es de 10 pesos y los menores que midan menos de 1.10 cent\u00edmetros acceder\u00e1n gratuitamente.<\/p>\n","protected":false},"excerpt":{"rendered":"<p>\u2022Contar\u00e1 con talleres artesanales, casitas tem\u00e1ticas, un museo viviente de animales ex\u00f3ticos y un escenario donde se presentar\u00e1n espect\u00e1culos art\u00edsticos y culturales El Patronato para las Exposiciones y Ferias en la Ciudad de Tlaxcala acondicionar\u00e1 durante \u201cTlaxcala, la Feria de Ferias 2023\u201d, una terraza infantil en la que los m\u00e1s peque\u00f1os de la familia disfrutar\u00e1n [&hellip;]<\/p>\n","protected":false},"author":1,"featured_media":115637,"comment_status":"open","ping_status":"open","sticky":false,"template":"","format":"standard","meta":{"footnotes":""},"categories":[21],"tags":[],"class_list":["post-115636","post","type-post","status-publish","format-standard","has-post-thumbnail","hentry","category-estatal"],"blog_post_layout_featured_media_urls":{"thumbnail":["https:\/\/diariolanoticia.com.mx\/wp-content\/uploads\/2023\/10\/196137d9-2028-48d6-b956-a2e2a2469e74-216x160.jpeg",216,160,true],"full":["https:\/\/diariolanoticia.com.mx\/wp-content\/uploads\/2023\/10\/196137d9-2028-48d6-b956-a2e2a2469e74.jpeg",1600,1056,false]},"categories_names":{"21":{"name":"Estatal","link":"https:\/\/diariolanoticia.com.mx\/?cat=21"}},"tags_names":[],"comments_number":"0","wpmagazine_modules_lite_featured_media_urls":{"thumbnail":["https:\/\/diariolanoticia.com.mx\/wp-content\/uploads\/2023\/10\/196137d9-2028-48d6-b956-a2e2a2469e74-216x160.jpeg",216,160,true],"cvmm-medium":["https:\/\/diariolanoticia.com.mx\/wp-content\/uploads\/2023\/10\/196137d9-2028-48d6-b956-a2e2a2469e74-300x300.jpeg",300,300,true],"cvmm-medium-plus":["https:\/\/diariolanoticia.com.mx\/wp-content\/uploads\/2023\/10\/196137d9-2028-48d6-b956-a2e2a2469e74-305x207.jpeg",305,207,true],"cvmm-portrait":["https:\/\/diariolanoticia.com.mx\/wp-content\/uploads\/2023\/10\/196137d9-2028-48d6-b956-a2e2a2469e74-400x600.jpeg",400,600,true],"cvmm-medium-square":["https:\/\/diariolanoticia.com.mx\/wp-content\/uploads\/2023\/10\/196137d9-2028-48d6-b956-a2e2a2469e74-600x600.jpeg",600,600,true],"cvmm-large":["https:\/\/diariolanoticia.com.mx\/wp-content\/uploads\/2023\/10\/196137d9-2028-48d6-b956-a2e2a2469e74-1024x1024.jpeg",1024,1024,true],"cvmm-small":["https:\/\/diariolanoticia.com.mx\/wp-content\/uploads\/2023\/10\/196137d9-2028-48d6-b956-a2e2a2469e74-130x95.jpeg",130,95,true],"full":["https:\/\/diariolanoticia.com.mx\/wp-content\/uploads\/2023\/10\/196137d9-2028-48d6-b956-a2e2a2469e74.jpeg",1600,1056,false]},"_links":{"self":[{"href":"https:\/\/diariolanoticia.com.mx\/index.php?rest_route=\/wp\/v2\/posts\/115636","targetHints":{"allow":["GET"]}}],"collection":[{"href":"https:\/\/diariolanoticia.com.mx\/index.php?rest_route=\/wp\/v2\/posts"}],"about":[{"href":"https:\/\/diariolanoticia.com.mx\/index.php?rest_route=\/wp\/v2\/types\/post"}],"author":[{"embeddable":true,"href":"https:\/\/diariolanoticia.com.mx\/index.php?rest_route=\/wp\/v2\/users\/1"}],"replies":[{"embeddable":true,"href":"https:\/\/diariolanoticia.com.mx\/index.php?rest_route=%2Fwp%2Fv2%2Fcomments&post=115636"}],"version-history":[{"count":1,"href":"https:\/\/diariolanoticia.com.mx\/index.php?rest_route=\/wp\/v2\/posts\/115636\/revisions"}],"predecessor-version":[{"id":115638,"href":"https:\/\/diariolanoticia.com.mx\/index.php?rest_route=\/wp\/v2\/posts\/115636\/revisions\/115638"}],"wp:featuredmedia":[{"embeddable":true,"href":"https:\/\/diariolanoticia.com.mx\/index.php?rest_route=\/wp\/v2\/media\/115637"}],"wp:attachment":[{"href":"https:\/\/diariolanoticia.com.mx\/index.php?rest_route=%2Fwp%2Fv2%2Fmedia&parent=115636"}],"wp:term":[{"taxonomy":"category","embeddable":true,"href":"https:\/\/diariolanoticia.com.mx\/index.php?rest_route=%2Fwp%2Fv2%2Fcategories&post=115636"},{"taxonomy":"post_tag","embeddable":true,"href":"https:\/\/diariolanoticia.com.mx\/index.php?rest_route=%2Fwp%2Fv2%2Ftags&post=115636"}],"curies":[{"name":"wp","href":"https:\/\/api.w.org\/{rel}","templated":true}]}}