{"id":115847,"date":"2023-10-23T15:09:17","date_gmt":"2023-10-23T21:09:17","guid":{"rendered":"https:\/\/diariolanoticia.com.mx\/?p=115847"},"modified":"2023-10-23T15:09:18","modified_gmt":"2023-10-23T21:09:18","slug":"presento-uatx-libro-sobre-teoria-del-gobierno","status":"publish","type":"post","link":"https:\/\/diariolanoticia.com.mx\/?p=115847","title":{"rendered":"Present\u00f3 UATx libro sobre teor\u00eda del gobierno"},"content":{"rendered":"\n<p>\u00b7&nbsp;&nbsp;&nbsp;&nbsp;&nbsp;&nbsp;&nbsp;&nbsp;&nbsp;<strong>De la autor\u00eda del investigador em\u00e9rito Luis Aguilar Villanueva<\/strong><\/p>\n\n\n\n<p>La Universidad Aut\u00f3noma de Tlaxcala (UATx), el Congreso del Estado de Tlaxcala, el Instituto de Acceso a la Informaci\u00f3n P\u00fablica y Protecci\u00f3n de Datos Personales del Estado de Tlaxcala (IAIP), y el Colegio de Polit\u00f3logos y Administradores P\u00fablicos del Estado de Tlaxcala (COLPAET), en el marco del 38\u00b0 aniversario de la Licenciatura en Ciencias Pol\u00edticas y Administraci\u00f3n P\u00fablica, llevaron a cabo la presentaci\u00f3n del libro \u00abAcerca del Gobierno. Propuesta de una teor\u00eda\u00bb, del reconocido acad\u00e9mico e investigador em\u00e9rito Doctor Luis F. Aguilar Villanueva, celebrado en el patio vitral del Palacio Legislativo.<\/p>\n\n\n\n<p>En el acto protocolario, el Rector de la UATx se\u00f1al\u00f3 que, desde la academia, los te\u00f3ricos dise\u00f1an la ruta y la probabilidad de c\u00f3mo resolver y atender ciertos problemas que, en la din\u00e1mica de la praxis, a veces se obvian y es en este libro que se dan potencialmente soluciones que, bien ejercidas, pueden atender las problem\u00e1ticas de las sociedades.<\/p>\n\n\n\n<p>Destac\u00f3 que este texto es un portento sistem\u00e1tico de un constructo te\u00f3rico que sirve para los que hacen gobierno, para que direccionen sus acciones de manera performativa y no solo discursiva, en sus dos escenarios, tanto como en el gobierno y en la gobernanza, atendiendo las necesidades p\u00fablicas que la sociedad demande.<\/p>\n\n\n\n<p>En tanto la Licenciada Maribel Rodr\u00edguez Piedras, Comisionada Presidenta de la IAIP, puntualiz\u00f3 que este encuentro recuerda la estrecha relaci\u00f3n que existe entre la academia y el ejercicio del servicio p\u00fablico, as\u00ed como las decisiones y acciones que impactan directamente en la sociedad tlaxcalteca, siendo una contribuci\u00f3n excepcional a la convicci\u00f3n del gobierno y su funcionamiento, a trav\u00e9s del an\u00e1lisis sobre la administraci\u00f3n p\u00fablica, la pol\u00edtica, la gobernabilidad, la transparencia y la rendici\u00f3n de cuentas.<\/p>\n\n\n\n<p>Por su parte, el Maestro Dante Morales Cruz, Director de la Facultad de Derecho, Ciencias Pol\u00edticas y Criminolog\u00eda, expres\u00f3 que trav\u00e9s de un acto consistente como la presentaci\u00f3n del libro, se genera un v\u00ednculo que traduce alianzas con la sociedad, donde los estudiantes, acad\u00e9micos e invitados abonar\u00e1n a su conocimiento, enriqueciendo su formaci\u00f3n profesional.<\/p>\n\n\n\n<p>En su momento, el Maestros Jos\u00e9 David Cabrera Canales, Presidente del COLPAET, asent\u00f3 que hoy m\u00e1s que nunca las personas deben involucrarse en los asuntos p\u00fablicos, ya que la relaci\u00f3n entre gobierno y sociedad ha generado un d\u00e9ficit de efectividad, que afecta al estado como ente regulador y perjudica la confianza ciudadana en los gobiernos, disminuyendo la posibilidad de llevar a cabo acciones que permitan una efectividad y legitimidad.<\/p>\n\n\n\n<p>Los comentarios del texto corrieron a cargo del Doctor Seraf\u00edn Ortiz, investigador nacional Nivel II; del Maestro Octavio Garc\u00eda Ram\u00edrez, integrante de la Red Acad\u00e9mica de Gobierno Abierto, M\u00e9xico; y del Doctor Jos\u00e9 Alfonso Lima Guti\u00e9rrez, miembro del COLPAET; y fueron moderados por el Licenciado Jos\u00e9 Eliseo Hern\u00e1ndez S\u00e1nchez, Secretario Parlamentario y miembro del COLPAET.&nbsp;<\/p>\n\n\n\n<p>Luis F. Aguilar Villanueva es doctor en Filosof\u00eda, con especialidad en Filosof\u00eda Pol\u00edtica, Investigador Nacional Em\u00e9rito del Sistema Nacional de Investigadores (SNI) Nivel III del CONAHCYT, ha impartido catedra en la Universidad Nacional Aut\u00f3noma de M\u00e9xico (UNAM), El Colegio de M\u00e9xico (COLMEX) y la Universidad Aut\u00f3noma Metropolitana (UAM-Xochimilco), miembro del Comit\u00e9 Internacional de Expertos en Administraci\u00f3n P\u00fablica de la ONU, e imparte regularmente cursos sobre gobierno, gesti\u00f3n y pol\u00edtica p\u00fablica en pa\u00edses de Iberoam\u00e9rica y en Espa\u00f1a.<\/p>\n\n\n\n<p>A este evento, se dieron cita, diputados locales, integrantes de la estructura directiva de la Aut\u00f3noma de Tlaxcala, investigadores, acad\u00e9micos y estudiantes.<\/p>\n","protected":false},"excerpt":{"rendered":"<p>\u00b7&nbsp;&nbsp;&nbsp;&nbsp;&nbsp;&nbsp;&nbsp;&nbsp;&nbsp;De la autor\u00eda del investigador em\u00e9rito Luis Aguilar Villanueva La Universidad Aut\u00f3noma de Tlaxcala (UATx), el Congreso del Estado de Tlaxcala, el Instituto de Acceso a la Informaci\u00f3n P\u00fablica y Protecci\u00f3n de Datos Personales del Estado de Tlaxcala (IAIP), y el Colegio de Polit\u00f3logos y Administradores P\u00fablicos del Estado de Tlaxcala (COLPAET), en el marco [&hellip;]<\/p>\n","protected":false},"author":1,"featured_media":115848,"comment_status":"open","ping_status":"open","sticky":false,"template":"","format":"standard","meta":{"footnotes":""},"categories":[10],"tags":[],"class_list":["post-115847","post","type-post","status-publish","format-standard","has-post-thumbnail","hentry","category-educacion"],"blog_post_layout_featured_media_urls":{"thumbnail":["https:\/\/diariolanoticia.com.mx\/wp-content\/uploads\/2023\/10\/20-B-Presento-UATx-libro-sobre-teoria-del-gobierno-216x160.jpg",216,160,true],"full":["https:\/\/diariolanoticia.com.mx\/wp-content\/uploads\/2023\/10\/20-B-Presento-UATx-libro-sobre-teoria-del-gobierno.jpg",2300,1533,false]},"categories_names":{"10":{"name":"Educaci\u00f3n","link":"https:\/\/diariolanoticia.com.mx\/?cat=10"}},"tags_names":[],"comments_number":"0","wpmagazine_modules_lite_featured_media_urls":{"thumbnail":["https:\/\/diariolanoticia.com.mx\/wp-content\/uploads\/2023\/10\/20-B-Presento-UATx-libro-sobre-teoria-del-gobierno-216x160.jpg",216,160,true],"cvmm-medium":["https:\/\/diariolanoticia.com.mx\/wp-content\/uploads\/2023\/10\/20-B-Presento-UATx-libro-sobre-teoria-del-gobierno-300x300.jpg",300,300,true],"cvmm-medium-plus":["https:\/\/diariolanoticia.com.mx\/wp-content\/uploads\/2023\/10\/20-B-Presento-UATx-libro-sobre-teoria-del-gobierno-305x207.jpg",305,207,true],"cvmm-portrait":["https:\/\/diariolanoticia.com.mx\/wp-content\/uploads\/2023\/10\/20-B-Presento-UATx-libro-sobre-teoria-del-gobierno-400x600.jpg",400,600,true],"cvmm-medium-square":["https:\/\/diariolanoticia.com.mx\/wp-content\/uploads\/2023\/10\/20-B-Presento-UATx-libro-sobre-teoria-del-gobierno-600x600.jpg",600,600,true],"cvmm-large":["https:\/\/diariolanoticia.com.mx\/wp-content\/uploads\/2023\/10\/20-B-Presento-UATx-libro-sobre-teoria-del-gobierno-1024x1024.jpg",1024,1024,true],"cvmm-small":["https:\/\/diariolanoticia.com.mx\/wp-content\/uploads\/2023\/10\/20-B-Presento-UATx-libro-sobre-teoria-del-gobierno-130x95.jpg",130,95,true],"full":["https:\/\/diariolanoticia.com.mx\/wp-content\/uploads\/2023\/10\/20-B-Presento-UATx-libro-sobre-teoria-del-gobierno.jpg",2300,1533,false]},"_links":{"self":[{"href":"https:\/\/diariolanoticia.com.mx\/index.php?rest_route=\/wp\/v2\/posts\/115847","targetHints":{"allow":["GET"]}}],"collection":[{"href":"https:\/\/diariolanoticia.com.mx\/index.php?rest_route=\/wp\/v2\/posts"}],"about":[{"href":"https:\/\/diariolanoticia.com.mx\/index.php?rest_route=\/wp\/v2\/types\/post"}],"author":[{"embeddable":true,"href":"https:\/\/diariolanoticia.com.mx\/index.php?rest_route=\/wp\/v2\/users\/1"}],"replies":[{"embeddable":true,"href":"https:\/\/diariolanoticia.com.mx\/index.php?rest_route=%2Fwp%2Fv2%2Fcomments&post=115847"}],"version-history":[{"count":1,"href":"https:\/\/diariolanoticia.com.mx\/index.php?rest_route=\/wp\/v2\/posts\/115847\/revisions"}],"predecessor-version":[{"id":115849,"href":"https:\/\/diariolanoticia.com.mx\/index.php?rest_route=\/wp\/v2\/posts\/115847\/revisions\/115849"}],"wp:featuredmedia":[{"embeddable":true,"href":"https:\/\/diariolanoticia.com.mx\/index.php?rest_route=\/wp\/v2\/media\/115848"}],"wp:attachment":[{"href":"https:\/\/diariolanoticia.com.mx\/index.php?rest_route=%2Fwp%2Fv2%2Fmedia&parent=115847"}],"wp:term":[{"taxonomy":"category","embeddable":true,"href":"https:\/\/diariolanoticia.com.mx\/index.php?rest_route=%2Fwp%2Fv2%2Fcategories&post=115847"},{"taxonomy":"post_tag","embeddable":true,"href":"https:\/\/diariolanoticia.com.mx\/index.php?rest_route=%2Fwp%2Fv2%2Ftags&post=115847"}],"curies":[{"name":"wp","href":"https:\/\/api.w.org\/{rel}","templated":true}]}}