{"id":115941,"date":"2023-10-17T22:24:13","date_gmt":"2023-10-18T04:24:13","guid":{"rendered":"https:\/\/diariolanoticia.com.mx\/?p=115941"},"modified":"2023-10-24T22:24:24","modified_gmt":"2023-10-25T04:24:24","slug":"gobierno-de-yauhquemehcan-te-invita-a-la-activacion-fisica-con-motivo-del-dia-de-la-lucha-contra-el-cancer","status":"publish","type":"post","link":"https:\/\/diariolanoticia.com.mx\/?p=115941","title":{"rendered":"Gobierno de Yauhquemehcan te invita a la activaci\u00f3n f\u00edsica con motivo del d\u00eda de la lucha contra el c\u00e1ncer"},"content":{"rendered":"\n<p>La coordinaci\u00f3n de salud y el instituto de la juventud y deporte del <a href=\"https:\/\/www.facebook.com\/GobiernoYauhquemehcan?__cft__[0]=AZXpJ4JOXugPcnyZ7BM19xlLxYms5xtjcdK6naM5Slf0C3KE1kpa540gXY_FPB-Pp2wo5clgSBnRODL7BmkKd08RbJGOqseC8dxN15LZXM2cPGTW_JkEpRbEMTh6I_KikFF7-t2N2DDBbEJiu7NtfK5DNjq0-e4wcS9btQsMo28u_SqxH0Ccd6RpimyBwokYthM&amp;__tn__=-]K-R\">Gobierno de Yauhquemehcan 2021-2024<\/a> invitan a las mujeres del municipio a la <a href=\"https:\/\/www.facebook.com\/events\/1043356676682036\/?__cft__[0]=AZXpJ4JOXugPcnyZ7BM19xlLxYms5xtjcdK6naM5Slf0C3KE1kpa540gXY_FPB-Pp2wo5clgSBnRODL7BmkKd08RbJGOqseC8dxN15LZXM2cPGTW_JkEpRbEMTh6I_KikFF7-t2N2DDBbEJiu7NtfK5DNjq0-e4wcS9btQsMo28u_SqxH0Ccd6RpimyBwokYthM&amp;__tn__=-UK-R\">\u00abClase de Activaci\u00f3n F\u00edsica, conmemoramos el D\u00eda Internacional de la Lucha contra el c\u00e1ncer de mama\u00bb<\/a> . en el centro de Salud de la cabecera municipal San Dionisio.<a href=\"https:\/\/www.facebook.com\/hashtag\/bienestarquefluye?__eep__=6&amp;__cft__[0]=AZXpJ4JOXugPcnyZ7BM19xlLxYms5xtjcdK6naM5Slf0C3KE1kpa540gXY_FPB-Pp2wo5clgSBnRODL7BmkKd08RbJGOqseC8dxN15LZXM2cPGTW_JkEpRbEMTh6I_KikFF7-t2N2DDBbEJiu7NtfK5DNjq0-e4wcS9btQsMo28u_SqxH0Ccd6RpimyBwokYthM&amp;__tn__=*NK-R\">#BienestarQueFluye<\/a><\/p>\n","protected":false},"excerpt":{"rendered":"<p>La coordinaci\u00f3n de salud y el instituto de la juventud y deporte del Gobierno de Yauhquemehcan 2021-2024 invitan a las mujeres del municipio a la \u00abClase de Activaci\u00f3n F\u00edsica, conmemoramos el D\u00eda Internacional de la Lucha contra el c\u00e1ncer de mama\u00bb . en el centro de Salud de la cabecera municipal San Dionisio.#BienestarQueFluye<\/p>\n","protected":false},"author":1,"featured_media":115942,"comment_status":"open","ping_status":"open","sticky":false,"template":"","format":"standard","meta":{"footnotes":""},"categories":[46],"tags":[],"class_list":["post-115941","post","type-post","status-publish","format-standard","has-post-thumbnail","hentry","category-yauhquemehcan"],"blog_post_layout_featured_media_urls":{"thumbnail":["https:\/\/diariolanoticia.com.mx\/wp-content\/uploads\/2023\/10\/391614826_348678397670131_7437990976541951110_n-216x160.jpg",216,160,true],"full":["https:\/\/diariolanoticia.com.mx\/wp-content\/uploads\/2023\/10\/391614826_348678397670131_7437990976541951110_n.jpg",940,788,false]},"categories_names":{"46":{"name":"Yauhquemehcan","link":"https:\/\/diariolanoticia.com.mx\/?cat=46"}},"tags_names":[],"comments_number":"0","wpmagazine_modules_lite_featured_media_urls":{"thumbnail":["https:\/\/diariolanoticia.com.mx\/wp-content\/uploads\/2023\/10\/391614826_348678397670131_7437990976541951110_n-216x160.jpg",216,160,true],"cvmm-medium":["https:\/\/diariolanoticia.com.mx\/wp-content\/uploads\/2023\/10\/391614826_348678397670131_7437990976541951110_n-300x300.jpg",300,300,true],"cvmm-medium-plus":["https:\/\/diariolanoticia.com.mx\/wp-content\/uploads\/2023\/10\/391614826_348678397670131_7437990976541951110_n-305x207.jpg",305,207,true],"cvmm-portrait":["https:\/\/diariolanoticia.com.mx\/wp-content\/uploads\/2023\/10\/391614826_348678397670131_7437990976541951110_n-400x600.jpg",400,600,true],"cvmm-medium-square":["https:\/\/diariolanoticia.com.mx\/wp-content\/uploads\/2023\/10\/391614826_348678397670131_7437990976541951110_n-600x600.jpg",600,600,true],"cvmm-large":["https:\/\/diariolanoticia.com.mx\/wp-content\/uploads\/2023\/10\/391614826_348678397670131_7437990976541951110_n.jpg",940,788,false],"cvmm-small":["https:\/\/diariolanoticia.com.mx\/wp-content\/uploads\/2023\/10\/391614826_348678397670131_7437990976541951110_n-130x95.jpg",130,95,true],"full":["https:\/\/diariolanoticia.com.mx\/wp-content\/uploads\/2023\/10\/391614826_348678397670131_7437990976541951110_n.jpg",940,788,false]},"_links":{"self":[{"href":"https:\/\/diariolanoticia.com.mx\/index.php?rest_route=\/wp\/v2\/posts\/115941","targetHints":{"allow":["GET"]}}],"collection":[{"href":"https:\/\/diariolanoticia.com.mx\/index.php?rest_route=\/wp\/v2\/posts"}],"about":[{"href":"https:\/\/diariolanoticia.com.mx\/index.php?rest_route=\/wp\/v2\/types\/post"}],"author":[{"embeddable":true,"href":"https:\/\/diariolanoticia.com.mx\/index.php?rest_route=\/wp\/v2\/users\/1"}],"replies":[{"embeddable":true,"href":"https:\/\/diariolanoticia.com.mx\/index.php?rest_route=%2Fwp%2Fv2%2Fcomments&post=115941"}],"version-history":[{"count":1,"href":"https:\/\/diariolanoticia.com.mx\/index.php?rest_route=\/wp\/v2\/posts\/115941\/revisions"}],"predecessor-version":[{"id":115943,"href":"https:\/\/diariolanoticia.com.mx\/index.php?rest_route=\/wp\/v2\/posts\/115941\/revisions\/115943"}],"wp:featuredmedia":[{"embeddable":true,"href":"https:\/\/diariolanoticia.com.mx\/index.php?rest_route=\/wp\/v2\/media\/115942"}],"wp:attachment":[{"href":"https:\/\/diariolanoticia.com.mx\/index.php?rest_route=%2Fwp%2Fv2%2Fmedia&parent=115941"}],"wp:term":[{"taxonomy":"category","embeddable":true,"href":"https:\/\/diariolanoticia.com.mx\/index.php?rest_route=%2Fwp%2Fv2%2Fcategories&post=115941"},{"taxonomy":"post_tag","embeddable":true,"href":"https:\/\/diariolanoticia.com.mx\/index.php?rest_route=%2Fwp%2Fv2%2Ftags&post=115941"}],"curies":[{"name":"wp","href":"https:\/\/api.w.org\/{rel}","templated":true}]}}