{"id":115976,"date":"2023-10-24T23:38:50","date_gmt":"2023-10-25T05:38:50","guid":{"rendered":"https:\/\/diariolanoticia.com.mx\/?p=115976"},"modified":"2023-10-24T23:38:51","modified_gmt":"2023-10-25T05:38:51","slug":"efectuo-uatx-jornada-academica-por-el-dia-del-medico","status":"publish","type":"post","link":"https:\/\/diariolanoticia.com.mx\/?p=115976","title":{"rendered":"Efectu\u00f3 UATx jornada acad\u00e9mica por el D\u00eda del M\u00e9dico"},"content":{"rendered":"\n<p>La Universidad Aut\u00f3noma de Tlaxcala (UATx), a trav\u00e9s de la Facultad de Ciencias de la Salud, en coordinaci\u00f3n con la Licenciatura en M\u00e9dico Cirujano, llev\u00f3 a cabo la jornada acad\u00e9mica con motivo del \u00abD\u00eda del M\u00e9dico\u00bb, celebrada en el Centro Cultural Universitario (CCU).<\/p>\n\n\n\n<p>En su mensaje, el Doctor Jos\u00e9 Reyes Luna Ruiz, Coordinador de la Divisi\u00f3n de Ciencias Biol\u00f3gicas, a nombre del Doctor Seraf\u00edn Ortiz Ortiz, Rector de la UATx,&nbsp; se\u00f1al\u00f3 que en los&nbsp; profesionales de la salud recae la responsabilidad del bienestar de la sociedad tlaxcalteca y del pa\u00eds, por ello, es inter\u00e9s de esta Casa de Estudios que los educandos cuenten con las herramientas necesarias para acrecentar sus competencias, habilidades y destrezas, actividad que se fortalecen con el Modelo Humanista Integrador basado en Capacidades (MHIC), propiciando con ello abrevar conocimiento de vanguardia para enfrentar los retos que impone la globalizaci\u00f3n.<\/p>\n\n\n\n<p>Recalc\u00f3 que, celebrar esta fecha representa una oportunidad para reconocer su vocaci\u00f3n de servicio, \u00e9tica m\u00e9dica, su labor y el compromiso que adquieren al poner en pr\u00e1ctica su ejercicio profesional en los distintos campos de esta disciplina, salvaguardando en todo momento la vida digna y protegiendo la salud de la humanidad en general.<\/p>\n\n\n\n<p>Por su parte, el Doctor Jos\u00e9 Francisco Mauricio Garc\u00eda, Director de la Facultad, recalc\u00f3 que el ejercicio de la medicina es una de las actividades m\u00e1s nobles, humana, sensible y comprometida con la poblaci\u00f3n, por lo que exhort\u00f3 a los estudiantes a sentirse orgullosos de la profesi\u00f3n en la cual se preparan, toda vez que son ellos quienes confortan a las personas en sus padecimientos.<\/p>\n\n\n\n<p>Subray\u00f3 que en esta alma m\u00e1ter se forman a los mejores m\u00e9dicos que requiere el pa\u00eds, por ello, los conmin\u00f3 a dedicar el mayor tiempo a abrevar conocimiento nuevo, que les d\u00e9 la oportunidad de introducirse en el \u00e1mbito de la investigaci\u00f3n, a fin de proponer y encontrar nuevas herramientas que los lleve a proponer alternativas de soluci\u00f3n a los diversos padecimientos.&nbsp;<\/p>\n\n\n\n<p>En tanto, el Doctor Hugo Jaime S\u00e1nchez S\u00e1nchez, Coordinador del Programa Educativo en M\u00e9dico Cirujano, dijo que esta licenciatura exige de sus alumnos tener una preparaci\u00f3n humanista para saber comprender y escuchar a las personas que atienden, tanto en hospitales como en la pr\u00e1ctica privada.<\/p>\n\n\n\n<p>Esta jornada abord\u00f3 t\u00f3picos como: \u00abEnfermedades renales m\u00e1s frecuentes en pediatr\u00eda\u00bb; \u00abBio\u00e9tica aplicada a la atenci\u00f3n medica\u00bb; \u00abPatolog\u00eda m\u00e1s frecuente de los pares craneales\u00bb; \u00abBio\u00e9tica para estudiantes de medicina\u00bb; entre otros.<\/p>\n\n\n\n<p>Este acto, cont\u00f3 con la asistencia de la Maestra Irma Lumbreras Delgado, Secretaria de Facultad, as\u00ed como las comunidades docente y estudiantil.<\/p>\n","protected":false},"excerpt":{"rendered":"<p>La Universidad Aut\u00f3noma de Tlaxcala (UATx), a trav\u00e9s de la Facultad de Ciencias de la Salud, en coordinaci\u00f3n con la Licenciatura en M\u00e9dico Cirujano, llev\u00f3 a cabo la jornada acad\u00e9mica con motivo del \u00abD\u00eda del M\u00e9dico\u00bb, celebrada en el Centro Cultural Universitario (CCU). En su mensaje, el Doctor Jos\u00e9 Reyes Luna Ruiz, Coordinador de la [&hellip;]<\/p>\n","protected":false},"author":1,"featured_media":115977,"comment_status":"open","ping_status":"open","sticky":false,"template":"","format":"standard","meta":{"footnotes":""},"categories":[10],"tags":[],"class_list":["post-115976","post","type-post","status-publish","format-standard","has-post-thumbnail","hentry","category-educacion"],"blog_post_layout_featured_media_urls":{"thumbnail":["https:\/\/diariolanoticia.com.mx\/wp-content\/uploads\/2023\/10\/24-Efectuo-UATx-jornada-academica-por-el-Dia-del-Medico-216x160.jpg",216,160,true],"full":["https:\/\/diariolanoticia.com.mx\/wp-content\/uploads\/2023\/10\/24-Efectuo-UATx-jornada-academica-por-el-Dia-del-Medico.jpg",2300,1498,false]},"categories_names":{"10":{"name":"Educaci\u00f3n","link":"https:\/\/diariolanoticia.com.mx\/?cat=10"}},"tags_names":[],"comments_number":"0","wpmagazine_modules_lite_featured_media_urls":{"thumbnail":["https:\/\/diariolanoticia.com.mx\/wp-content\/uploads\/2023\/10\/24-Efectuo-UATx-jornada-academica-por-el-Dia-del-Medico-216x160.jpg",216,160,true],"cvmm-medium":["https:\/\/diariolanoticia.com.mx\/wp-content\/uploads\/2023\/10\/24-Efectuo-UATx-jornada-academica-por-el-Dia-del-Medico-300x300.jpg",300,300,true],"cvmm-medium-plus":["https:\/\/diariolanoticia.com.mx\/wp-content\/uploads\/2023\/10\/24-Efectuo-UATx-jornada-academica-por-el-Dia-del-Medico-305x207.jpg",305,207,true],"cvmm-portrait":["https:\/\/diariolanoticia.com.mx\/wp-content\/uploads\/2023\/10\/24-Efectuo-UATx-jornada-academica-por-el-Dia-del-Medico-400x600.jpg",400,600,true],"cvmm-medium-square":["https:\/\/diariolanoticia.com.mx\/wp-content\/uploads\/2023\/10\/24-Efectuo-UATx-jornada-academica-por-el-Dia-del-Medico-600x600.jpg",600,600,true],"cvmm-large":["https:\/\/diariolanoticia.com.mx\/wp-content\/uploads\/2023\/10\/24-Efectuo-UATx-jornada-academica-por-el-Dia-del-Medico-1024x1024.jpg",1024,1024,true],"cvmm-small":["https:\/\/diariolanoticia.com.mx\/wp-content\/uploads\/2023\/10\/24-Efectuo-UATx-jornada-academica-por-el-Dia-del-Medico-130x95.jpg",130,95,true],"full":["https:\/\/diariolanoticia.com.mx\/wp-content\/uploads\/2023\/10\/24-Efectuo-UATx-jornada-academica-por-el-Dia-del-Medico.jpg",2300,1498,false]},"_links":{"self":[{"href":"https:\/\/diariolanoticia.com.mx\/index.php?rest_route=\/wp\/v2\/posts\/115976","targetHints":{"allow":["GET"]}}],"collection":[{"href":"https:\/\/diariolanoticia.com.mx\/index.php?rest_route=\/wp\/v2\/posts"}],"about":[{"href":"https:\/\/diariolanoticia.com.mx\/index.php?rest_route=\/wp\/v2\/types\/post"}],"author":[{"embeddable":true,"href":"https:\/\/diariolanoticia.com.mx\/index.php?rest_route=\/wp\/v2\/users\/1"}],"replies":[{"embeddable":true,"href":"https:\/\/diariolanoticia.com.mx\/index.php?rest_route=%2Fwp%2Fv2%2Fcomments&post=115976"}],"version-history":[{"count":1,"href":"https:\/\/diariolanoticia.com.mx\/index.php?rest_route=\/wp\/v2\/posts\/115976\/revisions"}],"predecessor-version":[{"id":115978,"href":"https:\/\/diariolanoticia.com.mx\/index.php?rest_route=\/wp\/v2\/posts\/115976\/revisions\/115978"}],"wp:featuredmedia":[{"embeddable":true,"href":"https:\/\/diariolanoticia.com.mx\/index.php?rest_route=\/wp\/v2\/media\/115977"}],"wp:attachment":[{"href":"https:\/\/diariolanoticia.com.mx\/index.php?rest_route=%2Fwp%2Fv2%2Fmedia&parent=115976"}],"wp:term":[{"taxonomy":"category","embeddable":true,"href":"https:\/\/diariolanoticia.com.mx\/index.php?rest_route=%2Fwp%2Fv2%2Fcategories&post=115976"},{"taxonomy":"post_tag","embeddable":true,"href":"https:\/\/diariolanoticia.com.mx\/index.php?rest_route=%2Fwp%2Fv2%2Ftags&post=115976"}],"curies":[{"name":"wp","href":"https:\/\/api.w.org\/{rel}","templated":true}]}}