{"id":116009,"date":"2023-10-25T16:11:33","date_gmt":"2023-10-25T22:11:33","guid":{"rendered":"https:\/\/diariolanoticia.com.mx\/?p=116009"},"modified":"2023-10-25T16:11:34","modified_gmt":"2023-10-25T22:11:34","slug":"vive-una-experiencia-multisensorial-con-el-arbol-de-la-vida-en-tlaxcala-la-feria-de-ferias-2023","status":"publish","type":"post","link":"https:\/\/diariolanoticia.com.mx\/?p=116009","title":{"rendered":"VIVE UNA EXPERIENCIA MULTISENSORIAL CON EL \u201c\u00c1RBOL DE LA VIDA\u201d EN TLAXCALA, LA FERIA DE FERIAS 2023"},"content":{"rendered":"\n<p>\u2022 Este proyecto art\u00edstico brinda una experiencia \u00fanica al permitir una interacci\u00f3n entre los humanos y seres del reino vegetal por medio de luces y sonidos<\/p>\n\n\n\n<p>El Patronato para las Exposiciones y Ferias en la Ciudad de Tlaxcala en conjunto con la Secretar\u00eda de Cultura federal, a trav\u00e9s de La Colmena: Centro de Tecnolog\u00edas Creativas \u201cGrace Quintanilla\u201d invitan a vivir una experiencia sensorial \u00fanica en el \u201c\u00c1rbol de la Vida\u201d.<\/p>\n\n\n\n<p>Como parte de las actividades de \u201cTlaxcala, la Feria de Ferias 2023\u201d, del 26 al 28 de octubre un emblem\u00e1tico \u00e1rbol de la especie phytolacca dioica, omb\u00fa o bellasombra, ubicado en el jard\u00edn de los artesanos del Recinto Ferial, dar\u00e1 la bienvenida a los cientos de visitantes que asistan a la m\u00e1xima fiesta del estado.<\/p>\n\n\n\n<p>La presidenta ejecutiva del Patronato, Rosa Elena Nava Garc\u00eda M\u00e9ndez explic\u00f3 que se trata de una instalaci\u00f3n inmersiva multisensorial derivada del proyecto art\u00edstico \u201cInmensidad\u201d, una videoinstalaci\u00f3n sonora que fue presentada por primera vez en el a\u00f1o 2014 al interior del pante\u00f3n de La Candelaria Teotlalpan, municipio de Totolac.<\/p>\n\n\n\n<p>Destac\u00f3 que, este proyecto demuestra de que la naturaleza y la tecnolog\u00eda pueden coexistir de manera armoniosa, al permitir una interacci\u00f3n entre los humanos y seres del reino vegetal.<\/p>\n\n\n\n<p>El \u201c\u00c1rbol de la Vida\u201d utiliza instrumentos de medici\u00f3n electr\u00f3nicos y de fen\u00f3menos f\u00edsicos simples, a trav\u00e9s de los cuales construye una comunicaci\u00f3n producida por la proximidad y tacto entre seres humanos y plantas, la cual se traduce en se\u00f1ales el\u00e9ctricas que son transformadas en sonidos y luz que denotan una experiencia sensorial \u00fanica.<\/p>\n\n\n\n<p>La pieza de arte experimental se ha presentado en importantes festivales, en Par\u00eds, Francia durante el 2017 y en Tokio, Jap\u00f3n en el 2018; es resultado de la colaboraci\u00f3n entre los colectivos Rosa Mejicano, Track-Thor y La Colmena: Centro de Tecnolog\u00edas Creativas Grace Quintanilla.<\/p>\n","protected":false},"excerpt":{"rendered":"<p>\u2022 Este proyecto art\u00edstico brinda una experiencia \u00fanica al permitir una interacci\u00f3n entre los humanos y seres del reino vegetal por medio de luces y sonidos El Patronato para las Exposiciones y Ferias en la Ciudad de Tlaxcala en conjunto con la Secretar\u00eda de Cultura federal, a trav\u00e9s de La Colmena: Centro de Tecnolog\u00edas Creativas [&hellip;]<\/p>\n","protected":false},"author":1,"featured_media":116010,"comment_status":"open","ping_status":"open","sticky":false,"template":"","format":"standard","meta":{"footnotes":""},"categories":[21],"tags":[],"class_list":["post-116009","post","type-post","status-publish","format-standard","has-post-thumbnail","hentry","category-estatal"],"blog_post_layout_featured_media_urls":{"thumbnail":["https:\/\/diariolanoticia.com.mx\/wp-content\/uploads\/2023\/10\/WhatsApp-Image-2023-10-25-at-13.17.02-216x160.jpeg",216,160,true],"full":["https:\/\/diariolanoticia.com.mx\/wp-content\/uploads\/2023\/10\/WhatsApp-Image-2023-10-25-at-13.17.02.jpeg",1600,1066,false]},"categories_names":{"21":{"name":"Estatal","link":"https:\/\/diariolanoticia.com.mx\/?cat=21"}},"tags_names":[],"comments_number":"0","wpmagazine_modules_lite_featured_media_urls":{"thumbnail":["https:\/\/diariolanoticia.com.mx\/wp-content\/uploads\/2023\/10\/WhatsApp-Image-2023-10-25-at-13.17.02-216x160.jpeg",216,160,true],"cvmm-medium":["https:\/\/diariolanoticia.com.mx\/wp-content\/uploads\/2023\/10\/WhatsApp-Image-2023-10-25-at-13.17.02-300x300.jpeg",300,300,true],"cvmm-medium-plus":["https:\/\/diariolanoticia.com.mx\/wp-content\/uploads\/2023\/10\/WhatsApp-Image-2023-10-25-at-13.17.02-305x207.jpeg",305,207,true],"cvmm-portrait":["https:\/\/diariolanoticia.com.mx\/wp-content\/uploads\/2023\/10\/WhatsApp-Image-2023-10-25-at-13.17.02-400x600.jpeg",400,600,true],"cvmm-medium-square":["https:\/\/diariolanoticia.com.mx\/wp-content\/uploads\/2023\/10\/WhatsApp-Image-2023-10-25-at-13.17.02-600x600.jpeg",600,600,true],"cvmm-large":["https:\/\/diariolanoticia.com.mx\/wp-content\/uploads\/2023\/10\/WhatsApp-Image-2023-10-25-at-13.17.02-1024x1024.jpeg",1024,1024,true],"cvmm-small":["https:\/\/diariolanoticia.com.mx\/wp-content\/uploads\/2023\/10\/WhatsApp-Image-2023-10-25-at-13.17.02-130x95.jpeg",130,95,true],"full":["https:\/\/diariolanoticia.com.mx\/wp-content\/uploads\/2023\/10\/WhatsApp-Image-2023-10-25-at-13.17.02.jpeg",1600,1066,false]},"_links":{"self":[{"href":"https:\/\/diariolanoticia.com.mx\/index.php?rest_route=\/wp\/v2\/posts\/116009","targetHints":{"allow":["GET"]}}],"collection":[{"href":"https:\/\/diariolanoticia.com.mx\/index.php?rest_route=\/wp\/v2\/posts"}],"about":[{"href":"https:\/\/diariolanoticia.com.mx\/index.php?rest_route=\/wp\/v2\/types\/post"}],"author":[{"embeddable":true,"href":"https:\/\/diariolanoticia.com.mx\/index.php?rest_route=\/wp\/v2\/users\/1"}],"replies":[{"embeddable":true,"href":"https:\/\/diariolanoticia.com.mx\/index.php?rest_route=%2Fwp%2Fv2%2Fcomments&post=116009"}],"version-history":[{"count":1,"href":"https:\/\/diariolanoticia.com.mx\/index.php?rest_route=\/wp\/v2\/posts\/116009\/revisions"}],"predecessor-version":[{"id":116011,"href":"https:\/\/diariolanoticia.com.mx\/index.php?rest_route=\/wp\/v2\/posts\/116009\/revisions\/116011"}],"wp:featuredmedia":[{"embeddable":true,"href":"https:\/\/diariolanoticia.com.mx\/index.php?rest_route=\/wp\/v2\/media\/116010"}],"wp:attachment":[{"href":"https:\/\/diariolanoticia.com.mx\/index.php?rest_route=%2Fwp%2Fv2%2Fmedia&parent=116009"}],"wp:term":[{"taxonomy":"category","embeddable":true,"href":"https:\/\/diariolanoticia.com.mx\/index.php?rest_route=%2Fwp%2Fv2%2Fcategories&post=116009"},{"taxonomy":"post_tag","embeddable":true,"href":"https:\/\/diariolanoticia.com.mx\/index.php?rest_route=%2Fwp%2Fv2%2Ftags&post=116009"}],"curies":[{"name":"wp","href":"https:\/\/api.w.org\/{rel}","templated":true}]}}