{"id":116030,"date":"2023-10-25T18:00:28","date_gmt":"2023-10-26T00:00:28","guid":{"rendered":"https:\/\/diariolanoticia.com.mx\/?p=116030"},"modified":"2023-10-25T18:00:29","modified_gmt":"2023-10-26T00:00:29","slug":"trabaja-sepe-uset-con-figuras-educativas-de-secundarias-tecnicas","status":"publish","type":"post","link":"https:\/\/diariolanoticia.com.mx\/?p=116030","title":{"rendered":"TRABAJA SEPE\u2013USET CON FIGURAS EDUCATIVAS DE SECUNDARIAS T\u00c9CNICAS"},"content":{"rendered":"\n<p>*Participaron directores, supervisores, integrantes de la mesa t\u00e9cnica y personal administrativo<\/p>\n\n\n\n<p>La Secretar\u00eda de Educaci\u00f3n P\u00fablica del Estado y la Unidad de Servicios Educativos de Tlaxcala (SEPE\u2013USET), a trav\u00e9s del Departamento de Secundarias T\u00e9cnicas, llev\u00f3 a cabo una reuni\u00f3n con directores, supervisores, integrantes de la mesa t\u00e9cnica y personal administrativo sobre el Plan de Trabajo del ciclo escolar 2023\u20132024.<\/p>\n\n\n\n<p>El secretario de Educaci\u00f3n P\u00fablica del estado, Homero Meneses Hern\u00e1ndez destac\u00f3 la importancia de este evento que reuni\u00f3 a figuras educativas y administrativas de este subsistema, con el objetivo de dar a conocer oportunamente las actividades contempladas en este periodo lectivo, para que el personal de secundarias t\u00e9cnicas las vincule directamente con los docentes.<\/p>\n\n\n\n<p>En la reuni\u00f3n se present\u00f3 el trabajo del equipo administrativo y t\u00e9cnico pedag\u00f3gico; adem\u00e1s de una exposici\u00f3n de las responsabilidades y actividades de la mesa t\u00e9cnica, en funci\u00f3n de un diagn\u00f3stico que se realiz\u00f3 en el ciclo escolar anterior sobre los indicadores estad\u00edsticos de los estudiantes.<\/p>\n\n\n\n<p>La jefa del Departamento de Secundarias T\u00e9cnicas, Ver\u00f3nica Molina Garc\u00eda mencion\u00f3 que derivado del diagn\u00f3stico realizado, se establecieron l\u00edneas de acci\u00f3n pedag\u00f3gicas para este ciclo escolar que integran apoyo, asesor\u00eda y acompa\u00f1amiento a los colectivos docentes y coordinadores acad\u00e9micos.<\/p>\n\n\n\n<p>Adem\u00e1s de la gesti\u00f3n de espacios virtuales, as\u00ed como el dise\u00f1o y propuesta de actividades acad\u00e9micas, c\u00edvicas, culturales y deportivas, los alumnos en el marco de la Nueva Escuela Mexicana (NEM) desarrollar\u00e1n actividades con demostraciones y concursos en sus escuelas, concluy\u00f3.<\/p>\n","protected":false},"excerpt":{"rendered":"<p>*Participaron directores, supervisores, integrantes de la mesa t\u00e9cnica y personal administrativo La Secretar\u00eda de Educaci\u00f3n P\u00fablica del Estado y la Unidad de Servicios Educativos de Tlaxcala (SEPE\u2013USET), a trav\u00e9s del Departamento de Secundarias T\u00e9cnicas, llev\u00f3 a cabo una reuni\u00f3n con directores, supervisores, integrantes de la mesa t\u00e9cnica y personal administrativo sobre el Plan de Trabajo [&hellip;]<\/p>\n","protected":false},"author":1,"featured_media":116031,"comment_status":"open","ping_status":"open","sticky":false,"template":"","format":"standard","meta":{"footnotes":""},"categories":[21],"tags":[],"class_list":["post-116030","post","type-post","status-publish","format-standard","has-post-thumbnail","hentry","category-estatal"],"blog_post_layout_featured_media_urls":{"thumbnail":["https:\/\/diariolanoticia.com.mx\/wp-content\/uploads\/2023\/10\/WhatsApp-Image-2023-10-25-at-16.28.55-216x160.jpeg",216,160,true],"full":["https:\/\/diariolanoticia.com.mx\/wp-content\/uploads\/2023\/10\/WhatsApp-Image-2023-10-25-at-16.28.55.jpeg",1280,854,false]},"categories_names":{"21":{"name":"Estatal","link":"https:\/\/diariolanoticia.com.mx\/?cat=21"}},"tags_names":[],"comments_number":"0","wpmagazine_modules_lite_featured_media_urls":{"thumbnail":["https:\/\/diariolanoticia.com.mx\/wp-content\/uploads\/2023\/10\/WhatsApp-Image-2023-10-25-at-16.28.55-216x160.jpeg",216,160,true],"cvmm-medium":["https:\/\/diariolanoticia.com.mx\/wp-content\/uploads\/2023\/10\/WhatsApp-Image-2023-10-25-at-16.28.55-300x300.jpeg",300,300,true],"cvmm-medium-plus":["https:\/\/diariolanoticia.com.mx\/wp-content\/uploads\/2023\/10\/WhatsApp-Image-2023-10-25-at-16.28.55-305x207.jpeg",305,207,true],"cvmm-portrait":["https:\/\/diariolanoticia.com.mx\/wp-content\/uploads\/2023\/10\/WhatsApp-Image-2023-10-25-at-16.28.55-400x600.jpeg",400,600,true],"cvmm-medium-square":["https:\/\/diariolanoticia.com.mx\/wp-content\/uploads\/2023\/10\/WhatsApp-Image-2023-10-25-at-16.28.55-600x600.jpeg",600,600,true],"cvmm-large":["https:\/\/diariolanoticia.com.mx\/wp-content\/uploads\/2023\/10\/WhatsApp-Image-2023-10-25-at-16.28.55-1024x854.jpeg",1024,854,true],"cvmm-small":["https:\/\/diariolanoticia.com.mx\/wp-content\/uploads\/2023\/10\/WhatsApp-Image-2023-10-25-at-16.28.55-130x95.jpeg",130,95,true],"full":["https:\/\/diariolanoticia.com.mx\/wp-content\/uploads\/2023\/10\/WhatsApp-Image-2023-10-25-at-16.28.55.jpeg",1280,854,false]},"_links":{"self":[{"href":"https:\/\/diariolanoticia.com.mx\/index.php?rest_route=\/wp\/v2\/posts\/116030","targetHints":{"allow":["GET"]}}],"collection":[{"href":"https:\/\/diariolanoticia.com.mx\/index.php?rest_route=\/wp\/v2\/posts"}],"about":[{"href":"https:\/\/diariolanoticia.com.mx\/index.php?rest_route=\/wp\/v2\/types\/post"}],"author":[{"embeddable":true,"href":"https:\/\/diariolanoticia.com.mx\/index.php?rest_route=\/wp\/v2\/users\/1"}],"replies":[{"embeddable":true,"href":"https:\/\/diariolanoticia.com.mx\/index.php?rest_route=%2Fwp%2Fv2%2Fcomments&post=116030"}],"version-history":[{"count":1,"href":"https:\/\/diariolanoticia.com.mx\/index.php?rest_route=\/wp\/v2\/posts\/116030\/revisions"}],"predecessor-version":[{"id":116032,"href":"https:\/\/diariolanoticia.com.mx\/index.php?rest_route=\/wp\/v2\/posts\/116030\/revisions\/116032"}],"wp:featuredmedia":[{"embeddable":true,"href":"https:\/\/diariolanoticia.com.mx\/index.php?rest_route=\/wp\/v2\/media\/116031"}],"wp:attachment":[{"href":"https:\/\/diariolanoticia.com.mx\/index.php?rest_route=%2Fwp%2Fv2%2Fmedia&parent=116030"}],"wp:term":[{"taxonomy":"category","embeddable":true,"href":"https:\/\/diariolanoticia.com.mx\/index.php?rest_route=%2Fwp%2Fv2%2Fcategories&post=116030"},{"taxonomy":"post_tag","embeddable":true,"href":"https:\/\/diariolanoticia.com.mx\/index.php?rest_route=%2Fwp%2Fv2%2Ftags&post=116030"}],"curies":[{"name":"wp","href":"https:\/\/api.w.org\/{rel}","templated":true}]}}