{"id":116108,"date":"2023-10-26T09:29:46","date_gmt":"2023-10-26T15:29:46","guid":{"rendered":"https:\/\/diariolanoticia.com.mx\/?p=116108"},"modified":"2023-10-26T09:30:19","modified_gmt":"2023-10-26T15:30:19","slug":"habilita-sedif-3-centros-de-acopio-para-damnificados-por-huracan-otis-en-guerrero","status":"publish","type":"post","link":"https:\/\/diariolanoticia.com.mx\/?p=116108","title":{"rendered":"Habilita SEDIF 3 centros de acopio para damnificados por hurac\u00e1n \u00abOtis\u00bb en Guerrero"},"content":{"rendered":"\n<p><strong>CIUDAD DE PUEBLA, Pue. &#8211;<\/strong> Con el fin de apoyar a las personas damnificadas por el hurac\u00e1n \u201cOtis\u201d en Guerrero, el gobierno presente de Sergio Salom\u00f3n, a trav\u00e9s del Sistema Estatal DIF (SEDIF) que preside Gaby Bonilla, habilit\u00f3 tres centros de acopio a fin de recolectar los v\u00edveres e insumos de primera necesidad ante esta emergencia.<\/p>\n\n\n\n<p>Los centros de acopio que recibir\u00e1n donaciones a partir de este 26 de octubre estar\u00e1n ubicados en las oficinas centrales del SEDIF, en calle 5 de mayo, 1606, Colonia Centro, as\u00ed como las instalaciones de la <a href=\"https:\/\/www.google.com\/maps\/search\/avenida+25+Poniente,+2302,+Colonia+Volcanes?entry=gmail&#038;source=g\">avenida 25 Poniente, 2302, Colonia Volcanes<\/a>.<\/p>\n\n\n\n<p>Del mismo modo, ser\u00e1 habilitado como centro de acopio el Centro de Rehabilitaci\u00f3n e Inclusi\u00f3n Infantil Telet\u00f3n (CRIT) Puebla, cuyo edificio est\u00e1 en Avenida Perseo, 5320, Reserva Territorial Atlixc\u00e1yotl.<\/p>\n\n\n\n<p>Los v\u00edveres que el organismo recibir\u00e1 son: agua embotellada, leche en polvo, az\u00facar, alimentos no perecederos, sopa, frijol y comida para mascotas; adem\u00e1s de medicamentos como analg\u00e9sicos, antibi\u00f3ticos y antidiarr\u00e9icos, as\u00ed como art\u00edculos de uso personal e higiene, tales como shampoo, jab\u00f3n y toallas higi\u00e9nicas, entre otros.<\/p>\n\n\n\n<p>El Sistema Estatal DIF, a trav\u00e9s de la presidenta honoraria del Patronato, Gaby Bonilla, hace un llamado a la solidaridad y al buen coraz\u00f3n de las y los poblanos para brindar apoyo en este momento a las hermanas y hermanos de Guerrero que viven momentos dif\u00edciles por el paso del fen\u00f3meno meteorol\u00f3gico.<\/p>\n","protected":false},"excerpt":{"rendered":"<p>CIUDAD DE PUEBLA, Pue. &#8211; Con el fin de apoyar a las personas damnificadas por el hurac\u00e1n \u201cOtis\u201d en Guerrero, el gobierno presente de Sergio Salom\u00f3n, a trav\u00e9s del Sistema Estatal DIF (SEDIF) que preside Gaby Bonilla, habilit\u00f3 tres centros de acopio a fin de recolectar los v\u00edveres e insumos de primera necesidad ante esta [&hellip;]<\/p>\n","protected":false},"author":1,"featured_media":116110,"comment_status":"open","ping_status":"open","sticky":false,"template":"","format":"standard","meta":{"footnotes":""},"categories":[20],"tags":[52],"class_list":["post-116108","post","type-post","status-publish","format-standard","has-post-thumbnail","hentry","category-norte-de-puebla","tag-puebla"],"blog_post_layout_featured_media_urls":{"thumbnail":["https:\/\/diariolanoticia.com.mx\/wp-content\/uploads\/2023\/10\/img_9351-1-216x160.jpg",216,160,true],"full":["https:\/\/diariolanoticia.com.mx\/wp-content\/uploads\/2023\/10\/img_9351-1.jpg",879,1000,false]},"categories_names":{"20":{"name":"Norte de Puebla","link":"https:\/\/diariolanoticia.com.mx\/?cat=20"}},"tags_names":{"52":{"name":"Puebla","link":"https:\/\/diariolanoticia.com.mx\/?tag=puebla"}},"comments_number":"0","wpmagazine_modules_lite_featured_media_urls":{"thumbnail":["https:\/\/diariolanoticia.com.mx\/wp-content\/uploads\/2023\/10\/img_9351-1-216x160.jpg",216,160,true],"cvmm-medium":["https:\/\/diariolanoticia.com.mx\/wp-content\/uploads\/2023\/10\/img_9351-1-300x300.jpg",300,300,true],"cvmm-medium-plus":["https:\/\/diariolanoticia.com.mx\/wp-content\/uploads\/2023\/10\/img_9351-1-305x207.jpg",305,207,true],"cvmm-portrait":["https:\/\/diariolanoticia.com.mx\/wp-content\/uploads\/2023\/10\/img_9351-1-400x600.jpg",400,600,true],"cvmm-medium-square":["https:\/\/diariolanoticia.com.mx\/wp-content\/uploads\/2023\/10\/img_9351-1-600x600.jpg",600,600,true],"cvmm-large":["https:\/\/diariolanoticia.com.mx\/wp-content\/uploads\/2023\/10\/img_9351-1.jpg",879,1000,false],"cvmm-small":["https:\/\/diariolanoticia.com.mx\/wp-content\/uploads\/2023\/10\/img_9351-1-130x95.jpg",130,95,true],"full":["https:\/\/diariolanoticia.com.mx\/wp-content\/uploads\/2023\/10\/img_9351-1.jpg",879,1000,false]},"_links":{"self":[{"href":"https:\/\/diariolanoticia.com.mx\/index.php?rest_route=\/wp\/v2\/posts\/116108","targetHints":{"allow":["GET"]}}],"collection":[{"href":"https:\/\/diariolanoticia.com.mx\/index.php?rest_route=\/wp\/v2\/posts"}],"about":[{"href":"https:\/\/diariolanoticia.com.mx\/index.php?rest_route=\/wp\/v2\/types\/post"}],"author":[{"embeddable":true,"href":"https:\/\/diariolanoticia.com.mx\/index.php?rest_route=\/wp\/v2\/users\/1"}],"replies":[{"embeddable":true,"href":"https:\/\/diariolanoticia.com.mx\/index.php?rest_route=%2Fwp%2Fv2%2Fcomments&post=116108"}],"version-history":[{"count":1,"href":"https:\/\/diariolanoticia.com.mx\/index.php?rest_route=\/wp\/v2\/posts\/116108\/revisions"}],"predecessor-version":[{"id":116109,"href":"https:\/\/diariolanoticia.com.mx\/index.php?rest_route=\/wp\/v2\/posts\/116108\/revisions\/116109"}],"wp:featuredmedia":[{"embeddable":true,"href":"https:\/\/diariolanoticia.com.mx\/index.php?rest_route=\/wp\/v2\/media\/116110"}],"wp:attachment":[{"href":"https:\/\/diariolanoticia.com.mx\/index.php?rest_route=%2Fwp%2Fv2%2Fmedia&parent=116108"}],"wp:term":[{"taxonomy":"category","embeddable":true,"href":"https:\/\/diariolanoticia.com.mx\/index.php?rest_route=%2Fwp%2Fv2%2Fcategories&post=116108"},{"taxonomy":"post_tag","embeddable":true,"href":"https:\/\/diariolanoticia.com.mx\/index.php?rest_route=%2Fwp%2Fv2%2Ftags&post=116108"}],"curies":[{"name":"wp","href":"https:\/\/api.w.org\/{rel}","templated":true}]}}