{"id":116114,"date":"2023-10-25T09:44:41","date_gmt":"2023-10-25T15:44:41","guid":{"rendered":"https:\/\/diariolanoticia.com.mx\/?p=116114"},"modified":"2023-10-26T09:44:54","modified_gmt":"2023-10-26T15:44:54","slug":"llevan-a-cabo-foro-mujeres-artesanas-tejiendo-un-mexico-sin-violencia-en-el-congreso-de-tlaxcala","status":"publish","type":"post","link":"https:\/\/diariolanoticia.com.mx\/?p=116114","title":{"rendered":"Llevan a cabo foro \u00abMujeres Artesanas Tejiendo un M\u00e9xico sin Violencia\u00bb en el Congreso de Tlaxcala\u00a0"},"content":{"rendered":"\n<p>\u00b7\u00a0\u00a0\u00a0\u00a0\u00a0\u00a0<em>Se realizaron algunas ponencias sobre la participaci\u00f3n de las mujeres en el \u00e1mbito artesanal y econ\u00f3mico.<\/em><\/p>\n\n\n\n<p>Este mi\u00e9rcoles, en el Patio Vitral del Congreso del Estado de Tlaxcala, se llev\u00f3 a cabo el foro \u00abMujeres Artesanas Tejiendo un M\u00e9xico sin Violencia\u00bb, que incluy\u00f3 ponencias sobre la participaci\u00f3n de las mujeres en el \u00e1mbito artesanal y econ\u00f3mico, con el fin de abrir espacios que motiven la creaci\u00f3n de realidades para empoderar a las mujeres y facilitar su acceso a mejores condiciones de vida.&nbsp;<\/p>\n\n\n\n<p>Durante el evento, el diputado Jaciel Gonz\u00e1lez Herrera, presidente de la Comisi\u00f3n de Fomento Artesanal y MIPyMES, mencion\u00f3 que el evento se llev\u00f3 a cabo este 25 de octubre en conmemoraci\u00f3n al D\u00eda Naranja, d\u00eda para actuar, generar conciencia y prevenir la violencia contra mujeres y ni\u00f1as, y as\u00ed coadyuvar en la construcci\u00f3n de entornos seguros y pac\u00edficos que propicien el desarrollo sostenible multidimensional y multifactorial que promueve la agenda 2030.&nbsp;<\/p>\n\n\n\n<p>Afirm\u00f3 que \u00abcomo representante de la sociedad tengo el compromiso de contribuir en el empoderamiento femenino, porque reconozco el contexto de desventaja en el que han vivido las mujeres y las barreras estructurales de g\u00e9nero establecidas que se van venciendo a lo largo de la historia\u00bb.<\/p>\n\n\n\n<p>Asimismo, asegur\u00f3 que a trav\u00e9s de la Comisi\u00f3n de Fomento Artesanal y MIPyMES buscar\u00e1 demostrar que las mujeres son importantes, fomentando la equidad de g\u00e9nero, mediante la sensibilizaci\u00f3n de la sociedad, difundiendo las fortalezas de las mujeres como oportunidad de crecimiento y desarrollo social.&nbsp;<\/p>\n\n\n\n<p>Por su parte el diputado Jos\u00e9 G. Temoltzin Mart\u00ednez, presidente de la Comisi\u00f3n de Desarrollo Econ\u00f3mico del Congreso de Tlaxcala, enfatiz\u00f3 que \u00abel empoderamiento econ\u00f3mico de las mujeres contribuye directamente a la igualdad de g\u00e9nero, la erradicaci\u00f3n de la pobreza y el crecimiento econ\u00f3mico inclusivo. Las mujeres contribuyen de manera muy significativa a las econom\u00edas en todos los sectores productivos, ya sea como emprendedoras, colaboradoras o trabajando como cuidadoras dom\u00e9sticas no remuneradas en algunos casos, como bien lo refiere la ONU Mujeres.\u00bb<\/p>\n\n\n\n<p>Temoltzin Mart\u00ednez, finaliz\u00f3 diciendo que, \u00abse debe generar mejores condiciones de competitividad, como disminuir la delincuencia, fomentar la inversi\u00f3n, la cultura de la legalidad, disminuir la corrupci\u00f3n, producci\u00f3n sustentable, evitar un marco jur\u00eddico r\u00edgido, generar condiciones favorables que fomenten la integraci\u00f3n y la inclusi\u00f3n laboral e incentivos y subsidios al sector empresarial, para fortalecer el mercado interno\u00bb.<\/p>\n\n\n\n<p>Martha Alicia Medel Alcantara, agradeci\u00f3 a las y los diputados por abrir la puerta del Congreso de Tlaxcala a las artesanas. Enfatiz\u00f3 que a trav\u00e9s de estos foros, se busca abrir espacios para realizar proyectos articulados, y que con \u00e9stos, la sociedad crezca, no solamente econ\u00f3micamente, sino que vayan escalando en la sociedad.&nbsp;<\/p>\n\n\n\n<p>La diputada Reyna Flor B\u00e1ez Lozano, form\u00f3 parte de las ponencias de este foro, en donde mencion\u00f3 que \u00abdesde el inicio de los tiempos, las mujeres hemos ocupado nuestra creatividad, destreza y resistencia para construir desde la familia un pa\u00eds donde la violencia no tenga cabida. Las mujeres han desarrollado a trav\u00e9s del trabajo el m\u00e9todo perfecto para integrar comunidades con objetivos comunes y el m\u00e1s importante, es el bienestar de las familias que lo integran. En el caso particular de las mujeres artesanas, la tradici\u00f3n, la solidaridad, el color de su trabajo han unido pueblos y sacado adelante comunidades completas\u00bb.<\/p>\n\n\n\n<p>Cabe se\u00f1alar que, durante el foro se cont\u00f3 con la participaci\u00f3n de las hermanas Diana Yuridia y Andrea Elizabeth Vega Carrasco, quienes interpretaron canciones en mixteco tituladas \u00abCanci\u00f3n Mixteca\u00bb y \u00abMi ranchito\u00bb. Adem\u00e1s, al interior del Congreso local, se instalaron stands con diversas artesan\u00edas.&nbsp;<\/p>\n\n\n\n<p>En este evento, se encontr\u00f3 presente la presidenta de la Junta de Coordinaci\u00f3n y Concertaci\u00f3n Pol\u00edtica del Congreso del Estado de Tlaxcala Marcela Gonz\u00e1lez Castillo; la diputada Diana Torrej\u00f3n Rodr\u00edguez; la jefa de Coordinaci\u00f3n de Arte Popular, Amparo de Jes\u00fas Rinc\u00f3n P\u00e9rez; la Coordinadora de la Red de G\u00e9nero y Promotora de Derechos Humanos del Instituto Polit\u00e9cnico Nacional, Edith Guerra Alc\u00e1ntara; el presidente de la CANACO Tlaxcala, Joseph Rodr\u00edguez Ramos; el director de Evaluaci\u00f3n y Seguimiento del Sistema de Justicia Penal de la Secretar\u00eda de Gobierno, Rafael Hern\u00e1ndez Hern\u00e1ndez; la directora de Desarrollo Comunitario de la Secretar\u00eda del Bienestar, Cristhian Dennise Hern\u00e1ndez Ju\u00e1rez; la directora general de Medio Ambiente, Desarrollo Sustentable y Fomento Econ\u00f3mico de la alcald\u00eda Tlalpan, Rosalba Hern\u00e1ndez Mart\u00ednez; y del Ballet Cacaxtla, Fortino Flores Montiel.<\/p>\n","protected":false},"excerpt":{"rendered":"<p>\u00b7\u00a0\u00a0\u00a0\u00a0\u00a0\u00a0Se realizaron algunas ponencias sobre la participaci\u00f3n de las mujeres en el \u00e1mbito artesanal y econ\u00f3mico. Este mi\u00e9rcoles, en el Patio Vitral del Congreso del Estado de Tlaxcala, se llev\u00f3 a cabo el foro \u00abMujeres Artesanas Tejiendo un M\u00e9xico sin Violencia\u00bb, que incluy\u00f3 ponencias sobre la participaci\u00f3n de las mujeres en el \u00e1mbito artesanal y [&hellip;]<\/p>\n","protected":false},"author":1,"featured_media":116115,"comment_status":"open","ping_status":"open","sticky":false,"template":"","format":"standard","meta":{"footnotes":""},"categories":[22],"tags":[],"class_list":["post-116114","post","type-post","status-publish","format-standard","has-post-thumbnail","hentry","category-congreso"],"blog_post_layout_featured_media_urls":{"thumbnail":["https:\/\/diariolanoticia.com.mx\/wp-content\/uploads\/2023\/10\/Unknown-5-6-216x160.jpeg",216,160,true],"full":["https:\/\/diariolanoticia.com.mx\/wp-content\/uploads\/2023\/10\/Unknown-5-6.jpeg",1600,1066,false]},"categories_names":{"22":{"name":"Congreso","link":"https:\/\/diariolanoticia.com.mx\/?cat=22"}},"tags_names":[],"comments_number":"0","wpmagazine_modules_lite_featured_media_urls":{"thumbnail":["https:\/\/diariolanoticia.com.mx\/wp-content\/uploads\/2023\/10\/Unknown-5-6-216x160.jpeg",216,160,true],"cvmm-medium":["https:\/\/diariolanoticia.com.mx\/wp-content\/uploads\/2023\/10\/Unknown-5-6-300x300.jpeg",300,300,true],"cvmm-medium-plus":["https:\/\/diariolanoticia.com.mx\/wp-content\/uploads\/2023\/10\/Unknown-5-6-305x207.jpeg",305,207,true],"cvmm-portrait":["https:\/\/diariolanoticia.com.mx\/wp-content\/uploads\/2023\/10\/Unknown-5-6-400x600.jpeg",400,600,true],"cvmm-medium-square":["https:\/\/diariolanoticia.com.mx\/wp-content\/uploads\/2023\/10\/Unknown-5-6-600x600.jpeg",600,600,true],"cvmm-large":["https:\/\/diariolanoticia.com.mx\/wp-content\/uploads\/2023\/10\/Unknown-5-6-1024x1024.jpeg",1024,1024,true],"cvmm-small":["https:\/\/diariolanoticia.com.mx\/wp-content\/uploads\/2023\/10\/Unknown-5-6-130x95.jpeg",130,95,true],"full":["https:\/\/diariolanoticia.com.mx\/wp-content\/uploads\/2023\/10\/Unknown-5-6.jpeg",1600,1066,false]},"_links":{"self":[{"href":"https:\/\/diariolanoticia.com.mx\/index.php?rest_route=\/wp\/v2\/posts\/116114","targetHints":{"allow":["GET"]}}],"collection":[{"href":"https:\/\/diariolanoticia.com.mx\/index.php?rest_route=\/wp\/v2\/posts"}],"about":[{"href":"https:\/\/diariolanoticia.com.mx\/index.php?rest_route=\/wp\/v2\/types\/post"}],"author":[{"embeddable":true,"href":"https:\/\/diariolanoticia.com.mx\/index.php?rest_route=\/wp\/v2\/users\/1"}],"replies":[{"embeddable":true,"href":"https:\/\/diariolanoticia.com.mx\/index.php?rest_route=%2Fwp%2Fv2%2Fcomments&post=116114"}],"version-history":[{"count":1,"href":"https:\/\/diariolanoticia.com.mx\/index.php?rest_route=\/wp\/v2\/posts\/116114\/revisions"}],"predecessor-version":[{"id":116116,"href":"https:\/\/diariolanoticia.com.mx\/index.php?rest_route=\/wp\/v2\/posts\/116114\/revisions\/116116"}],"wp:featuredmedia":[{"embeddable":true,"href":"https:\/\/diariolanoticia.com.mx\/index.php?rest_route=\/wp\/v2\/media\/116115"}],"wp:attachment":[{"href":"https:\/\/diariolanoticia.com.mx\/index.php?rest_route=%2Fwp%2Fv2%2Fmedia&parent=116114"}],"wp:term":[{"taxonomy":"category","embeddable":true,"href":"https:\/\/diariolanoticia.com.mx\/index.php?rest_route=%2Fwp%2Fv2%2Fcategories&post=116114"},{"taxonomy":"post_tag","embeddable":true,"href":"https:\/\/diariolanoticia.com.mx\/index.php?rest_route=%2Fwp%2Fv2%2Ftags&post=116114"}],"curies":[{"name":"wp","href":"https:\/\/api.w.org\/{rel}","templated":true}]}}