{"id":116256,"date":"2023-10-26T21:09:13","date_gmt":"2023-10-27T03:09:13","guid":{"rendered":"https:\/\/diariolanoticia.com.mx\/?p=116256"},"modified":"2023-10-26T21:09:14","modified_gmt":"2023-10-27T03:09:14","slug":"presencia-gobernadora-desfile-de-tlaxcala-la-feria-de-ferias-2023","status":"publish","type":"post","link":"https:\/\/diariolanoticia.com.mx\/?p=116256","title":{"rendered":"PRESENCIA GOBERNADORA DESFILE DE \u201cTLAXCALA, LA FERIA DE FERIAS 2023\u201d"},"content":{"rendered":"\n<p>*Con ambiente familiar y de tradici\u00f3n se desarroll\u00f3 este desfile que convoc\u00f3 a contingentes escolares, patrocinadores e iniciativa privada<\/p>\n\n\n\n<p>La gobernadora Lorena Cu\u00e9llar Cisneros presenci\u00f3 el desfile de \u201cTlaxcala, la Feria de Ferias 2023\u201d, que organiz\u00f3 la Secretar\u00eda de Educaci\u00f3n P\u00fablica del Estado (SEPE), el Patronato para las Exposiciones y Ferias en la Ciudad de Tlaxcala, y el ayuntamiento capitalino.<\/p>\n\n\n\n<p>La tem\u00e1tica del espect\u00e1culo fue alusivo al D\u00eda de Muertos y participaron m\u00e1s de 4 mil personas que integraron 60 contingentes de escuelas p\u00fablicas y privadas de distintos niveles escolares, patrocinadores, iniciativa privada y el municipio de San Juan Huactzinco<\/p>\n\n\n\n<p>La mandataria estatal estuvo acompa\u00f1ada por la presidenta ejecutiva del Patronato para las Exposiciones y Ferias en la Ciudad de Tlaxcala, Rosa Elena Nava Garc\u00eda; los secretarios de Gobierno, Sergio Gonz\u00e1lez Hern\u00e1ndez; de Educaci\u00f3n, Homero Meneses Hern\u00e1ndez; y de Turismo, Josefina Rodr\u00edguez Zamora y la reina de \u201cTlaxcala, la Feria de Ferias 2023\u201d, Stephanie Denisse V\u00e1squez Cruz.<\/p>\n\n\n\n<p>El recorrido de esta parada festiva inici\u00f3 en la calle Ocotelulco, a un costado del Bulevar del Maestro y avanz\u00f3 por las avenidas Independencia y Ju\u00e1rez, en donde cientos de tlaxcaltecas se dieron cita para disfrutar del evento en el que se admiraron a catrinas, catrines, rezanderas, fantasmas, alebrijes, y carros aleg\u00f3ricos con altares y ofrendas, as\u00ed como zanqueros y una batucada.<\/p>\n\n\n\n<p>Las familias asistentes tambi\u00e9n disfrutaron de la magia, color, tradici\u00f3n y algarab\u00eda que emanaron integrantes de las secretar\u00edas de Seguridad Ciudadana (SSC), de Turismo (Secture), Oficial\u00eda Mayor de Gobierno (OMG), escaramuzas, y la se\u00f1orita Miss M\u00e9xico, Alejandra D\u00edaz de Le\u00f3n.<\/p>\n\n\n\n<p>Durante el desarrollo del desfile, personal de la SSC, de la Coordinaci\u00f3n Estatal de Protecci\u00f3n Civil (CEPC) y de la Direcci\u00f3n de Seguridad P\u00fablica municipal de Tlaxcala, implementaron un operativo para salvaguardar la integridad de los participantes y de los asistentes.<\/p>\n\n\n\n<p>En el evento estuvieron la presidenta municipal capitalina, Maribel P\u00e9rez Arenas y la presidenta de la Mesa Directiva del Congreso local, M\u00f3nica S\u00e1nchez Angulo, entre otras autoridades.<\/p>\n","protected":false},"excerpt":{"rendered":"<p>*Con ambiente familiar y de tradici\u00f3n se desarroll\u00f3 este desfile que convoc\u00f3 a contingentes escolares, patrocinadores e iniciativa privada La gobernadora Lorena Cu\u00e9llar Cisneros presenci\u00f3 el desfile de \u201cTlaxcala, la Feria de Ferias 2023\u201d, que organiz\u00f3 la Secretar\u00eda de Educaci\u00f3n P\u00fablica del Estado (SEPE), el Patronato para las Exposiciones y Ferias en la Ciudad de [&hellip;]<\/p>\n","protected":false},"author":1,"featured_media":116259,"comment_status":"open","ping_status":"open","sticky":false,"template":"","format":"standard","meta":{"footnotes":""},"categories":[21],"tags":[],"class_list":["post-116256","post","type-post","status-publish","format-standard","has-post-thumbnail","hentry","category-estatal"],"blog_post_layout_featured_media_urls":{"thumbnail":["https:\/\/diariolanoticia.com.mx\/wp-content\/uploads\/2023\/10\/WhatsApp-Image-2023-10-26-at-20.52.41-216x160.jpeg",216,160,true],"full":["https:\/\/diariolanoticia.com.mx\/wp-content\/uploads\/2023\/10\/WhatsApp-Image-2023-10-26-at-20.52.41.jpeg",1600,1037,false]},"categories_names":{"21":{"name":"Estatal","link":"https:\/\/diariolanoticia.com.mx\/?cat=21"}},"tags_names":[],"comments_number":"0","wpmagazine_modules_lite_featured_media_urls":{"thumbnail":["https:\/\/diariolanoticia.com.mx\/wp-content\/uploads\/2023\/10\/WhatsApp-Image-2023-10-26-at-20.52.41-216x160.jpeg",216,160,true],"cvmm-medium":["https:\/\/diariolanoticia.com.mx\/wp-content\/uploads\/2023\/10\/WhatsApp-Image-2023-10-26-at-20.52.41-300x300.jpeg",300,300,true],"cvmm-medium-plus":["https:\/\/diariolanoticia.com.mx\/wp-content\/uploads\/2023\/10\/WhatsApp-Image-2023-10-26-at-20.52.41-305x207.jpeg",305,207,true],"cvmm-portrait":["https:\/\/diariolanoticia.com.mx\/wp-content\/uploads\/2023\/10\/WhatsApp-Image-2023-10-26-at-20.52.41-400x600.jpeg",400,600,true],"cvmm-medium-square":["https:\/\/diariolanoticia.com.mx\/wp-content\/uploads\/2023\/10\/WhatsApp-Image-2023-10-26-at-20.52.41-600x600.jpeg",600,600,true],"cvmm-large":["https:\/\/diariolanoticia.com.mx\/wp-content\/uploads\/2023\/10\/WhatsApp-Image-2023-10-26-at-20.52.41-1024x1024.jpeg",1024,1024,true],"cvmm-small":["https:\/\/diariolanoticia.com.mx\/wp-content\/uploads\/2023\/10\/WhatsApp-Image-2023-10-26-at-20.52.41-130x95.jpeg",130,95,true],"full":["https:\/\/diariolanoticia.com.mx\/wp-content\/uploads\/2023\/10\/WhatsApp-Image-2023-10-26-at-20.52.41.jpeg",1600,1037,false]},"_links":{"self":[{"href":"https:\/\/diariolanoticia.com.mx\/index.php?rest_route=\/wp\/v2\/posts\/116256","targetHints":{"allow":["GET"]}}],"collection":[{"href":"https:\/\/diariolanoticia.com.mx\/index.php?rest_route=\/wp\/v2\/posts"}],"about":[{"href":"https:\/\/diariolanoticia.com.mx\/index.php?rest_route=\/wp\/v2\/types\/post"}],"author":[{"embeddable":true,"href":"https:\/\/diariolanoticia.com.mx\/index.php?rest_route=\/wp\/v2\/users\/1"}],"replies":[{"embeddable":true,"href":"https:\/\/diariolanoticia.com.mx\/index.php?rest_route=%2Fwp%2Fv2%2Fcomments&post=116256"}],"version-history":[{"count":1,"href":"https:\/\/diariolanoticia.com.mx\/index.php?rest_route=\/wp\/v2\/posts\/116256\/revisions"}],"predecessor-version":[{"id":116260,"href":"https:\/\/diariolanoticia.com.mx\/index.php?rest_route=\/wp\/v2\/posts\/116256\/revisions\/116260"}],"wp:featuredmedia":[{"embeddable":true,"href":"https:\/\/diariolanoticia.com.mx\/index.php?rest_route=\/wp\/v2\/media\/116259"}],"wp:attachment":[{"href":"https:\/\/diariolanoticia.com.mx\/index.php?rest_route=%2Fwp%2Fv2%2Fmedia&parent=116256"}],"wp:term":[{"taxonomy":"category","embeddable":true,"href":"https:\/\/diariolanoticia.com.mx\/index.php?rest_route=%2Fwp%2Fv2%2Fcategories&post=116256"},{"taxonomy":"post_tag","embeddable":true,"href":"https:\/\/diariolanoticia.com.mx\/index.php?rest_route=%2Fwp%2Fv2%2Ftags&post=116256"}],"curies":[{"name":"wp","href":"https:\/\/api.w.org\/{rel}","templated":true}]}}