{"id":116286,"date":"2023-10-27T13:41:07","date_gmt":"2023-10-27T19:41:07","guid":{"rendered":"https:\/\/diariolanoticia.com.mx\/?p=116286"},"modified":"2023-10-27T13:41:08","modified_gmt":"2023-10-27T19:41:08","slug":"gobierno-estatal-favorece-a-poblanos-para-que-tengan-una-vida-plena","status":"publish","type":"post","link":"https:\/\/diariolanoticia.com.mx\/?p=116286","title":{"rendered":"Gobierno Estatal favorece a poblanos para que tengan una vida plena"},"content":{"rendered":"\n<p>-En la junta auxiliar Ignacio Zaragoza, el gobernador Sergio Salom\u00f3n tambi\u00e9n presidi\u00f3 la entrega de beneficios del programa de Desayunos Escolares, 9 mil 600 acciones para el bienestar, as\u00ed como 100 aparatos auditivos<\/p>\n\n\n\n<p>CIUDAD DE PUEBLA, Pue. \u2013 De una manera incluyente y responsable, el gobierno estatal impulsa estrategias para brindar m\u00e1s oportunidades a las y los poblanos que necesitan de una mano amiga para tener una vida plena, manifest\u00f3 el gobernador Sergio Salom\u00f3n al presidir la \u201cJornada DIFerente\u201d en la junta auxiliar Ignacio Zaragoza.<\/p>\n\n\n\n<p>Tras entregar tambi\u00e9n beneficios del programa de Desayunos Escolares en Modalidad Fr\u00eda al comit\u00e9 de padres de familia del jard\u00edn de ni\u00f1os \u201c5 de Mayo\u201d, 9 mil 600 acciones para el bienestar de las familias poblanas, as\u00ed como 100 aparatos auditivos, el titular del Ejecutivo recalc\u00f3 que su administraci\u00f3n es cercana a la gente, que busca cambiar vidas y generar mejores condiciones en diversos rubros como salud, seguridad y econ\u00f3mico.<\/p>\n\n\n\n<p>Puntualiz\u00f3 que los apoyos que otorga el gobierno de Puebla son entregados sin intermediarios y sin condicionamientos pol\u00edticos, tal y como lo marca la visi\u00f3n del presidente de M\u00e9xico, Andr\u00e9s Manuel L\u00f3pez Obrador.<\/p>\n\n\n\n<p>Sergio Salom\u00f3n inform\u00f3 que el gobierno que encabeza es solidario, por ello, implement\u00f3 un operativo para apoyar a las y los afectados en Acapulco, Guerrero, as\u00ed como del municipio de Venustiano Carranza en la entidad.<\/p>\n\n\n\n<p>En representaci\u00f3n de Gaby Bonilla, presidenta honoraria del Patronato, el director general del SEDIF, Francisco \u00c1lvarez Arizpe expuso que el organismo y las secretar\u00edas participantes ofrecieron m\u00e1s de 60 servicios durante la \u201cJornada DIFerente\u201d en dicha junta auxiliar. Coment\u00f3 que, lo anterior, es muestra de que el gobierno estatal se ocupa por el bienestar de las y los poblanos, as\u00ed como de mejorar las condiciones de vida de los sectores m\u00e1s vulnerables.<\/p>\n\n\n\n<p>Agradeci\u00f3 al mandatario y a Gaby Bonilla por su liderazgo y dedicaci\u00f3n incansable de brindar apoyo a quienes m\u00e1s lo necesitan. Record\u00f3 que, en la jornada pasada realizada en la junta auxiliar Ignacio Romero Vargas, fueron brindados un total de 3 mil 100 servicios.<\/p>\n\n\n\n<p>La secretaria de Desarrollo Rural, Ana Laura Altamirano P\u00e9rez reconoci\u00f3 al gobernador Sergio Salom\u00f3n y a Gaby Bonilla por impulsar esta jornada en la que las dependencias acercan servicios, capacitaciones, tr\u00e1mites y diversos apoyos. Coment\u00f3 que la instancia que encabeza favoreci\u00f3 a las y los habitantes de la junta auxiliar Ignacio Zaragoza con talleres para elaboraci\u00f3n de artesan\u00edas a base de ma\u00edz, programas de financiamiento y asesor\u00eda para emprendedores que requieren una marca para comercializar.<\/p>\n\n\n\n<p>El secretario de Trabajo, Gabriel Biestro Medinilla expuso que la dependencia brind\u00f3 informaci\u00f3n sobre las 9 mil vacantes que oferta la Bolsa Nacional de Empleo, asesor\u00eda jur\u00eddica para trabajadores, as\u00ed como apoyo para que artistas puedan acceder al programa para obtener equipamiento. Mientras que, Elza Ru\u00edz Betanzos, secretaria de Bienestar, indic\u00f3 que la instancia instal\u00f3 m\u00f3dulos de afiliaci\u00f3n para los centros preventivos de Bienestar.<\/p>\n\n\n\n<p>La titular de la Secretar\u00eda de Salud, Araceli Soria C\u00f3rdoba indic\u00f3 que la dependencia otorg\u00f3 servicios de consultas general, pediatr\u00eda, ginecolog\u00eda y oftalmolog\u00eda; vacunaci\u00f3n contra la influenza; pl\u00e1ticas de educaci\u00f3n sexual y para cuidar la higiene en preparaci\u00f3n de alimentos. A su vez, la secretaria de Educaci\u00f3n, Isabel Merlo Talavera puntualiz\u00f3 que la dependencia instal\u00f3 un m\u00f3dulo para reimpresi\u00f3n de certificado de educaci\u00f3n b\u00e1sica y media superior, as\u00ed como para hacer correcciones a dicho documento.<\/p>\n","protected":false},"excerpt":{"rendered":"<p>-En la junta auxiliar Ignacio Zaragoza, el gobernador Sergio Salom\u00f3n tambi\u00e9n presidi\u00f3 la entrega de beneficios del programa de Desayunos Escolares, 9 mil 600 acciones para el bienestar, as\u00ed como 100 aparatos auditivos CIUDAD DE PUEBLA, Pue. \u2013 De una manera incluyente y responsable, el gobierno estatal impulsa estrategias para brindar m\u00e1s oportunidades a las [&hellip;]<\/p>\n","protected":false},"author":1,"featured_media":116285,"comment_status":"open","ping_status":"open","sticky":false,"template":"","format":"standard","meta":{"footnotes":""},"categories":[20],"tags":[52],"class_list":["post-116286","post","type-post","status-publish","format-standard","has-post-thumbnail","hentry","category-norte-de-puebla","tag-puebla"],"blog_post_layout_featured_media_urls":{"thumbnail":["https:\/\/diariolanoticia.com.mx\/wp-content\/uploads\/2023\/10\/img_9500-1-216x160.jpg",216,160,true],"full":["https:\/\/diariolanoticia.com.mx\/wp-content\/uploads\/2023\/10\/img_9500-1.jpg",1289,903,false]},"categories_names":{"20":{"name":"Norte de Puebla","link":"https:\/\/diariolanoticia.com.mx\/?cat=20"}},"tags_names":{"52":{"name":"Puebla","link":"https:\/\/diariolanoticia.com.mx\/?tag=puebla"}},"comments_number":"0","wpmagazine_modules_lite_featured_media_urls":{"thumbnail":["https:\/\/diariolanoticia.com.mx\/wp-content\/uploads\/2023\/10\/img_9500-1-216x160.jpg",216,160,true],"cvmm-medium":["https:\/\/diariolanoticia.com.mx\/wp-content\/uploads\/2023\/10\/img_9500-1-300x300.jpg",300,300,true],"cvmm-medium-plus":["https:\/\/diariolanoticia.com.mx\/wp-content\/uploads\/2023\/10\/img_9500-1-305x207.jpg",305,207,true],"cvmm-portrait":["https:\/\/diariolanoticia.com.mx\/wp-content\/uploads\/2023\/10\/img_9500-1-400x600.jpg",400,600,true],"cvmm-medium-square":["https:\/\/diariolanoticia.com.mx\/wp-content\/uploads\/2023\/10\/img_9500-1-600x600.jpg",600,600,true],"cvmm-large":["https:\/\/diariolanoticia.com.mx\/wp-content\/uploads\/2023\/10\/img_9500-1-1024x903.jpg",1024,903,true],"cvmm-small":["https:\/\/diariolanoticia.com.mx\/wp-content\/uploads\/2023\/10\/img_9500-1-130x95.jpg",130,95,true],"full":["https:\/\/diariolanoticia.com.mx\/wp-content\/uploads\/2023\/10\/img_9500-1.jpg",1289,903,false]},"_links":{"self":[{"href":"https:\/\/diariolanoticia.com.mx\/index.php?rest_route=\/wp\/v2\/posts\/116286","targetHints":{"allow":["GET"]}}],"collection":[{"href":"https:\/\/diariolanoticia.com.mx\/index.php?rest_route=\/wp\/v2\/posts"}],"about":[{"href":"https:\/\/diariolanoticia.com.mx\/index.php?rest_route=\/wp\/v2\/types\/post"}],"author":[{"embeddable":true,"href":"https:\/\/diariolanoticia.com.mx\/index.php?rest_route=\/wp\/v2\/users\/1"}],"replies":[{"embeddable":true,"href":"https:\/\/diariolanoticia.com.mx\/index.php?rest_route=%2Fwp%2Fv2%2Fcomments&post=116286"}],"version-history":[{"count":1,"href":"https:\/\/diariolanoticia.com.mx\/index.php?rest_route=\/wp\/v2\/posts\/116286\/revisions"}],"predecessor-version":[{"id":116287,"href":"https:\/\/diariolanoticia.com.mx\/index.php?rest_route=\/wp\/v2\/posts\/116286\/revisions\/116287"}],"wp:featuredmedia":[{"embeddable":true,"href":"https:\/\/diariolanoticia.com.mx\/index.php?rest_route=\/wp\/v2\/media\/116285"}],"wp:attachment":[{"href":"https:\/\/diariolanoticia.com.mx\/index.php?rest_route=%2Fwp%2Fv2%2Fmedia&parent=116286"}],"wp:term":[{"taxonomy":"category","embeddable":true,"href":"https:\/\/diariolanoticia.com.mx\/index.php?rest_route=%2Fwp%2Fv2%2Fcategories&post=116286"},{"taxonomy":"post_tag","embeddable":true,"href":"https:\/\/diariolanoticia.com.mx\/index.php?rest_route=%2Fwp%2Fv2%2Ftags&post=116286"}],"curies":[{"name":"wp","href":"https:\/\/api.w.org\/{rel}","templated":true}]}}