{"id":116421,"date":"2023-11-03T18:23:50","date_gmt":"2023-11-04T00:23:50","guid":{"rendered":"https:\/\/diariolanoticia.com.mx\/?p=116421"},"modified":"2023-11-03T18:23:51","modified_gmt":"2023-11-04T00:23:51","slug":"asistieron-mas-de-40-mil-personas-a-tlaxcala-la-feria-de-ferias-2023-en-dia-de-muertos","status":"publish","type":"post","link":"https:\/\/diariolanoticia.com.mx\/?p=116421","title":{"rendered":"ASISTIERON M\u00c1S DE 40 MIL PERSONAS A \u201cTLAXCALA, LA FERIA DE FERIAS 2023\u201d EN D\u00cdA DE MUERTOS"},"content":{"rendered":"\n<p><\/p>\n\n\n\n<p>\u2022 Los visitantes provinieron de los 60 municipios del estado y de entidades circunvecinas como Puebla, Hidalgo y CDMX<\/p>\n\n\n\n<p>A una semana de haber iniciado \u201cTlaxcala, la Feria de Ferias 2023\u201d, durante la jornada de actividades de este jueves 02 de noviembre se registr\u00f3 la visita de m\u00e1s de 40 mil personas provenientes de todo el estado y de otras entidades de la Rep\u00fablica Mexicana, quienes aprovecharon su descanso por la celebraci\u00f3n de D\u00eda de Muertos.<\/p>\n\n\n\n<p>La presidenta ejecutiva del Patronato para las Exposiciones y Ferias en la Ciudad de Tlaxcala, Rosa Elena Nava Garc\u00eda M\u00e9ndez se\u00f1al\u00f3 que alrededor del mediod\u00eda comenz\u00f3 el arribo masivo de miles de visitantes para disfrutar de los atractivos con los que cuenta el Recinto Ferial.<\/p>\n\n\n\n<p>El Lienzo Charro, la Terraza Infantil, los juegos mec\u00e1nicos, las exposiciones del Centro de Convenciones y del Sal\u00f3n Joaqu\u00edn Cisneros; as\u00ed como los jardines y las plazas del Mariachi, de los Artesanos, del Huehue y de los Voladores, fueron los espacios que albergaron al mayor n\u00famero de personas.<\/p>\n\n\n\n<p>Tambi\u00e9n hubo mucha afluencia en las zonas comercial, artesanal, ganadera y gastron\u00f3mica.<\/p>\n\n\n\n<p>Los visitantes originarios de los 60 municipios del estado y de entidades circunvecinas como Puebla, Hidalgo, Estado de M\u00e9xico y Ciudad de M\u00e9xico disfrutaron de presentaciones art\u00edsticas y culturales, degustaron la gastronom\u00eda tlaxcalteca, adquirieron artesan\u00edas, textiles y dem\u00e1s productos.<\/p>\n\n\n\n<p>Para esta edici\u00f3n el Patronato ampli\u00f3 los pasillos con el objetivo de que los paseantes transiten c\u00f3modamente por la feria, sobre todo las personas con discapacidad, adultas mayores e infantes.<\/p>\n\n\n\n<p>Cabe recordar, que la m\u00e1xima fiesta de los tlaxcaltecas inici\u00f3 formalmente el pasado 26 de octubre y concluir\u00e1 el 20 noviembre; cuenta con m\u00e1s de 450 actividades para toda la familia, de las cuales, el 96 por ciento son gratuitas.<\/p>\n","protected":false},"excerpt":{"rendered":"<p>\u2022 Los visitantes provinieron de los 60 municipios del estado y de entidades circunvecinas como Puebla, Hidalgo y CDMX A una semana de haber iniciado \u201cTlaxcala, la Feria de Ferias 2023\u201d, durante la jornada de actividades de este jueves 02 de noviembre se registr\u00f3 la visita de m\u00e1s de 40 mil personas provenientes de todo [&hellip;]<\/p>\n","protected":false},"author":1,"featured_media":116422,"comment_status":"open","ping_status":"open","sticky":false,"template":"","format":"standard","meta":{"footnotes":""},"categories":[21],"tags":[],"class_list":["post-116421","post","type-post","status-publish","format-standard","has-post-thumbnail","hentry","category-estatal"],"blog_post_layout_featured_media_urls":{"thumbnail":["https:\/\/diariolanoticia.com.mx\/wp-content\/uploads\/2023\/11\/1b9cec3d-25cf-413d-ba20-40afa0e25806-216x160.jpeg",216,160,true],"full":["https:\/\/diariolanoticia.com.mx\/wp-content\/uploads\/2023\/11\/1b9cec3d-25cf-413d-ba20-40afa0e25806.jpeg",1600,1009,false]},"categories_names":{"21":{"name":"Estatal","link":"https:\/\/diariolanoticia.com.mx\/?cat=21"}},"tags_names":[],"comments_number":"0","wpmagazine_modules_lite_featured_media_urls":{"thumbnail":["https:\/\/diariolanoticia.com.mx\/wp-content\/uploads\/2023\/11\/1b9cec3d-25cf-413d-ba20-40afa0e25806-216x160.jpeg",216,160,true],"cvmm-medium":["https:\/\/diariolanoticia.com.mx\/wp-content\/uploads\/2023\/11\/1b9cec3d-25cf-413d-ba20-40afa0e25806-300x300.jpeg",300,300,true],"cvmm-medium-plus":["https:\/\/diariolanoticia.com.mx\/wp-content\/uploads\/2023\/11\/1b9cec3d-25cf-413d-ba20-40afa0e25806-305x207.jpeg",305,207,true],"cvmm-portrait":["https:\/\/diariolanoticia.com.mx\/wp-content\/uploads\/2023\/11\/1b9cec3d-25cf-413d-ba20-40afa0e25806-400x600.jpeg",400,600,true],"cvmm-medium-square":["https:\/\/diariolanoticia.com.mx\/wp-content\/uploads\/2023\/11\/1b9cec3d-25cf-413d-ba20-40afa0e25806-600x600.jpeg",600,600,true],"cvmm-large":["https:\/\/diariolanoticia.com.mx\/wp-content\/uploads\/2023\/11\/1b9cec3d-25cf-413d-ba20-40afa0e25806-1024x1009.jpeg",1024,1009,true],"cvmm-small":["https:\/\/diariolanoticia.com.mx\/wp-content\/uploads\/2023\/11\/1b9cec3d-25cf-413d-ba20-40afa0e25806-130x95.jpeg",130,95,true],"full":["https:\/\/diariolanoticia.com.mx\/wp-content\/uploads\/2023\/11\/1b9cec3d-25cf-413d-ba20-40afa0e25806.jpeg",1600,1009,false]},"_links":{"self":[{"href":"https:\/\/diariolanoticia.com.mx\/index.php?rest_route=\/wp\/v2\/posts\/116421","targetHints":{"allow":["GET"]}}],"collection":[{"href":"https:\/\/diariolanoticia.com.mx\/index.php?rest_route=\/wp\/v2\/posts"}],"about":[{"href":"https:\/\/diariolanoticia.com.mx\/index.php?rest_route=\/wp\/v2\/types\/post"}],"author":[{"embeddable":true,"href":"https:\/\/diariolanoticia.com.mx\/index.php?rest_route=\/wp\/v2\/users\/1"}],"replies":[{"embeddable":true,"href":"https:\/\/diariolanoticia.com.mx\/index.php?rest_route=%2Fwp%2Fv2%2Fcomments&post=116421"}],"version-history":[{"count":1,"href":"https:\/\/diariolanoticia.com.mx\/index.php?rest_route=\/wp\/v2\/posts\/116421\/revisions"}],"predecessor-version":[{"id":116423,"href":"https:\/\/diariolanoticia.com.mx\/index.php?rest_route=\/wp\/v2\/posts\/116421\/revisions\/116423"}],"wp:featuredmedia":[{"embeddable":true,"href":"https:\/\/diariolanoticia.com.mx\/index.php?rest_route=\/wp\/v2\/media\/116422"}],"wp:attachment":[{"href":"https:\/\/diariolanoticia.com.mx\/index.php?rest_route=%2Fwp%2Fv2%2Fmedia&parent=116421"}],"wp:term":[{"taxonomy":"category","embeddable":true,"href":"https:\/\/diariolanoticia.com.mx\/index.php?rest_route=%2Fwp%2Fv2%2Fcategories&post=116421"},{"taxonomy":"post_tag","embeddable":true,"href":"https:\/\/diariolanoticia.com.mx\/index.php?rest_route=%2Fwp%2Fv2%2Ftags&post=116421"}],"curies":[{"name":"wp","href":"https:\/\/api.w.org\/{rel}","templated":true}]}}