{"id":116430,"date":"2023-11-03T21:20:51","date_gmt":"2023-11-04T03:20:51","guid":{"rendered":"https:\/\/diariolanoticia.com.mx\/?p=116430"},"modified":"2023-11-03T21:20:51","modified_gmt":"2023-11-04T03:20:51","slug":"llegara-a-huamantla-el-dr-vagon-el-tren-de-la-salud-del-7-al-11-de-noviembre","status":"publish","type":"post","link":"https:\/\/diariolanoticia.com.mx\/?p=116430","title":{"rendered":"LLEGAR\u00c1 A HUAMANTLA EL \u201cDR. VAG\u00d3N, EL TREN DE LA SALUD\u201d DEL 7 AL 11 DE NOVIEMBRE"},"content":{"rendered":"\n<p>Ofrecer\u00e1 consultas generales y de especialidad, pruebas de laboratorio y estudios de gabinete de forma gratuita.<\/p>\n\n\n\n<p>El H. Ayuntamiento de Huamantla que encabeza Salvador Santos Cedillo, en coordinaci\u00f3n con el Gobierno del Estado y la Fundaci\u00f3n Grupo M\u00e9xico, otorgar\u00e1n servicios m\u00e9dicos gratuitos a toda la poblaci\u00f3n a trav\u00e9s del \u201cDr. Vag\u00f3n, el Tren de la Salud\u201d, con la finalidad de mejorar la calidad de vida de las personas.<\/p>\n\n\n\n<p>La autoridad municipal inform\u00f3 que el vag\u00f3n de la salud se instalar\u00e1 del 7 al 11 de noviembre, en la avenida Emiliano Zapata s\/n, donde diariamente se entregar\u00e1n 500 fichas de 6:00 a 17:00 horas, para que las personas interesadas puedan acceder a diversos servicios como pruebas de laboratorio y estudios de gabinete, con interpretaci\u00f3n, el mismo d\u00eda por parte de especialistas.<\/p>\n\n\n\n<p>Adem\u00e1s, se har\u00e1 entrega de medicamentos, adaptaci\u00f3n de auxiliares auditivos, anteojos graduados, estudios de somatometr\u00eda, medicina general e interna, pediatr\u00eda, ginecolog\u00eda, oftalmolog\u00eda, geriatr\u00eda y dermatolog\u00eda, entre otras especialidades; tambi\u00e9n habr\u00e1 actividades recreativas como funciones de cine con palomitas y bebidas sin costo.<\/p>\n\n\n\n<p>Ser\u00e1 a trav\u00e9s de 17 vagones que se brindar\u00e1n los servicios m\u00e9dicos por parte de profesionales de la salud de diversas especialidades, con tecnolog\u00eda de punta y quir\u00f3fanos.<\/p>\n\n\n\n<p>Por ello, el alcalde Salvador Santos Cedillo, invita a toda la ciudadan\u00eda mantenerse al pendiente de los d\u00edas y horas indicadas para recibir estos beneficios en materia de salud.<\/p>\n\n\n\n<p>Al ser la salud de la poblaci\u00f3n una prioridad, la administraci\u00f3n municipal trabaja de manera coordinada con autoridades estatales y organizaciones civiles, ya que de esta manera acerca estos servicios a la poblaci\u00f3n, lo que permite brindar atenci\u00f3n de calidad y generar ahorros a las familias huamantlecas.<\/p>\n","protected":false},"excerpt":{"rendered":"<p>Ofrecer\u00e1 consultas generales y de especialidad, pruebas de laboratorio y estudios de gabinete de forma gratuita. El H. Ayuntamiento de Huamantla que encabeza Salvador Santos Cedillo, en coordinaci\u00f3n con el Gobierno del Estado y la Fundaci\u00f3n Grupo M\u00e9xico, otorgar\u00e1n servicios m\u00e9dicos gratuitos a toda la poblaci\u00f3n a trav\u00e9s del \u201cDr. Vag\u00f3n, el Tren de la [&hellip;]<\/p>\n","protected":false},"author":1,"featured_media":116431,"comment_status":"open","ping_status":"open","sticky":false,"template":"","format":"standard","meta":{"footnotes":""},"categories":[219],"tags":[],"class_list":["post-116430","post","type-post","status-publish","format-standard","has-post-thumbnail","hentry","category-huamantla"],"blog_post_layout_featured_media_urls":{"thumbnail":["https:\/\/diariolanoticia.com.mx\/wp-content\/uploads\/2023\/11\/62004a65-4b3d-4e37-867a-96c5c7d7703a-216x160.jpeg",216,160,true],"full":["https:\/\/diariolanoticia.com.mx\/wp-content\/uploads\/2023\/11\/62004a65-4b3d-4e37-867a-96c5c7d7703a.jpeg",1280,853,false]},"categories_names":{"219":{"name":"Huamantla","link":"https:\/\/diariolanoticia.com.mx\/?cat=219"}},"tags_names":[],"comments_number":"0","wpmagazine_modules_lite_featured_media_urls":{"thumbnail":["https:\/\/diariolanoticia.com.mx\/wp-content\/uploads\/2023\/11\/62004a65-4b3d-4e37-867a-96c5c7d7703a-216x160.jpeg",216,160,true],"cvmm-medium":["https:\/\/diariolanoticia.com.mx\/wp-content\/uploads\/2023\/11\/62004a65-4b3d-4e37-867a-96c5c7d7703a-300x300.jpeg",300,300,true],"cvmm-medium-plus":["https:\/\/diariolanoticia.com.mx\/wp-content\/uploads\/2023\/11\/62004a65-4b3d-4e37-867a-96c5c7d7703a-305x207.jpeg",305,207,true],"cvmm-portrait":["https:\/\/diariolanoticia.com.mx\/wp-content\/uploads\/2023\/11\/62004a65-4b3d-4e37-867a-96c5c7d7703a-400x600.jpeg",400,600,true],"cvmm-medium-square":["https:\/\/diariolanoticia.com.mx\/wp-content\/uploads\/2023\/11\/62004a65-4b3d-4e37-867a-96c5c7d7703a-600x600.jpeg",600,600,true],"cvmm-large":["https:\/\/diariolanoticia.com.mx\/wp-content\/uploads\/2023\/11\/62004a65-4b3d-4e37-867a-96c5c7d7703a-1024x853.jpeg",1024,853,true],"cvmm-small":["https:\/\/diariolanoticia.com.mx\/wp-content\/uploads\/2023\/11\/62004a65-4b3d-4e37-867a-96c5c7d7703a-130x95.jpeg",130,95,true],"full":["https:\/\/diariolanoticia.com.mx\/wp-content\/uploads\/2023\/11\/62004a65-4b3d-4e37-867a-96c5c7d7703a.jpeg",1280,853,false]},"_links":{"self":[{"href":"https:\/\/diariolanoticia.com.mx\/index.php?rest_route=\/wp\/v2\/posts\/116430","targetHints":{"allow":["GET"]}}],"collection":[{"href":"https:\/\/diariolanoticia.com.mx\/index.php?rest_route=\/wp\/v2\/posts"}],"about":[{"href":"https:\/\/diariolanoticia.com.mx\/index.php?rest_route=\/wp\/v2\/types\/post"}],"author":[{"embeddable":true,"href":"https:\/\/diariolanoticia.com.mx\/index.php?rest_route=\/wp\/v2\/users\/1"}],"replies":[{"embeddable":true,"href":"https:\/\/diariolanoticia.com.mx\/index.php?rest_route=%2Fwp%2Fv2%2Fcomments&post=116430"}],"version-history":[{"count":1,"href":"https:\/\/diariolanoticia.com.mx\/index.php?rest_route=\/wp\/v2\/posts\/116430\/revisions"}],"predecessor-version":[{"id":116432,"href":"https:\/\/diariolanoticia.com.mx\/index.php?rest_route=\/wp\/v2\/posts\/116430\/revisions\/116432"}],"wp:featuredmedia":[{"embeddable":true,"href":"https:\/\/diariolanoticia.com.mx\/index.php?rest_route=\/wp\/v2\/media\/116431"}],"wp:attachment":[{"href":"https:\/\/diariolanoticia.com.mx\/index.php?rest_route=%2Fwp%2Fv2%2Fmedia&parent=116430"}],"wp:term":[{"taxonomy":"category","embeddable":true,"href":"https:\/\/diariolanoticia.com.mx\/index.php?rest_route=%2Fwp%2Fv2%2Fcategories&post=116430"},{"taxonomy":"post_tag","embeddable":true,"href":"https:\/\/diariolanoticia.com.mx\/index.php?rest_route=%2Fwp%2Fv2%2Ftags&post=116430"}],"curies":[{"name":"wp","href":"https:\/\/api.w.org\/{rel}","templated":true}]}}