{"id":116433,"date":"2023-11-04T11:18:19","date_gmt":"2023-11-04T17:18:19","guid":{"rendered":"https:\/\/diariolanoticia.com.mx\/?p=116433"},"modified":"2023-11-04T11:18:19","modified_gmt":"2023-11-04T17:18:19","slug":"premia-maribel-perez-arenas-a-ganadores-del-concurso-de-fachadas","status":"publish","type":"post","link":"https:\/\/diariolanoticia.com.mx\/?p=116433","title":{"rendered":"Premia Maribel P\u00e9rez Arenas a ganadores del concurso de fachadas"},"content":{"rendered":"\n<p>\u2022La presidenta municipal reconoce la importancia de la participaci\u00f3n de las y los capitalinos<\/p>\n\n\n\n<p>Durante la entrega de premios a los ganadores del concurso de fachadas en el marco de la \u201cFiesta de Todos Santos\u201d, la presidenta municipal de Tlaxcala, Maribel P\u00e9rez Arenas, destac\u00f3 la importancia de seguir manteniendo vivas tradiciones, como es la de d\u00eda de muertos.<\/p>\n\n\n\n<p>\u201cEsta es una cultura que debemos inculcarle a las ni\u00f1as y los ni\u00f1os para seguir con esta tradici\u00f3n del D\u00eda de los Muertos. Recordar a nuestros seres queridos es una de las tradiciones m\u00e1s emblem\u00e1ticas que tenemos, por eso es importante que la cuidemos y fomentemos\u201d, apunt\u00f3 la alcaldesa.<\/p>\n\n\n\n<p>Agradeci\u00f3 a los 61 participantes en el concurso de adorno de fachada, pues da muestra de que se sienten orgullosos de una ciudad como Tlaxcala Capital, que adem\u00e1s de ser el origen de M\u00e9xico, es un lugar lleno de tradiciones historia e identidad.<\/p>\n\n\n\n<p>Acompa\u00f1ada de funcionarios del Ayuntamiento y de integrantes del jurado que deliberar\u00f3n los tres primeros lugares, la presidenta invit\u00f3 a todos los presentes, a seguir viviendo est\u00e1 fiesta de todos Santos, cuyas actividades concluyen este domingo, con actividades art\u00edsticas y deportivas.<br>El primer lugar fue para Nadia Alvarado, con domicilio en 20 de noviembre y Porfirio D\u00edaz; el segundo sitio fue para Jos\u00e9 \u00c1ngel Veloz Luna, que tiene su propiedad en Ju\u00e1rez y Lardiz\u00e1bal y el tercer lugar correspondi\u00f3 a Mart\u00edn Hern\u00e1ndez Rivas con domicilio en Ju\u00e1rez 73 Colonia Centro. Los premios fueron en efectivo, adem\u00e1s de su reconocimiento.<\/p>\n\n\n\n<p>De esta manera, el gobierno municipal de Tlaxcala, mantiene firme su compromiso de fomentar la identidad y promover la riqueza cultural que existe en la capital del estado.<br>Cabe destacar, que en este mismo marco de las actividades de Todos Santos , se llev\u00f3 a cabo en la Plaza de la Constituci\u00f3n, el tradicional viernes de danz\u00f3n, con una nutrida participaci\u00f3n.<\/p>\n\n\n\n<pre class=\"wp-block-code\"><code>            ---ooo--<\/code><\/pre>\n","protected":false},"excerpt":{"rendered":"<p>\u2022La presidenta municipal reconoce la importancia de la participaci\u00f3n de las y los capitalinos Durante la entrega de premios a los ganadores del concurso de fachadas en el marco de la \u201cFiesta de Todos Santos\u201d, la presidenta municipal de Tlaxcala, Maribel P\u00e9rez Arenas, destac\u00f3 la importancia de seguir manteniendo vivas tradiciones, como es la de [&hellip;]<\/p>\n","protected":false},"author":1,"featured_media":116434,"comment_status":"open","ping_status":"open","sticky":false,"template":"","format":"standard","meta":{"footnotes":""},"categories":[17],"tags":[],"class_list":["post-116433","post","type-post","status-publish","format-standard","has-post-thumbnail","hentry","category-tlaxcala"],"blog_post_layout_featured_media_urls":{"thumbnail":["https:\/\/diariolanoticia.com.mx\/wp-content\/uploads\/2023\/11\/IMG_8634-216x160.jpeg",216,160,true],"full":["https:\/\/diariolanoticia.com.mx\/wp-content\/uploads\/2023\/11\/IMG_8634.jpeg",1600,1066,false]},"categories_names":{"17":{"name":"Tlaxcala","link":"https:\/\/diariolanoticia.com.mx\/?cat=17"}},"tags_names":[],"comments_number":"0","wpmagazine_modules_lite_featured_media_urls":{"thumbnail":["https:\/\/diariolanoticia.com.mx\/wp-content\/uploads\/2023\/11\/IMG_8634-216x160.jpeg",216,160,true],"cvmm-medium":["https:\/\/diariolanoticia.com.mx\/wp-content\/uploads\/2023\/11\/IMG_8634-300x300.jpeg",300,300,true],"cvmm-medium-plus":["https:\/\/diariolanoticia.com.mx\/wp-content\/uploads\/2023\/11\/IMG_8634-305x207.jpeg",305,207,true],"cvmm-portrait":["https:\/\/diariolanoticia.com.mx\/wp-content\/uploads\/2023\/11\/IMG_8634-400x600.jpeg",400,600,true],"cvmm-medium-square":["https:\/\/diariolanoticia.com.mx\/wp-content\/uploads\/2023\/11\/IMG_8634-600x600.jpeg",600,600,true],"cvmm-large":["https:\/\/diariolanoticia.com.mx\/wp-content\/uploads\/2023\/11\/IMG_8634-1024x1024.jpeg",1024,1024,true],"cvmm-small":["https:\/\/diariolanoticia.com.mx\/wp-content\/uploads\/2023\/11\/IMG_8634-130x95.jpeg",130,95,true],"full":["https:\/\/diariolanoticia.com.mx\/wp-content\/uploads\/2023\/11\/IMG_8634.jpeg",1600,1066,false]},"_links":{"self":[{"href":"https:\/\/diariolanoticia.com.mx\/index.php?rest_route=\/wp\/v2\/posts\/116433","targetHints":{"allow":["GET"]}}],"collection":[{"href":"https:\/\/diariolanoticia.com.mx\/index.php?rest_route=\/wp\/v2\/posts"}],"about":[{"href":"https:\/\/diariolanoticia.com.mx\/index.php?rest_route=\/wp\/v2\/types\/post"}],"author":[{"embeddable":true,"href":"https:\/\/diariolanoticia.com.mx\/index.php?rest_route=\/wp\/v2\/users\/1"}],"replies":[{"embeddable":true,"href":"https:\/\/diariolanoticia.com.mx\/index.php?rest_route=%2Fwp%2Fv2%2Fcomments&post=116433"}],"version-history":[{"count":1,"href":"https:\/\/diariolanoticia.com.mx\/index.php?rest_route=\/wp\/v2\/posts\/116433\/revisions"}],"predecessor-version":[{"id":116435,"href":"https:\/\/diariolanoticia.com.mx\/index.php?rest_route=\/wp\/v2\/posts\/116433\/revisions\/116435"}],"wp:featuredmedia":[{"embeddable":true,"href":"https:\/\/diariolanoticia.com.mx\/index.php?rest_route=\/wp\/v2\/media\/116434"}],"wp:attachment":[{"href":"https:\/\/diariolanoticia.com.mx\/index.php?rest_route=%2Fwp%2Fv2%2Fmedia&parent=116433"}],"wp:term":[{"taxonomy":"category","embeddable":true,"href":"https:\/\/diariolanoticia.com.mx\/index.php?rest_route=%2Fwp%2Fv2%2Fcategories&post=116433"},{"taxonomy":"post_tag","embeddable":true,"href":"https:\/\/diariolanoticia.com.mx\/index.php?rest_route=%2Fwp%2Fv2%2Ftags&post=116433"}],"curies":[{"name":"wp","href":"https:\/\/api.w.org\/{rel}","templated":true}]}}