{"id":116436,"date":"2023-11-04T14:24:06","date_gmt":"2023-11-04T20:24:06","guid":{"rendered":"https:\/\/diariolanoticia.com.mx\/?p=116436"},"modified":"2023-11-04T14:24:07","modified_gmt":"2023-11-04T20:24:07","slug":"envio-gobernadora-apoyo-al-estado-de-guerrero-para-limpieza-y-rehabilitacion","status":"publish","type":"post","link":"https:\/\/diariolanoticia.com.mx\/?p=116436","title":{"rendered":"ENVI\u00d3 GOBERNADORA APOYO AL ESTADO DE GUERRERO PARA LIMPIEZA Y REHABILITACI\u00d3N"},"content":{"rendered":"\n<p><\/p>\n\n\n\n<p>*A trav\u00e9s de la Secretar\u00eda de Infraestructura fueron llevadas dos retroexcavadoras tipo 416<\/p>\n\n\n\n<p>El gobierno del estado, a trav\u00e9s de la Secretar\u00eda de Infraestructura (SI) envi\u00f3 apoyo a Guerrero para agilizar las labores de rehabilitaci\u00f3n y limpieza tras el paso devastador del hurac\u00e1n Otis que dej\u00f3 afectaciones en carreteras, edificios, viviendas y municipios enteros.<\/p>\n\n\n\n<p>La titular del Ejecutivo local, Lorena Cu\u00e9llar Cisneros, consciente de la dif\u00edcil situaci\u00f3n que enfrenta dicha entidad instruy\u00f3 efectuar medidas inmediatas para brindar la ayuda necesaria, por ello, en coordinaci\u00f3n con el titular de la SI, Diego Corona Cremean, enviaron dos retroexcavadoras tipo 416.<\/p>\n\n\n\n<p>La maquinaria ser\u00e1 de gran utilidad para el retiro de escombros, la apertura de caminos bloqueados y el restablecimiento de servicios b\u00e1sicos, debido a que con este apoyo, se facilitar\u00e1 el proceso de reconstrucci\u00f3n y se contribuir\u00e1 a mejorar las condiciones de vida de la poblaci\u00f3n afectada.<\/p>\n\n\n\n<p>Asimismo, se eval\u00faan otras medidas y recursos para brindar el apoyo a los guerrerenses, con abastecimiento de v\u00edveres recaudados en las dependencias del gobierno tlaxcalteca para coadyuvar a que sus habitantes puedan recuperarse lo m\u00e1s pronto posible.<\/p>\n\n\n\n<p>Con estas acciones, Cu\u00e9llar Cisneros refrenda su compromiso para trabajar en coordinaci\u00f3n con las autoridades locales y los organismos de emergencia para asegurar que las necesidades de Guerrero sean atendidas de manera r\u00e1pida y efectiva.<\/p>\n\n\n\n<p>En este dif\u00edcil momento, la solidaridad y el trabajo en equipo son fundamentales para ayudar a Guerrero a superar la adversidad, por ello, se invita a la poblaci\u00f3n tlaxcalteca a participar en la colecta de v\u00edveres que encabeza el Sistema Estatal para el Desarrollo Integral de la Familia (Sedif).<\/p>\n","protected":false},"excerpt":{"rendered":"<p>*A trav\u00e9s de la Secretar\u00eda de Infraestructura fueron llevadas dos retroexcavadoras tipo 416 El gobierno del estado, a trav\u00e9s de la Secretar\u00eda de Infraestructura (SI) envi\u00f3 apoyo a Guerrero para agilizar las labores de rehabilitaci\u00f3n y limpieza tras el paso devastador del hurac\u00e1n Otis que dej\u00f3 afectaciones en carreteras, edificios, viviendas y municipios enteros. La [&hellip;]<\/p>\n","protected":false},"author":1,"featured_media":116437,"comment_status":"open","ping_status":"open","sticky":false,"template":"","format":"standard","meta":{"footnotes":""},"categories":[21],"tags":[],"class_list":["post-116436","post","type-post","status-publish","format-standard","has-post-thumbnail","hentry","category-estatal"],"blog_post_layout_featured_media_urls":{"thumbnail":["https:\/\/diariolanoticia.com.mx\/wp-content\/uploads\/2023\/11\/163f59ca-5dc0-4b76-8044-de4c812189a8-216x160.jpeg",216,160,true],"full":["https:\/\/diariolanoticia.com.mx\/wp-content\/uploads\/2023\/11\/163f59ca-5dc0-4b76-8044-de4c812189a8.jpeg",768,1024,false]},"categories_names":{"21":{"name":"Estatal","link":"https:\/\/diariolanoticia.com.mx\/?cat=21"}},"tags_names":[],"comments_number":"0","wpmagazine_modules_lite_featured_media_urls":{"thumbnail":["https:\/\/diariolanoticia.com.mx\/wp-content\/uploads\/2023\/11\/163f59ca-5dc0-4b76-8044-de4c812189a8-216x160.jpeg",216,160,true],"cvmm-medium":["https:\/\/diariolanoticia.com.mx\/wp-content\/uploads\/2023\/11\/163f59ca-5dc0-4b76-8044-de4c812189a8-300x300.jpeg",300,300,true],"cvmm-medium-plus":["https:\/\/diariolanoticia.com.mx\/wp-content\/uploads\/2023\/11\/163f59ca-5dc0-4b76-8044-de4c812189a8-305x207.jpeg",305,207,true],"cvmm-portrait":["https:\/\/diariolanoticia.com.mx\/wp-content\/uploads\/2023\/11\/163f59ca-5dc0-4b76-8044-de4c812189a8-400x600.jpeg",400,600,true],"cvmm-medium-square":["https:\/\/diariolanoticia.com.mx\/wp-content\/uploads\/2023\/11\/163f59ca-5dc0-4b76-8044-de4c812189a8-600x600.jpeg",600,600,true],"cvmm-large":["https:\/\/diariolanoticia.com.mx\/wp-content\/uploads\/2023\/11\/163f59ca-5dc0-4b76-8044-de4c812189a8.jpeg",768,1024,false],"cvmm-small":["https:\/\/diariolanoticia.com.mx\/wp-content\/uploads\/2023\/11\/163f59ca-5dc0-4b76-8044-de4c812189a8-130x95.jpeg",130,95,true],"full":["https:\/\/diariolanoticia.com.mx\/wp-content\/uploads\/2023\/11\/163f59ca-5dc0-4b76-8044-de4c812189a8.jpeg",768,1024,false]},"_links":{"self":[{"href":"https:\/\/diariolanoticia.com.mx\/index.php?rest_route=\/wp\/v2\/posts\/116436","targetHints":{"allow":["GET"]}}],"collection":[{"href":"https:\/\/diariolanoticia.com.mx\/index.php?rest_route=\/wp\/v2\/posts"}],"about":[{"href":"https:\/\/diariolanoticia.com.mx\/index.php?rest_route=\/wp\/v2\/types\/post"}],"author":[{"embeddable":true,"href":"https:\/\/diariolanoticia.com.mx\/index.php?rest_route=\/wp\/v2\/users\/1"}],"replies":[{"embeddable":true,"href":"https:\/\/diariolanoticia.com.mx\/index.php?rest_route=%2Fwp%2Fv2%2Fcomments&post=116436"}],"version-history":[{"count":1,"href":"https:\/\/diariolanoticia.com.mx\/index.php?rest_route=\/wp\/v2\/posts\/116436\/revisions"}],"predecessor-version":[{"id":116438,"href":"https:\/\/diariolanoticia.com.mx\/index.php?rest_route=\/wp\/v2\/posts\/116436\/revisions\/116438"}],"wp:featuredmedia":[{"embeddable":true,"href":"https:\/\/diariolanoticia.com.mx\/index.php?rest_route=\/wp\/v2\/media\/116437"}],"wp:attachment":[{"href":"https:\/\/diariolanoticia.com.mx\/index.php?rest_route=%2Fwp%2Fv2%2Fmedia&parent=116436"}],"wp:term":[{"taxonomy":"category","embeddable":true,"href":"https:\/\/diariolanoticia.com.mx\/index.php?rest_route=%2Fwp%2Fv2%2Fcategories&post=116436"},{"taxonomy":"post_tag","embeddable":true,"href":"https:\/\/diariolanoticia.com.mx\/index.php?rest_route=%2Fwp%2Fv2%2Ftags&post=116436"}],"curies":[{"name":"wp","href":"https:\/\/api.w.org\/{rel}","templated":true}]}}