{"id":116555,"date":"2023-11-07T17:36:40","date_gmt":"2023-11-07T23:36:40","guid":{"rendered":"https:\/\/diariolanoticia.com.mx\/?p=116555"},"modified":"2023-11-07T17:36:41","modified_gmt":"2023-11-07T23:36:41","slug":"huamantla-fue-sede-del-taller-de-promocion-turistica-y-mercadotecnia-en-redes","status":"publish","type":"post","link":"https:\/\/diariolanoticia.com.mx\/?p=116555","title":{"rendered":"HUAMANTLA FUE SEDE DEL TALLER DE PROMOCI\u00d3N TUR\u00cdSTICA Y MERCADOTECNIA EN REDES"},"content":{"rendered":"\n<p>\u00b7 Este taller es parte del proyecto \u201cManjares tlaxcaltecas\u201d, que busca posicionar al estado como la mejor oferta tur\u00edstica de la regi\u00f3n.<\/p>\n\n\n\n<p>El Pueblo M\u00e1gico de Huamantla fue sede del taller de \u201cPromoci\u00f3n y Mercadotecnia en Redes\u201d, que imparti\u00f3 el mercad\u00f3logo tur\u00edstico Eduardo Lara, donde se plante\u00f3 que la promoci\u00f3n digital ocupe un lugar primordial en el fomento a la actividad tur\u00edstica y con ello atraer a m\u00e1s visitantes al estado.<\/p>\n\n\n\n<p>En el auditorio de la ex Cancha 13, se reunieron emprendedores y prestadores de servicios tur\u00edsticos de 11 municipios de la zona oriente del estado, como Atltzayanca, El Carmen Tequexquitla, Ixtenco, Cuapiaxtla, Terrenate, Xaloztoc, Teacalco, entre otros, quienes participaron en diversas mesas de trabajo.<\/p>\n\n\n\n<p>Hoteleros, restauranteros, tahoneros, cocineras y cocineros tradicionales, artesanos y escultores, reconocieron la importancia de este taller gratuito, ya que se presentaron estrategias de comercializaci\u00f3n a trav\u00e9s de la publicidad en redes sociales, y con ello puedan ofrecer experiencias \u00fanicas a los turistas destacando sus productos y servicios.<\/p>\n\n\n\n<p>Este taller, fue parte del seguimiento del proyecto \u201cManjares tlaxcaltecas\u201d, realizado en colaboraci\u00f3n con La Secretar\u00eda de Turismo de Tlaxcala (Secture), Tecuani Consultores, el Instituto Nacional de Investigaciones Forestales, Agr\u00edcolas y Pecuarias (INIFAP) y el Consejo Nacional de Humanidades Ciencias y Tecnolog\u00edas (CONAHCYT), que busca posicionar al estado como la mejor oferta tur\u00edstica de la regi\u00f3n.<\/p>\n","protected":false},"excerpt":{"rendered":"<p>\u00b7 Este taller es parte del proyecto \u201cManjares tlaxcaltecas\u201d, que busca posicionar al estado como la mejor oferta tur\u00edstica de la regi\u00f3n. El Pueblo M\u00e1gico de Huamantla fue sede del taller de \u201cPromoci\u00f3n y Mercadotecnia en Redes\u201d, que imparti\u00f3 el mercad\u00f3logo tur\u00edstico Eduardo Lara, donde se plante\u00f3 que la promoci\u00f3n digital ocupe un lugar primordial [&hellip;]<\/p>\n","protected":false},"author":1,"featured_media":116556,"comment_status":"open","ping_status":"open","sticky":false,"template":"","format":"standard","meta":{"footnotes":""},"categories":[219],"tags":[],"class_list":["post-116555","post","type-post","status-publish","format-standard","has-post-thumbnail","hentry","category-huamantla"],"blog_post_layout_featured_media_urls":{"thumbnail":["https:\/\/diariolanoticia.com.mx\/wp-content\/uploads\/2023\/11\/fce1c721-18b5-4bbc-9c55-e708f941161a-216x160.jpeg",216,160,true],"full":["https:\/\/diariolanoticia.com.mx\/wp-content\/uploads\/2023\/11\/fce1c721-18b5-4bbc-9c55-e708f941161a.jpeg",853,569,false]},"categories_names":{"219":{"name":"Huamantla","link":"https:\/\/diariolanoticia.com.mx\/?cat=219"}},"tags_names":[],"comments_number":"0","wpmagazine_modules_lite_featured_media_urls":{"thumbnail":["https:\/\/diariolanoticia.com.mx\/wp-content\/uploads\/2023\/11\/fce1c721-18b5-4bbc-9c55-e708f941161a-216x160.jpeg",216,160,true],"cvmm-medium":["https:\/\/diariolanoticia.com.mx\/wp-content\/uploads\/2023\/11\/fce1c721-18b5-4bbc-9c55-e708f941161a-300x300.jpeg",300,300,true],"cvmm-medium-plus":["https:\/\/diariolanoticia.com.mx\/wp-content\/uploads\/2023\/11\/fce1c721-18b5-4bbc-9c55-e708f941161a-305x207.jpeg",305,207,true],"cvmm-portrait":["https:\/\/diariolanoticia.com.mx\/wp-content\/uploads\/2023\/11\/fce1c721-18b5-4bbc-9c55-e708f941161a-400x569.jpeg",400,569,true],"cvmm-medium-square":["https:\/\/diariolanoticia.com.mx\/wp-content\/uploads\/2023\/11\/fce1c721-18b5-4bbc-9c55-e708f941161a-600x569.jpeg",600,569,true],"cvmm-large":["https:\/\/diariolanoticia.com.mx\/wp-content\/uploads\/2023\/11\/fce1c721-18b5-4bbc-9c55-e708f941161a.jpeg",853,569,false],"cvmm-small":["https:\/\/diariolanoticia.com.mx\/wp-content\/uploads\/2023\/11\/fce1c721-18b5-4bbc-9c55-e708f941161a-130x95.jpeg",130,95,true],"full":["https:\/\/diariolanoticia.com.mx\/wp-content\/uploads\/2023\/11\/fce1c721-18b5-4bbc-9c55-e708f941161a.jpeg",853,569,false]},"_links":{"self":[{"href":"https:\/\/diariolanoticia.com.mx\/index.php?rest_route=\/wp\/v2\/posts\/116555","targetHints":{"allow":["GET"]}}],"collection":[{"href":"https:\/\/diariolanoticia.com.mx\/index.php?rest_route=\/wp\/v2\/posts"}],"about":[{"href":"https:\/\/diariolanoticia.com.mx\/index.php?rest_route=\/wp\/v2\/types\/post"}],"author":[{"embeddable":true,"href":"https:\/\/diariolanoticia.com.mx\/index.php?rest_route=\/wp\/v2\/users\/1"}],"replies":[{"embeddable":true,"href":"https:\/\/diariolanoticia.com.mx\/index.php?rest_route=%2Fwp%2Fv2%2Fcomments&post=116555"}],"version-history":[{"count":1,"href":"https:\/\/diariolanoticia.com.mx\/index.php?rest_route=\/wp\/v2\/posts\/116555\/revisions"}],"predecessor-version":[{"id":116557,"href":"https:\/\/diariolanoticia.com.mx\/index.php?rest_route=\/wp\/v2\/posts\/116555\/revisions\/116557"}],"wp:featuredmedia":[{"embeddable":true,"href":"https:\/\/diariolanoticia.com.mx\/index.php?rest_route=\/wp\/v2\/media\/116556"}],"wp:attachment":[{"href":"https:\/\/diariolanoticia.com.mx\/index.php?rest_route=%2Fwp%2Fv2%2Fmedia&parent=116555"}],"wp:term":[{"taxonomy":"category","embeddable":true,"href":"https:\/\/diariolanoticia.com.mx\/index.php?rest_route=%2Fwp%2Fv2%2Fcategories&post=116555"},{"taxonomy":"post_tag","embeddable":true,"href":"https:\/\/diariolanoticia.com.mx\/index.php?rest_route=%2Fwp%2Fv2%2Ftags&post=116555"}],"curies":[{"name":"wp","href":"https:\/\/api.w.org\/{rel}","templated":true}]}}