{"id":116657,"date":"2023-11-09T14:22:14","date_gmt":"2023-11-09T20:22:14","guid":{"rendered":"https:\/\/diariolanoticia.com.mx\/?p=116657"},"modified":"2023-11-09T14:22:14","modified_gmt":"2023-11-09T20:22:14","slug":"sera-huamantla-capital-por-un-dia-en-conmemoracion-por-la-batalla-de-tecoac","status":"publish","type":"post","link":"https:\/\/diariolanoticia.com.mx\/?p=116657","title":{"rendered":"SER\u00c1 HUAMANTLA CAPITAL POR UN D\u00cdA EN CONMEMORACI\u00d3N POR LA BATALLA DE TECOAC"},"content":{"rendered":"\n<p>El Congreso del Estado de Tlaxcala ha declarado al municipio de Huamantla como Capital por un d\u00eda, en conmemoraci\u00f3n de la Batalla de Tecoac, que tuvo lugar en 1876.<\/p>\n\n\n\n<p>Ser\u00e1 el pr\u00f3ximo 16 de noviembre que los tres poderes se trasladar\u00e1n a Huamantla, en un gesto simb\u00f3lico que demuestra la importancia de este lugar en la historia de Tlaxcala y M\u00e9xico.<\/p>\n\n\n\n<p>En esta ocasi\u00f3n especial, se albergar\u00e1 al Poder Ejecutivo en la figura de la gobernadora de Tlaxcala, al Congreso del estado con sus 25 diputadas y diputados, y al Poder Judicial, por lo que es un reconocimiento merecido a la valent\u00eda y hero\u00edsmo que este territorio ha presenciado a lo largo de los a\u00f1os.<\/p>\n\n\n\n<p>Finalmente el presidente municipal, Salvador Santos Cedillo, se\u00f1al\u00f3 que la designaci\u00f3n de Huamantla como Capital por un d\u00eda es una muestra de aprecio por su relevancia en el \u00e1mbito estatal y un tributo a sus gestas heroicas.<\/p>\n","protected":false},"excerpt":{"rendered":"<p>El Congreso del Estado de Tlaxcala ha declarado al municipio de Huamantla como Capital por un d\u00eda, en conmemoraci\u00f3n de la Batalla de Tecoac, que tuvo lugar en 1876. Ser\u00e1 el pr\u00f3ximo 16 de noviembre que los tres poderes se trasladar\u00e1n a Huamantla, en un gesto simb\u00f3lico que demuestra la importancia de este lugar en [&hellip;]<\/p>\n","protected":false},"author":1,"featured_media":116658,"comment_status":"open","ping_status":"open","sticky":false,"template":"","format":"standard","meta":{"footnotes":""},"categories":[219],"tags":[],"class_list":["post-116657","post","type-post","status-publish","format-standard","has-post-thumbnail","hentry","category-huamantla"],"blog_post_layout_featured_media_urls":{"thumbnail":["https:\/\/diariolanoticia.com.mx\/wp-content\/uploads\/2023\/11\/WhatsApp-Image-2023-11-09-at-13.50.31-216x160.jpeg",216,160,true],"full":["https:\/\/diariolanoticia.com.mx\/wp-content\/uploads\/2023\/11\/WhatsApp-Image-2023-11-09-at-13.50.31.jpeg",1280,719,false]},"categories_names":{"219":{"name":"Huamantla","link":"https:\/\/diariolanoticia.com.mx\/?cat=219"}},"tags_names":[],"comments_number":"0","wpmagazine_modules_lite_featured_media_urls":{"thumbnail":["https:\/\/diariolanoticia.com.mx\/wp-content\/uploads\/2023\/11\/WhatsApp-Image-2023-11-09-at-13.50.31-216x160.jpeg",216,160,true],"cvmm-medium":["https:\/\/diariolanoticia.com.mx\/wp-content\/uploads\/2023\/11\/WhatsApp-Image-2023-11-09-at-13.50.31-300x300.jpeg",300,300,true],"cvmm-medium-plus":["https:\/\/diariolanoticia.com.mx\/wp-content\/uploads\/2023\/11\/WhatsApp-Image-2023-11-09-at-13.50.31-305x207.jpeg",305,207,true],"cvmm-portrait":["https:\/\/diariolanoticia.com.mx\/wp-content\/uploads\/2023\/11\/WhatsApp-Image-2023-11-09-at-13.50.31-400x600.jpeg",400,600,true],"cvmm-medium-square":["https:\/\/diariolanoticia.com.mx\/wp-content\/uploads\/2023\/11\/WhatsApp-Image-2023-11-09-at-13.50.31-600x600.jpeg",600,600,true],"cvmm-large":["https:\/\/diariolanoticia.com.mx\/wp-content\/uploads\/2023\/11\/WhatsApp-Image-2023-11-09-at-13.50.31-1024x719.jpeg",1024,719,true],"cvmm-small":["https:\/\/diariolanoticia.com.mx\/wp-content\/uploads\/2023\/11\/WhatsApp-Image-2023-11-09-at-13.50.31-130x95.jpeg",130,95,true],"full":["https:\/\/diariolanoticia.com.mx\/wp-content\/uploads\/2023\/11\/WhatsApp-Image-2023-11-09-at-13.50.31.jpeg",1280,719,false]},"_links":{"self":[{"href":"https:\/\/diariolanoticia.com.mx\/index.php?rest_route=\/wp\/v2\/posts\/116657","targetHints":{"allow":["GET"]}}],"collection":[{"href":"https:\/\/diariolanoticia.com.mx\/index.php?rest_route=\/wp\/v2\/posts"}],"about":[{"href":"https:\/\/diariolanoticia.com.mx\/index.php?rest_route=\/wp\/v2\/types\/post"}],"author":[{"embeddable":true,"href":"https:\/\/diariolanoticia.com.mx\/index.php?rest_route=\/wp\/v2\/users\/1"}],"replies":[{"embeddable":true,"href":"https:\/\/diariolanoticia.com.mx\/index.php?rest_route=%2Fwp%2Fv2%2Fcomments&post=116657"}],"version-history":[{"count":1,"href":"https:\/\/diariolanoticia.com.mx\/index.php?rest_route=\/wp\/v2\/posts\/116657\/revisions"}],"predecessor-version":[{"id":116659,"href":"https:\/\/diariolanoticia.com.mx\/index.php?rest_route=\/wp\/v2\/posts\/116657\/revisions\/116659"}],"wp:featuredmedia":[{"embeddable":true,"href":"https:\/\/diariolanoticia.com.mx\/index.php?rest_route=\/wp\/v2\/media\/116658"}],"wp:attachment":[{"href":"https:\/\/diariolanoticia.com.mx\/index.php?rest_route=%2Fwp%2Fv2%2Fmedia&parent=116657"}],"wp:term":[{"taxonomy":"category","embeddable":true,"href":"https:\/\/diariolanoticia.com.mx\/index.php?rest_route=%2Fwp%2Fv2%2Fcategories&post=116657"},{"taxonomy":"post_tag","embeddable":true,"href":"https:\/\/diariolanoticia.com.mx\/index.php?rest_route=%2Fwp%2Fv2%2Ftags&post=116657"}],"curies":[{"name":"wp","href":"https:\/\/api.w.org\/{rel}","templated":true}]}}