{"id":116672,"date":"2023-11-09T15:12:09","date_gmt":"2023-11-09T21:12:09","guid":{"rendered":"https:\/\/diariolanoticia.com.mx\/?p=116672"},"modified":"2023-11-09T15:12:10","modified_gmt":"2023-11-09T21:12:10","slug":"aprueba-congreso-de-tlaxcala-convocatoria-para-15o-parlamento-infantil-tlaxcala-2024","status":"publish","type":"post","link":"https:\/\/diariolanoticia.com.mx\/?p=116672","title":{"rendered":"Aprueba Congreso de Tlaxcala convocatoria para 15\u00ba Parlamento Infantil Tlaxcala 2024"},"content":{"rendered":"\n<p><em>\u00b7<\/em><em>&nbsp;&nbsp;<\/em><em>Buscan que las ni\u00f1as y ni\u00f1os tlaxcaltecas, se expresen libremente y que su contribuci\u00f3n promueva la defensa y el ejercicio pleno de sus derechos.<\/em><\/p>\n\n\n\n<p>Tlaxcala, Tlax., a 09 de noviembre de 2023<\/p>\n\n\n\n<p>Durante la vig\u00e9sima sesi\u00f3n ordinaria del Congreso del Estado de Tlaxcala, las y los diputados de la LXIV Legislatura aprobaron el dictamen con proyecto de Acuerdo por el que se emite la convocatoria al 15\u00ba Parlamento Infantil 2024, presentado por la Comisi\u00f3n de Educaci\u00f3n, Cultura, Ciencia y Tecnolog\u00eda, que preside la diputada Alejandra Ram\u00edrez Ortiz.<\/p>\n\n\n\n<p>En cumplimiento al Decreto n\u00famero 126, publicado en el Diario Oficial del Gobierno del Estado de Tlaxcala, en donde se se\u00f1ala que se debe realizar de forma anual la celebraci\u00f3n del Parlamento Infantil, cada 30 de abril, la LXIV Legislatura emiti\u00f3 la convocatoria para&nbsp;las ni\u00f1as y ni\u00f1os del nivel de educaci\u00f3n primaria, cuya edad se de entre los 10 y 12 a\u00f1os y est\u00e9n cursando el quinto o sexto grado, o su equivalente en el caso de los ni\u00f1os que estudien bajo el sistema del Consejo Nacional de Fomento Educativo (CONAFE).<\/p>\n\n\n\n<p>Cabe se\u00f1alar que, la elecci\u00f3n de las ni\u00f1as y ni\u00f1os participantes corresponder\u00e1 a la Comisi\u00f3n Organizadora, integrada por la Secretar\u00eda de Educaci\u00f3n P\u00fablica (SEP), la Unidad de Servicios Educativos de Tlaxcala (USET), el Instituto Tlaxcalteca de Elecciones (ITE), el Consejo Nacional de Fomento Educativo (CONAFE), la Comisi\u00f3n Estatal de Derechos Humanos (CEDH), el Sistema para el Desarrollo Integral de la Familia (DIF) en el Estado y la Comisi\u00f3n de Educaci\u00f3n, Cultura, Ciencia y Tecnolog\u00eda del Congreso del Estado.<\/p>\n\n\n\n<p>Se elegir\u00e1n a 25 legisladoras y legisladores infantiles, de los cuales, 15 ser\u00e1n seleccionados por cada uno de los Distritos Electorales y 10 de Distritos Electorales indistintos, a fin de que integren el Pleno del \u00abD\u00e9cimo Quinto Parlamento Infantil 2024\u00bb, mismo que tiene como objetivo principal que las ni\u00f1as y ni\u00f1os tlaxcaltecas, se expresen libremente y que su contribuci\u00f3n promueva la defensa y el ejercicio pleno de sus derechos.<\/p>\n\n\n\n<p>Las ni\u00f1as y ni\u00f1os interesados en participar en las etapas de selecci\u00f3n deber\u00e1n presentar por escrito un tema con una extensi\u00f3n de hasta tres cuartillas y posteriormente exponerlo oralmente con una duraci\u00f3n de 3 a 5 minutos, sin apoyo de ning\u00fan documento o dispositivo digital, respecto a temas como Pol\u00edticas y programas p\u00fablicos para la atenci\u00f3n del desarrollo infantil; El derecho a un medio ambiente sano y su impacto en el desarrollo de las ni\u00f1as y ni\u00f1os; Propuestas para erradicar la violencia y el maltrato infantil; Propuestas para alcanzar el desarrollo infantil mediante el abatimiento de fen\u00f3menos de discriminaci\u00f3n, desigualdad y pobreza; Gobiernos eficientes y comprometidos con los derechos de las ni\u00f1as y ni\u00f1os; El papel de los padres y maestros en la formaci\u00f3n integral de la infancia; Convivencia escolar y derechos de ni\u00f1as y ni\u00f1os; Educaci\u00f3n ind\u00edgena y de personas con discapacidad.<\/p>\n\n\n\n<p>Los documentos para realizar la inscripci\u00f3n deber\u00e1n presentarse ante la presidencia de la Comisi\u00f3n de Educaci\u00f3n, Cultura, Ciencia y Tecnolog\u00eda del Congreso del Estado, antes del 02 de febrero de 2024, as\u00ed como para aclarar dudas sobre la convocatoria.<\/p>\n\n\n\n<p>El dictamen fue le\u00eddo por las diputadas Laura Alejandra Ram\u00edrez Ortiz, presidenta de la Comisi\u00f3n de Educaci\u00f3n, Cultura, Ciencia y Tecnolog\u00eda y Gabriela Esperanza Brito Jim\u00e9nez, vocal de dicha Comisi\u00f3n.&nbsp;<\/p>\n","protected":false},"excerpt":{"rendered":"<p>\u00b7&nbsp;&nbsp;Buscan que las ni\u00f1as y ni\u00f1os tlaxcaltecas, se expresen libremente y que su contribuci\u00f3n promueva la defensa y el ejercicio pleno de sus derechos. Tlaxcala, Tlax., a 09 de noviembre de 2023 Durante la vig\u00e9sima sesi\u00f3n ordinaria del Congreso del Estado de Tlaxcala, las y los diputados de la LXIV Legislatura aprobaron el dictamen con [&hellip;]<\/p>\n","protected":false},"author":1,"featured_media":116673,"comment_status":"open","ping_status":"open","sticky":false,"template":"","format":"standard","meta":{"footnotes":""},"categories":[22],"tags":[],"class_list":["post-116672","post","type-post","status-publish","format-standard","has-post-thumbnail","hentry","category-congreso"],"blog_post_layout_featured_media_urls":{"thumbnail":["https:\/\/diariolanoticia.com.mx\/wp-content\/uploads\/2023\/11\/ARO-216x160.jpeg",216,160,true],"full":["https:\/\/diariolanoticia.com.mx\/wp-content\/uploads\/2023\/11\/ARO.jpeg",1024,684,false]},"categories_names":{"22":{"name":"Congreso","link":"https:\/\/diariolanoticia.com.mx\/?cat=22"}},"tags_names":[],"comments_number":"0","wpmagazine_modules_lite_featured_media_urls":{"thumbnail":["https:\/\/diariolanoticia.com.mx\/wp-content\/uploads\/2023\/11\/ARO-216x160.jpeg",216,160,true],"cvmm-medium":["https:\/\/diariolanoticia.com.mx\/wp-content\/uploads\/2023\/11\/ARO-300x300.jpeg",300,300,true],"cvmm-medium-plus":["https:\/\/diariolanoticia.com.mx\/wp-content\/uploads\/2023\/11\/ARO-305x207.jpeg",305,207,true],"cvmm-portrait":["https:\/\/diariolanoticia.com.mx\/wp-content\/uploads\/2023\/11\/ARO-400x600.jpeg",400,600,true],"cvmm-medium-square":["https:\/\/diariolanoticia.com.mx\/wp-content\/uploads\/2023\/11\/ARO-600x600.jpeg",600,600,true],"cvmm-large":["https:\/\/diariolanoticia.com.mx\/wp-content\/uploads\/2023\/11\/ARO.jpeg",1024,684,false],"cvmm-small":["https:\/\/diariolanoticia.com.mx\/wp-content\/uploads\/2023\/11\/ARO-130x95.jpeg",130,95,true],"full":["https:\/\/diariolanoticia.com.mx\/wp-content\/uploads\/2023\/11\/ARO.jpeg",1024,684,false]},"_links":{"self":[{"href":"https:\/\/diariolanoticia.com.mx\/index.php?rest_route=\/wp\/v2\/posts\/116672","targetHints":{"allow":["GET"]}}],"collection":[{"href":"https:\/\/diariolanoticia.com.mx\/index.php?rest_route=\/wp\/v2\/posts"}],"about":[{"href":"https:\/\/diariolanoticia.com.mx\/index.php?rest_route=\/wp\/v2\/types\/post"}],"author":[{"embeddable":true,"href":"https:\/\/diariolanoticia.com.mx\/index.php?rest_route=\/wp\/v2\/users\/1"}],"replies":[{"embeddable":true,"href":"https:\/\/diariolanoticia.com.mx\/index.php?rest_route=%2Fwp%2Fv2%2Fcomments&post=116672"}],"version-history":[{"count":1,"href":"https:\/\/diariolanoticia.com.mx\/index.php?rest_route=\/wp\/v2\/posts\/116672\/revisions"}],"predecessor-version":[{"id":116674,"href":"https:\/\/diariolanoticia.com.mx\/index.php?rest_route=\/wp\/v2\/posts\/116672\/revisions\/116674"}],"wp:featuredmedia":[{"embeddable":true,"href":"https:\/\/diariolanoticia.com.mx\/index.php?rest_route=\/wp\/v2\/media\/116673"}],"wp:attachment":[{"href":"https:\/\/diariolanoticia.com.mx\/index.php?rest_route=%2Fwp%2Fv2%2Fmedia&parent=116672"}],"wp:term":[{"taxonomy":"category","embeddable":true,"href":"https:\/\/diariolanoticia.com.mx\/index.php?rest_route=%2Fwp%2Fv2%2Fcategories&post=116672"},{"taxonomy":"post_tag","embeddable":true,"href":"https:\/\/diariolanoticia.com.mx\/index.php?rest_route=%2Fwp%2Fv2%2Ftags&post=116672"}],"curies":[{"name":"wp","href":"https:\/\/api.w.org\/{rel}","templated":true}]}}