{"id":116678,"date":"2023-11-09T15:14:17","date_gmt":"2023-11-09T21:14:17","guid":{"rendered":"https:\/\/diariolanoticia.com.mx\/?p=116678"},"modified":"2023-11-09T15:14:18","modified_gmt":"2023-11-09T21:14:18","slug":"estructura-de-fuerza-por-tlaxcala-se-robustece-en-municipios-de-tlaxcala-comienza-dinamismo-en-la-capital-del-estado","status":"publish","type":"post","link":"https:\/\/diariolanoticia.com.mx\/?p=116678","title":{"rendered":"Estructura de \u201cFuerza por Tlaxcala\u201d se robustece en municipios de Tlaxcala; comienza dinamismo en la capital del estado"},"content":{"rendered":"\n<p>Con la intenci\u00f3n de fortalecer la agenda pol\u00edtica de los temas que impulsa el movimiento pol\u00edtico \u201cFuerza por Tlaxcala\u201d, liderado por la actual Diputada, Blanca \u00c1guila Lima, l\u00edderes pol\u00edticos de la ciudad de Tlaxcala sostuvieron una reuni\u00f3n de trabajo para definir los temas que buscan abordar en una plataforma pol\u00edtica de cara al proceso electoral de 2024.<\/p>\n\n\n\n<p>En su figura de l\u00edderes de diferentes sectores de la sociedad capitalina, el grupo \u201cFuerza por Tlaxcala\u201d mantiene el dinamismo que permita consolidar la figura de Blanca \u00c1guila Lima como aspirante a representante popular durante el proceso electoral federal de 2024.<\/p>\n\n\n\n<p>Durante la reuni\u00f3n de trabajo hubo un nutrido intercambio de ideas y opiniones sobre los temas que advierten especial atenci\u00f3n para la comunidad capitalina que permitir\u00e1n integrar una agenda pol\u00edtica de altos alcances y, sobre todo, de soluciones para los problemas detectados.<\/p>\n\n\n\n<p>Cabe se\u00f1alar que el proyecto \u201cFuerza por Tlaxcala\u201d se mantiene como un grupo din\u00e1mico integrado por diferentes cuadros y liderazgos en diferentes municipios del estado y que ha comenzado a sostener reuniones que fortalezcan la plataforma pol\u00edtica y electoral de cara al pr\u00f3ximo a\u00f1o.<\/p>\n\n\n\n<p>En esa l\u00ednea, hay que resaltar que la reuni\u00f3n que se efectu\u00f3 en el municipio de Tlaxcala forma parte de un calendario de actividades que se ir\u00e1n replicando en pr\u00e1cticamente todo el estado con la intenci\u00f3n de realizar un diagn\u00f3stico en cada regi\u00f3n y, as\u00ed, plantear alternativas que den atenci\u00f3n a las necesidades de cada sector prioritario.<\/p>\n\n\n\n<p>Las personas que integran dicha estructura pol\u00edtica mantienen su compromiso de observar en la figura de la actual Diputada local, Blanca \u00c1guila Lima, al perfil id\u00f3neo para encabezar las estrategias, propuestas y soluciones de dicho grupo.<\/p>\n\n\n\n<p>Por ello, han manifestado su respaldo a las decisiones pol\u00edticas y electorales que determine la tambi\u00e9n Secretaria General de la Secci\u00f3n 27 del Sindicato Nacional de Trabajadores de la Secretar\u00eda de Salud en Tlaxcala, ante su intenci\u00f3n de aspirar a una candidatura al Senado de la Rep\u00fablica en la elecci\u00f3n de 2024.<\/p>\n\n\n\n<p>En medios de informaci\u00f3n ha transcendido el inter\u00e9s de \u00c1guila Lima por aspirar a una candidatura al Senado el pr\u00f3ximo a\u00f1o, de ah\u00ed que los liderazgos de \u201cFuerza por Tlaxcala\u201d la observen como un perfil s\u00f3lido y altamente competitivo para encabezar esa posici\u00f3n.<\/p>\n\n\n\n<p>Entre otros cuadros que observan a la tambi\u00e9n l\u00edder sindical como s\u00f3lida aspirante, destacan, Pedro Ba\u00f1uelos Morales, Marco Polo Galicia Chac\u00f3n, Sony Lima Salgado, Mart\u00edn Ju\u00e1rez Blancas, Jos\u00e9 Hern\u00e1ndez, Gilberto Silva Flores, entre otros.<\/p>\n\n\n\n<p>Y es que adem\u00e1s reconocen no \u00fanicamente el liderazgo de la Diputada local, sino tambi\u00e9n la capacidad de gesti\u00f3n social que representa, lo que le ha permitido apoyar de forma trascendente a diversos sectores de la sociedad.<\/p>\n\n\n\n<p>Si bien su perfil es identificado con el sector Salud del Estado de Tlaxcala, es un hecho que Blanca \u00c1guila Lima ha desarrollado carrera pol\u00edtica gracias a su dinamismo e impulso lo mismo a trabajadores de la salud que, a empresarios, j\u00f3venes, deportistas, ejidatarios, mujeres, personas de la tercera edad y comunidad LGBTIQ+.<\/p>\n","protected":false},"excerpt":{"rendered":"<p>Con la intenci\u00f3n de fortalecer la agenda pol\u00edtica de los temas que impulsa el movimiento pol\u00edtico \u201cFuerza por Tlaxcala\u201d, liderado por la actual Diputada, Blanca \u00c1guila Lima, l\u00edderes pol\u00edticos de la ciudad de Tlaxcala sostuvieron una reuni\u00f3n de trabajo para definir los temas que buscan abordar en una plataforma pol\u00edtica de cara al proceso electoral [&hellip;]<\/p>\n","protected":false},"author":1,"featured_media":116679,"comment_status":"open","ping_status":"open","sticky":false,"template":"","format":"standard","meta":{"footnotes":""},"categories":[22,38],"tags":[],"class_list":["post-116678","post","type-post","status-publish","format-standard","has-post-thumbnail","hentry","category-congreso","category-politica"],"blog_post_layout_featured_media_urls":{"thumbnail":["https:\/\/diariolanoticia.com.mx\/wp-content\/uploads\/2023\/11\/fuerza-por-tlaxcala-216x160.jpeg",216,160,true],"full":["https:\/\/diariolanoticia.com.mx\/wp-content\/uploads\/2023\/11\/fuerza-por-tlaxcala.jpeg",1024,768,false]},"categories_names":{"22":{"name":"Congreso","link":"https:\/\/diariolanoticia.com.mx\/?cat=22"},"38":{"name":"Pol\u00edtica","link":"https:\/\/diariolanoticia.com.mx\/?cat=38"}},"tags_names":[],"comments_number":"0","wpmagazine_modules_lite_featured_media_urls":{"thumbnail":["https:\/\/diariolanoticia.com.mx\/wp-content\/uploads\/2023\/11\/fuerza-por-tlaxcala-216x160.jpeg",216,160,true],"cvmm-medium":["https:\/\/diariolanoticia.com.mx\/wp-content\/uploads\/2023\/11\/fuerza-por-tlaxcala-300x300.jpeg",300,300,true],"cvmm-medium-plus":["https:\/\/diariolanoticia.com.mx\/wp-content\/uploads\/2023\/11\/fuerza-por-tlaxcala-305x207.jpeg",305,207,true],"cvmm-portrait":["https:\/\/diariolanoticia.com.mx\/wp-content\/uploads\/2023\/11\/fuerza-por-tlaxcala-400x600.jpeg",400,600,true],"cvmm-medium-square":["https:\/\/diariolanoticia.com.mx\/wp-content\/uploads\/2023\/11\/fuerza-por-tlaxcala-600x600.jpeg",600,600,true],"cvmm-large":["https:\/\/diariolanoticia.com.mx\/wp-content\/uploads\/2023\/11\/fuerza-por-tlaxcala.jpeg",1024,768,false],"cvmm-small":["https:\/\/diariolanoticia.com.mx\/wp-content\/uploads\/2023\/11\/fuerza-por-tlaxcala-130x95.jpeg",130,95,true],"full":["https:\/\/diariolanoticia.com.mx\/wp-content\/uploads\/2023\/11\/fuerza-por-tlaxcala.jpeg",1024,768,false]},"_links":{"self":[{"href":"https:\/\/diariolanoticia.com.mx\/index.php?rest_route=\/wp\/v2\/posts\/116678","targetHints":{"allow":["GET"]}}],"collection":[{"href":"https:\/\/diariolanoticia.com.mx\/index.php?rest_route=\/wp\/v2\/posts"}],"about":[{"href":"https:\/\/diariolanoticia.com.mx\/index.php?rest_route=\/wp\/v2\/types\/post"}],"author":[{"embeddable":true,"href":"https:\/\/diariolanoticia.com.mx\/index.php?rest_route=\/wp\/v2\/users\/1"}],"replies":[{"embeddable":true,"href":"https:\/\/diariolanoticia.com.mx\/index.php?rest_route=%2Fwp%2Fv2%2Fcomments&post=116678"}],"version-history":[{"count":1,"href":"https:\/\/diariolanoticia.com.mx\/index.php?rest_route=\/wp\/v2\/posts\/116678\/revisions"}],"predecessor-version":[{"id":116680,"href":"https:\/\/diariolanoticia.com.mx\/index.php?rest_route=\/wp\/v2\/posts\/116678\/revisions\/116680"}],"wp:featuredmedia":[{"embeddable":true,"href":"https:\/\/diariolanoticia.com.mx\/index.php?rest_route=\/wp\/v2\/media\/116679"}],"wp:attachment":[{"href":"https:\/\/diariolanoticia.com.mx\/index.php?rest_route=%2Fwp%2Fv2%2Fmedia&parent=116678"}],"wp:term":[{"taxonomy":"category","embeddable":true,"href":"https:\/\/diariolanoticia.com.mx\/index.php?rest_route=%2Fwp%2Fv2%2Fcategories&post=116678"},{"taxonomy":"post_tag","embeddable":true,"href":"https:\/\/diariolanoticia.com.mx\/index.php?rest_route=%2Fwp%2Fv2%2Ftags&post=116678"}],"curies":[{"name":"wp","href":"https:\/\/api.w.org\/{rel}","templated":true}]}}