{"id":116741,"date":"2023-11-10T17:14:51","date_gmt":"2023-11-10T23:14:51","guid":{"rendered":"https:\/\/diariolanoticia.com.mx\/?p=116741"},"modified":"2023-11-10T17:14:52","modified_gmt":"2023-11-10T23:14:52","slug":"gobernadora-tomo-protesta-a-nuevos-consejeros-del-consafran","status":"publish","type":"post","link":"https:\/\/diariolanoticia.com.mx\/?p=116741","title":{"rendered":"GOBERNADORA TOM\u00d3 PROTESTA A NUEVOS CONSEJEROS DEL CONSAFRAN"},"content":{"rendered":"\n<p><\/p>\n\n\n\n<p>*El Consejo acord\u00f3 presentar en febrero el Reglamento de Protecci\u00f3n para la Conservaci\u00f3n del Patrimonio Cultural y Uso del Espacio P\u00fablico del Conjunto Conventual<\/p>\n\n\n\n<p>La Gobernadora Lorena Cu\u00e9llar Cisneros encabez\u00f3 los trabajos de la Cuarta Sesi\u00f3n Ordinaria 2023 del Consejo Interinstitucional para la Salvaguarda, Protecci\u00f3n y Conservaci\u00f3n del Conjunto Conventual Franciscano y Catedralicio de Nuestra Se\u00f1ora de la Asunci\u00f3n (Consafran) y, en su calidad de presidenta, tambi\u00e9n tom\u00f3 protesta a los nuevos consejeros que cumplir\u00e1n con las responsabilidades establecidas en el decreto y reglamento interno del Patrimonio Mundial.<\/p>\n\n\n\n<p>Ante el resto de los integrantes del Consafran, rindieron protesta la presidenta municipal de Tlaxcala, Maribel P\u00e9rez Arenas; el secretario de Movilidad y Transporte (SMyT), Marco Tulio Munive Temoltzin; el secretario de Infraestructura (SI), Diego Corona Cremean; el secretario de Ordenamiento Territorial y Vivienda (SOTyV), David Guerrero Tapia; el coordinador de Comunicaci\u00f3n Social (CCOM), Jos\u00e9 Augusto Ram\u00edrez Rodr\u00edguez, y el encargado del despacho de la Secretar\u00eda del Medio Ambiente (SMA), Pedro Aquino Alvarado.<\/p>\n\n\n\n<p>En la sala San Antonio del Museo Regional del Instituto Nacional de Antropolog\u00eda e Historia (INAH), ubicada en el Conjunto Conventual Franciscano, la gobernadora subray\u00f3 el compromiso que tienen cada uno de los integrantes para la integraci\u00f3n del Reglamento de Protecci\u00f3n para la Conservaci\u00f3n del Patrimonio Cultural y Uso del Espacio P\u00fablico del Conjunto Conventual y la Zona de Monumentos de la Ciudad de Tlaxcala que deber\u00e1 presentarse en febrero de 2024.<\/p>\n\n\n\n<p>\u201cEstaremos analizando todas las propuestas de cada uno de ustedes. Vamos a tener todas las reuniones que sean necesarias para que haya di\u00e1logo, con respeto, con toda la mejor voluntad de construir y fortalecer este reglamento que va a seguir preservando este Conjunto Conventual y la zona de monumentos de esta ciudad de Tlaxcala\u201d, expuso.<\/p>\n\n\n\n<p>Puntualiz\u00f3 la importancia de la participaci\u00f3n de la ciudadan\u00eda para preservar los monumentos hist\u00f3ricos y cumplir el compromiso que se tiene con el Comit\u00e9 del Patrimonio Mundial de la Organizaci\u00f3n de las Naciones Unidas para la Educaci\u00f3n, la Ciencia y la Cultura (Unesco).<\/p>\n\n\n\n<p>A su vez, el secretario de Seguridad Ciudadana (SSC), Alberto Mart\u00edn Perea Marrufo, expuso el \u201cPlan Integral de Seguridad del Conjunto Conventual y su Zona de Amortiguamiento\u201d, en el que se han coordinado con autoridades de los tres niveles de gobierno en materia de seguridad para la protecci\u00f3n del patrimonio hist\u00f3rico.<\/p>\n\n\n\n<p>Al mismo tiempo plante\u00f3 atender las observaciones realizadas por parte de la Unesco al conjunto conventual, que incluya un plan de seguridad f\u00edsica y otro de protecci\u00f3n civil.<\/p>\n\n\n\n<p>\u201cEs necesario desarrollar un marco de gesti\u00f3n general para todo el bien que incluya un Plan Com\u00fan de gesti\u00f3n de Riesgos, un Sistema de Seguimiento y Estrategias de Interpretaci\u00f3n, Comunicaci\u00f3n y Turismo, as\u00ed como establecer una unidad de gesti\u00f3n dedicada a coordinar su implementaci\u00f3n\u201d.<\/p>\n\n\n\n<p>Al respecto, el director del Centro del Instituto Nacional de Antropolog\u00eda e Historia (INAH) Tlaxcala, Jos\u00e9 Vicente de la Rosa Herrera, reconoci\u00f3 la relevancia que cobra en la agenda del Consafran la preservaci\u00f3n del patrimonio cultural para mitigar efectos negativos.<\/p>\n\n\n\n<p>\u201cEntre registros, cat\u00e1logos e inventarios realizados por el INAH, nos arroja que tenemos en este inmueble 3 mil 900 bienes muebles culturales \u00fanicos y de gran valor universal, entre los que destacan documentos, libros, \u00f3leos sobre tela, retablos, desde luego el artesanado que es \u00fanico en Am\u00e9rica, las esculturas talladas en madera, cer\u00e1mica y elementos arqueol\u00f3gicos\u201d, precis\u00f3.<\/p>\n\n\n\n<p>En la sesi\u00f3n, la presidenta municipal de Tlaxcala, Maribel P\u00e9rez Arenas, present\u00f3 las acciones emprendidas por su administraci\u00f3n para la salvaguarda y conservaci\u00f3n del Patrimonio Hist\u00f3rico y cultural y entreg\u00f3 un ejemplar del \u201cMemorama de la Ciudad de Tlaxcala\u201d a la presidenta del Consejo.<\/p>\n\n\n\n<p>\u201cEn el ayuntamiento estamos trabajando de manera coordinada con los gobiernos federal y estatal con el compromiso de salvaguardar, proteger y conservar este patrimonio arquitect\u00f3nico que habla de lo que fuimos y de lo que seguiremos siendo. Refrendo el compromiso por continuar la tarea que a todos nos honra y llena de satisfacci\u00f3n\u201d, se\u00f1al\u00f3.<\/p>\n\n\n\n<p>En lo que fuera la \u00faltima sesi\u00f3n de este a\u00f1o, el Coordinador estatal en Tlaxcala del Instituto Nacional de Estad\u00edstica y Geograf\u00eda (INEGI), Carlos Manuel Lozano Garc\u00eda, expuso el perfil sociodemogr\u00e1fico y socioecon\u00f3mico del municipio que permitir\u00e1 generar algunas pol\u00edticas p\u00fablicas para la conservaci\u00f3n del pol\u00edgono de amortiguamiento de la zona.<\/p>\n\n\n\n<p>En el evento estuvieron el secretario de Cultura de Tlaxcala, Antonio Mart\u00ednez Vel\u00e1zquez; el secretario T\u00e9cnico del Consafran, Jos\u00e9 Antonio Aguilar Dur\u00e1n; la secretaria de Turismo, Josefina Rodr\u00edguez Zamora, y el rector de la Universidad Aut\u00f3noma de Tlaxcala (UATx), Seraf\u00edn Ortiz Ortiz.<\/p>\n\n\n\n<p>As\u00ed como el titular de la Comisi\u00f3n Ejecutiva del Sistema Estatal de Seguridad P\u00fablica (Cesesp), Maximino Hern\u00e1ndez Pulido; el coordinador Estatal de Protecci\u00f3n Civil (CEPC), Juvencio Nieto Galicia, y el secretario de Educaci\u00f3n P\u00fablica, Homero Meneses Hern\u00e1ndez, entre otras autoridades.<\/p>\n","protected":false},"excerpt":{"rendered":"<p>*El Consejo acord\u00f3 presentar en febrero el Reglamento de Protecci\u00f3n para la Conservaci\u00f3n del Patrimonio Cultural y Uso del Espacio P\u00fablico del Conjunto Conventual La Gobernadora Lorena Cu\u00e9llar Cisneros encabez\u00f3 los trabajos de la Cuarta Sesi\u00f3n Ordinaria 2023 del Consejo Interinstitucional para la Salvaguarda, Protecci\u00f3n y Conservaci\u00f3n del Conjunto Conventual Franciscano y Catedralicio de Nuestra [&hellip;]<\/p>\n","protected":false},"author":1,"featured_media":116742,"comment_status":"open","ping_status":"open","sticky":false,"template":"","format":"standard","meta":{"footnotes":""},"categories":[21],"tags":[],"class_list":["post-116741","post","type-post","status-publish","format-standard","has-post-thumbnail","hentry","category-estatal"],"blog_post_layout_featured_media_urls":{"thumbnail":["https:\/\/diariolanoticia.com.mx\/wp-content\/uploads\/2023\/11\/000826fc-9785-4552-bec9-591253e50652-216x160.jpeg",216,160,true],"full":["https:\/\/diariolanoticia.com.mx\/wp-content\/uploads\/2023\/11\/000826fc-9785-4552-bec9-591253e50652-scaled.jpeg",2560,1706,false]},"categories_names":{"21":{"name":"Estatal","link":"https:\/\/diariolanoticia.com.mx\/?cat=21"}},"tags_names":[],"comments_number":"0","wpmagazine_modules_lite_featured_media_urls":{"thumbnail":["https:\/\/diariolanoticia.com.mx\/wp-content\/uploads\/2023\/11\/000826fc-9785-4552-bec9-591253e50652-216x160.jpeg",216,160,true],"cvmm-medium":["https:\/\/diariolanoticia.com.mx\/wp-content\/uploads\/2023\/11\/000826fc-9785-4552-bec9-591253e50652-300x300.jpeg",300,300,true],"cvmm-medium-plus":["https:\/\/diariolanoticia.com.mx\/wp-content\/uploads\/2023\/11\/000826fc-9785-4552-bec9-591253e50652-305x207.jpeg",305,207,true],"cvmm-portrait":["https:\/\/diariolanoticia.com.mx\/wp-content\/uploads\/2023\/11\/000826fc-9785-4552-bec9-591253e50652-400x600.jpeg",400,600,true],"cvmm-medium-square":["https:\/\/diariolanoticia.com.mx\/wp-content\/uploads\/2023\/11\/000826fc-9785-4552-bec9-591253e50652-600x600.jpeg",600,600,true],"cvmm-large":["https:\/\/diariolanoticia.com.mx\/wp-content\/uploads\/2023\/11\/000826fc-9785-4552-bec9-591253e50652-1024x1024.jpeg",1024,1024,true],"cvmm-small":["https:\/\/diariolanoticia.com.mx\/wp-content\/uploads\/2023\/11\/000826fc-9785-4552-bec9-591253e50652-130x95.jpeg",130,95,true],"full":["https:\/\/diariolanoticia.com.mx\/wp-content\/uploads\/2023\/11\/000826fc-9785-4552-bec9-591253e50652-scaled.jpeg",2560,1706,false]},"_links":{"self":[{"href":"https:\/\/diariolanoticia.com.mx\/index.php?rest_route=\/wp\/v2\/posts\/116741","targetHints":{"allow":["GET"]}}],"collection":[{"href":"https:\/\/diariolanoticia.com.mx\/index.php?rest_route=\/wp\/v2\/posts"}],"about":[{"href":"https:\/\/diariolanoticia.com.mx\/index.php?rest_route=\/wp\/v2\/types\/post"}],"author":[{"embeddable":true,"href":"https:\/\/diariolanoticia.com.mx\/index.php?rest_route=\/wp\/v2\/users\/1"}],"replies":[{"embeddable":true,"href":"https:\/\/diariolanoticia.com.mx\/index.php?rest_route=%2Fwp%2Fv2%2Fcomments&post=116741"}],"version-history":[{"count":1,"href":"https:\/\/diariolanoticia.com.mx\/index.php?rest_route=\/wp\/v2\/posts\/116741\/revisions"}],"predecessor-version":[{"id":116743,"href":"https:\/\/diariolanoticia.com.mx\/index.php?rest_route=\/wp\/v2\/posts\/116741\/revisions\/116743"}],"wp:featuredmedia":[{"embeddable":true,"href":"https:\/\/diariolanoticia.com.mx\/index.php?rest_route=\/wp\/v2\/media\/116742"}],"wp:attachment":[{"href":"https:\/\/diariolanoticia.com.mx\/index.php?rest_route=%2Fwp%2Fv2%2Fmedia&parent=116741"}],"wp:term":[{"taxonomy":"category","embeddable":true,"href":"https:\/\/diariolanoticia.com.mx\/index.php?rest_route=%2Fwp%2Fv2%2Fcategories&post=116741"},{"taxonomy":"post_tag","embeddable":true,"href":"https:\/\/diariolanoticia.com.mx\/index.php?rest_route=%2Fwp%2Fv2%2Ftags&post=116741"}],"curies":[{"name":"wp","href":"https:\/\/api.w.org\/{rel}","templated":true}]}}