{"id":116863,"date":"2023-11-15T10:38:18","date_gmt":"2023-11-15T16:38:18","guid":{"rendered":"https:\/\/diariolanoticia.com.mx\/?p=116863"},"modified":"2023-11-15T10:38:17","modified_gmt":"2023-11-15T16:38:17","slug":"cuenta-puebla-con-condiciones-para-seguir-atrayendo-eventos-internacionales-sergio-salomon","status":"publish","type":"post","link":"https:\/\/diariolanoticia.com.mx\/?p=116863","title":{"rendered":"Cuenta Puebla con condiciones para seguir atrayendo eventos internacionales: Sergio Salom\u00f3n"},"content":{"rendered":"\n<p>-El gobernador inaugur\u00f3 en el Centro Expositor la exposici\u00f3n \u201cVan Gogh The Immersive Experience\u201d<code> <\/code><\/p>\n\n\n\n<p><code>CIUDAD DE PUEBLA, Pue.- Con el objetivo de seguir con el impulso de las diferentes expresiones culturales, art\u00edsticas, educativas y de entretenimiento, el gobernador Sergio Salom\u00f3n inaugur\u00f3 en el Centro Expositor la exposici\u00f3n \u201cVan Gogh The Immersive Experience\u201d, de las empresas de entretenimiento Strauss y Plan BMX.<\/code><\/p>\n\n\n\n<p>El mandatario destac\u00f3 que Puebla les abre las puertas a eventos de talla internacional, lo cual es posible gracias al clima de gobernabilidad, paz social y porque la entidad cuenta con las instalaciones para albergar este tipo de muestras de arte, la cual sostuvo que incentivar\u00e1 el turismo.<\/p>\n\n\n\n<p>Acompa\u00f1ado de los secretarios de Cultura, Enrique Glockner; Econom\u00eda, Ermilo Barrera Novelo; y Educaci\u00f3n, Isabel Merlo Talavera, el Ejecutivo sostuvo que esta exposici\u00f3n es una muestra de que Puebla se disfruta en familia y dijo que permitir\u00e1 que se siga haciendo comunidad por el bien de las y los ciudadanos. Agradeci\u00f3 a las empresas organizadoras por confiar en el estado.<\/p>\n\n\n\n<p>A su vez, Mark Tacher, director comercial de Strauss, inform\u00f3 que esta exhibici\u00f3n ha estado en 50 pa\u00edses y Puebla es el primer estado al que llega de M\u00e9xico; por su parte, Jos\u00e9 Antonio Valencia, director general de Plan BMX, agradeci\u00f3 al gobernador por los apoyos brindados para concretar esta exhibici\u00f3n, que consta de 2 mil 500 metros cuadrados con m\u00e1s de 35 proyectores de alta definici\u00f3n.<\/p>\n","protected":false},"excerpt":{"rendered":"<p>-El gobernador inaugur\u00f3 en el Centro Expositor la exposici\u00f3n \u201cVan Gogh The Immersive Experience\u201d CIUDAD DE PUEBLA, Pue.- Con el objetivo de seguir con el impulso de las diferentes expresiones culturales, art\u00edsticas, educativas y de entretenimiento, el gobernador Sergio Salom\u00f3n inaugur\u00f3 en el Centro Expositor la exposici\u00f3n \u201cVan Gogh The Immersive Experience\u201d, de las empresas [&hellip;]<\/p>\n","protected":false},"author":1,"featured_media":116862,"comment_status":"open","ping_status":"open","sticky":false,"template":"","format":"standard","meta":{"footnotes":""},"categories":[20],"tags":[52],"class_list":["post-116863","post","type-post","status-publish","format-standard","has-post-thumbnail","hentry","category-norte-de-puebla","tag-puebla"],"blog_post_layout_featured_media_urls":{"thumbnail":["https:\/\/diariolanoticia.com.mx\/wp-content\/uploads\/2023\/11\/img_0832-1-216x160.jpg",216,160,true],"full":["https:\/\/diariolanoticia.com.mx\/wp-content\/uploads\/2023\/11\/img_0832-1.jpg",1289,654,false]},"categories_names":{"20":{"name":"Norte de Puebla","link":"https:\/\/diariolanoticia.com.mx\/?cat=20"}},"tags_names":{"52":{"name":"Puebla","link":"https:\/\/diariolanoticia.com.mx\/?tag=puebla"}},"comments_number":"0","wpmagazine_modules_lite_featured_media_urls":{"thumbnail":["https:\/\/diariolanoticia.com.mx\/wp-content\/uploads\/2023\/11\/img_0832-1-216x160.jpg",216,160,true],"cvmm-medium":["https:\/\/diariolanoticia.com.mx\/wp-content\/uploads\/2023\/11\/img_0832-1-300x300.jpg",300,300,true],"cvmm-medium-plus":["https:\/\/diariolanoticia.com.mx\/wp-content\/uploads\/2023\/11\/img_0832-1-305x207.jpg",305,207,true],"cvmm-portrait":["https:\/\/diariolanoticia.com.mx\/wp-content\/uploads\/2023\/11\/img_0832-1-400x600.jpg",400,600,true],"cvmm-medium-square":["https:\/\/diariolanoticia.com.mx\/wp-content\/uploads\/2023\/11\/img_0832-1-600x600.jpg",600,600,true],"cvmm-large":["https:\/\/diariolanoticia.com.mx\/wp-content\/uploads\/2023\/11\/img_0832-1-1024x654.jpg",1024,654,true],"cvmm-small":["https:\/\/diariolanoticia.com.mx\/wp-content\/uploads\/2023\/11\/img_0832-1-130x95.jpg",130,95,true],"full":["https:\/\/diariolanoticia.com.mx\/wp-content\/uploads\/2023\/11\/img_0832-1.jpg",1289,654,false]},"_links":{"self":[{"href":"https:\/\/diariolanoticia.com.mx\/index.php?rest_route=\/wp\/v2\/posts\/116863","targetHints":{"allow":["GET"]}}],"collection":[{"href":"https:\/\/diariolanoticia.com.mx\/index.php?rest_route=\/wp\/v2\/posts"}],"about":[{"href":"https:\/\/diariolanoticia.com.mx\/index.php?rest_route=\/wp\/v2\/types\/post"}],"author":[{"embeddable":true,"href":"https:\/\/diariolanoticia.com.mx\/index.php?rest_route=\/wp\/v2\/users\/1"}],"replies":[{"embeddable":true,"href":"https:\/\/diariolanoticia.com.mx\/index.php?rest_route=%2Fwp%2Fv2%2Fcomments&post=116863"}],"version-history":[{"count":1,"href":"https:\/\/diariolanoticia.com.mx\/index.php?rest_route=\/wp\/v2\/posts\/116863\/revisions"}],"predecessor-version":[{"id":116864,"href":"https:\/\/diariolanoticia.com.mx\/index.php?rest_route=\/wp\/v2\/posts\/116863\/revisions\/116864"}],"wp:featuredmedia":[{"embeddable":true,"href":"https:\/\/diariolanoticia.com.mx\/index.php?rest_route=\/wp\/v2\/media\/116862"}],"wp:attachment":[{"href":"https:\/\/diariolanoticia.com.mx\/index.php?rest_route=%2Fwp%2Fv2%2Fmedia&parent=116863"}],"wp:term":[{"taxonomy":"category","embeddable":true,"href":"https:\/\/diariolanoticia.com.mx\/index.php?rest_route=%2Fwp%2Fv2%2Fcategories&post=116863"},{"taxonomy":"post_tag","embeddable":true,"href":"https:\/\/diariolanoticia.com.mx\/index.php?rest_route=%2Fwp%2Fv2%2Ftags&post=116863"}],"curies":[{"name":"wp","href":"https:\/\/api.w.org\/{rel}","templated":true}]}}