{"id":116883,"date":"2023-11-14T11:28:22","date_gmt":"2023-11-14T17:28:22","guid":{"rendered":"https:\/\/diariolanoticia.com.mx\/?p=116883"},"modified":"2023-11-15T11:28:29","modified_gmt":"2023-11-15T17:28:29","slug":"entrego-uatx-resultados-sobre-exploracion-de-practicas-inclusivas","status":"publish","type":"post","link":"https:\/\/diariolanoticia.com.mx\/?p=116883","title":{"rendered":"Entreg\u00f3 UATx resultados sobre exploraci\u00f3n de pr\u00e1cticas inclusivas"},"content":{"rendered":"\n<p><\/p>\n\n\n\n<p>Para difundir los logros y el impacto que se obtiene con la praxis del conocimiento desarrollado en las aulas, la Universidad Aut\u00f3noma de Tlaxcala (UATx), a trav\u00e9s de la Facultad de Ciencias para el Desarrollo Humano, efectu\u00f3 la presentaci\u00f3n de resultados de la exploraci\u00f3n sobre pr\u00e1cticas inclusivas en el CECyTE-EMSAD, la cual fue coordinada por la Doctora Andrea Sald\u00edvar y el Doctor Francisco Aguilar, ambos docentes de esta Casa de Estudios.<\/p>\n\n\n\n<p>En esta actividad, efectuada en el auditorio interactivo \u00abManuel de Lardizabal y Uribe\u00bb, el Doctor Abedel Galindo, dict\u00f3 la conferencia intitulada \u00abLos quehaceres del famili\u00f3logo y su impacto en la atenci\u00f3n de problem\u00e1ticas que se presentan en las familias actuales\u00bb.&nbsp;<\/p>\n\n\n\n<p>Acudieron a este evento la Maestra Sandra Corona Padilla, Directora de Profesiones y Educaci\u00f3n Media Superior y Superior en el Estado; la Dra. Martha Esther Gonz\u00e1lez Lira, Directora Acad\u00e9mica de EMSAD; el Lic. Francisco Javier Tob\u00f3n Solano, Director de Vinculaci\u00f3n CECYTE-EMSAD; y el Dr. Josu\u00e9 A. Camacho Candia, Director de la Facultad de Ciencias para el Desarrollo Humano.<\/p>\n","protected":false},"excerpt":{"rendered":"<p>Para difundir los logros y el impacto que se obtiene con la praxis del conocimiento desarrollado en las aulas, la Universidad Aut\u00f3noma de Tlaxcala (UATx), a trav\u00e9s de la Facultad de Ciencias para el Desarrollo Humano, efectu\u00f3 la presentaci\u00f3n de resultados de la exploraci\u00f3n sobre pr\u00e1cticas inclusivas en el CECyTE-EMSAD, la cual fue coordinada por [&hellip;]<\/p>\n","protected":false},"author":1,"featured_media":116884,"comment_status":"open","ping_status":"open","sticky":false,"template":"","format":"standard","meta":{"footnotes":""},"categories":[10],"tags":[],"class_list":["post-116883","post","type-post","status-publish","format-standard","has-post-thumbnail","hentry","category-educacion"],"blog_post_layout_featured_media_urls":{"thumbnail":["https:\/\/diariolanoticia.com.mx\/wp-content\/uploads\/2023\/11\/14-Entrego-UATx-resultados-sobre-exploracion-de-practicas-inclusivas-216x160.jpg",216,160,true],"full":["https:\/\/diariolanoticia.com.mx\/wp-content\/uploads\/2023\/11\/14-Entrego-UATx-resultados-sobre-exploracion-de-practicas-inclusivas.jpg",1075,647,false]},"categories_names":{"10":{"name":"Educaci\u00f3n","link":"https:\/\/diariolanoticia.com.mx\/?cat=10"}},"tags_names":[],"comments_number":"0","wpmagazine_modules_lite_featured_media_urls":{"thumbnail":["https:\/\/diariolanoticia.com.mx\/wp-content\/uploads\/2023\/11\/14-Entrego-UATx-resultados-sobre-exploracion-de-practicas-inclusivas-216x160.jpg",216,160,true],"cvmm-medium":["https:\/\/diariolanoticia.com.mx\/wp-content\/uploads\/2023\/11\/14-Entrego-UATx-resultados-sobre-exploracion-de-practicas-inclusivas-300x300.jpg",300,300,true],"cvmm-medium-plus":["https:\/\/diariolanoticia.com.mx\/wp-content\/uploads\/2023\/11\/14-Entrego-UATx-resultados-sobre-exploracion-de-practicas-inclusivas-305x207.jpg",305,207,true],"cvmm-portrait":["https:\/\/diariolanoticia.com.mx\/wp-content\/uploads\/2023\/11\/14-Entrego-UATx-resultados-sobre-exploracion-de-practicas-inclusivas-400x600.jpg",400,600,true],"cvmm-medium-square":["https:\/\/diariolanoticia.com.mx\/wp-content\/uploads\/2023\/11\/14-Entrego-UATx-resultados-sobre-exploracion-de-practicas-inclusivas-600x600.jpg",600,600,true],"cvmm-large":["https:\/\/diariolanoticia.com.mx\/wp-content\/uploads\/2023\/11\/14-Entrego-UATx-resultados-sobre-exploracion-de-practicas-inclusivas-1024x647.jpg",1024,647,true],"cvmm-small":["https:\/\/diariolanoticia.com.mx\/wp-content\/uploads\/2023\/11\/14-Entrego-UATx-resultados-sobre-exploracion-de-practicas-inclusivas-130x95.jpg",130,95,true],"full":["https:\/\/diariolanoticia.com.mx\/wp-content\/uploads\/2023\/11\/14-Entrego-UATx-resultados-sobre-exploracion-de-practicas-inclusivas.jpg",1075,647,false]},"_links":{"self":[{"href":"https:\/\/diariolanoticia.com.mx\/index.php?rest_route=\/wp\/v2\/posts\/116883","targetHints":{"allow":["GET"]}}],"collection":[{"href":"https:\/\/diariolanoticia.com.mx\/index.php?rest_route=\/wp\/v2\/posts"}],"about":[{"href":"https:\/\/diariolanoticia.com.mx\/index.php?rest_route=\/wp\/v2\/types\/post"}],"author":[{"embeddable":true,"href":"https:\/\/diariolanoticia.com.mx\/index.php?rest_route=\/wp\/v2\/users\/1"}],"replies":[{"embeddable":true,"href":"https:\/\/diariolanoticia.com.mx\/index.php?rest_route=%2Fwp%2Fv2%2Fcomments&post=116883"}],"version-history":[{"count":1,"href":"https:\/\/diariolanoticia.com.mx\/index.php?rest_route=\/wp\/v2\/posts\/116883\/revisions"}],"predecessor-version":[{"id":116885,"href":"https:\/\/diariolanoticia.com.mx\/index.php?rest_route=\/wp\/v2\/posts\/116883\/revisions\/116885"}],"wp:featuredmedia":[{"embeddable":true,"href":"https:\/\/diariolanoticia.com.mx\/index.php?rest_route=\/wp\/v2\/media\/116884"}],"wp:attachment":[{"href":"https:\/\/diariolanoticia.com.mx\/index.php?rest_route=%2Fwp%2Fv2%2Fmedia&parent=116883"}],"wp:term":[{"taxonomy":"category","embeddable":true,"href":"https:\/\/diariolanoticia.com.mx\/index.php?rest_route=%2Fwp%2Fv2%2Fcategories&post=116883"},{"taxonomy":"post_tag","embeddable":true,"href":"https:\/\/diariolanoticia.com.mx\/index.php?rest_route=%2Fwp%2Fv2%2Ftags&post=116883"}],"curies":[{"name":"wp","href":"https:\/\/api.w.org\/{rel}","templated":true}]}}