{"id":116889,"date":"2023-11-15T11:31:35","date_gmt":"2023-11-15T17:31:35","guid":{"rendered":"https:\/\/diariolanoticia.com.mx\/?p=116889"},"modified":"2023-11-15T11:31:35","modified_gmt":"2023-11-15T17:31:35","slug":"emite-congreso-convocatoria-para-seleccion-de-comisionado-o-comisionada-del-iaip","status":"publish","type":"post","link":"https:\/\/diariolanoticia.com.mx\/?p=116889","title":{"rendered":"Emite Congreso convocatoria para selecci\u00f3n de comisionado o comisionada del IAIP"},"content":{"rendered":"\n<p>\u00b7\u00a0\u00a0\u00a0\u00a0\u00a0\u00a0<em>Las y los interesados deber\u00e1n presentar sus documentos de inscripci\u00f3n los d\u00edas 17,18 y 21 de noviembre de 2023 en un horario de 9:00 a 16:00 horas, en la secretar\u00eda parlamentaria<\/em><\/p>\n\n\n\n<p>Con el fin de regular el proceso de selecci\u00f3n de una comisionada o un comisionado integrante del Consejo General del Instituto de Acceso a la Informaci\u00f3n P\u00fablica y Protecci\u00f3n de Datos Personales del Estado de Tlaxcala (IAIP) que sustituir\u00e1 en funciones al ciudadano Didier Fabian L\u00f3pez S\u00e1nchez, las y los integrantes de la LXIV Legislatura, aprobaron la emisi\u00f3n de la convocatoria correspondiente.&nbsp;<\/p>\n\n\n\n<p>En la vig\u00e9sima primera sesi\u00f3n ordinaria, en voz de los diputados Jorge Caballero Rom\u00e1n y Jaciel Gonz\u00e1lez Herrera, se destac\u00f3 que las y los interesados, deber\u00e1n cumplir con los requisitos y principios de elegibilidad establecidos en la Ley de Transparencia y Acceso a la Informaci\u00f3n P\u00fablica del Estado de Tlaxcala, quienes deber\u00e1n presentar la documentaci\u00f3n que acredite su identidad y experiencia en formato PDF, los d\u00edas 17,18 y 21 de noviembre de 2023 en un horario de 9:00 a 16:00 horas, en la secretar\u00eda parlamentaria.<\/p>\n\n\n\n<p>Una vez concluido el periodo de recepci\u00f3n de documentos, ser\u00e1 el d\u00eda 27 de noviembre de 2023, que se publicar\u00e1 en los estrados de la secretar\u00eda parlamentaria y en la p\u00e1gina oficial del Congreso del Estado, el listado que contenga los folios de las y los aspirantes que cumplieron con los requisitos de elegibilidad.&nbsp;<\/p>\n\n\n\n<p>En la m\u00e1xima tribuna tlaxcalteca, se recalc\u00f3, que las y los aspirantes deber\u00e1n acreditar un proceso de evaluaci\u00f3n, siendo en un primer momento examen escrito, el cual ser\u00e1 elaborado por un S\u00ednodo de especialistas y aplicado el d\u00eda 4 de diciembre a las 10:00 horas en el Patio Vitral del Congreso del Estado y cuyos resultados ser\u00e1n publicados 48 horas despu\u00e9s de su conclusi\u00f3n.&nbsp;<\/p>\n\n\n\n<p>Las y los aspirantes que obtengan una calificaci\u00f3n igual o mayor al 80% de los reactivos, tendr\u00e1n derecho a presentar el examen oral, el cual ser\u00e1 aplicado el d\u00eda 8 de diciembre a partir de las 11:00 horas, en las instalaciones del Congreso del Estado.&nbsp;<\/p>\n\n\n\n<p>De esta manera, se busca garantizar que quien sea designado como comisionada o comisionado del IAIP, para el periodo comprendido del 01 de enero de 2023 al 31 de diciembre de 2030, sea una persona preparada, con capacidad de gesti\u00f3n y quien desempe\u00f1e con dignidad y conocimientos este cargo.<\/p>\n\n\n\n<p>Cabe recalcar que este proceso, se regir\u00e1 bajo los principios de transparencia, m\u00e1xima publicidad y rendici\u00f3n de cuentas, como parte del compromiso firme y democr\u00e1tico de la LXIV Legislatura.&nbsp;<\/p>\n","protected":false},"excerpt":{"rendered":"<p>\u00b7\u00a0\u00a0\u00a0\u00a0\u00a0\u00a0Las y los interesados deber\u00e1n presentar sus documentos de inscripci\u00f3n los d\u00edas 17,18 y 21 de noviembre de 2023 en un horario de 9:00 a 16:00 horas, en la secretar\u00eda parlamentaria Con el fin de regular el proceso de selecci\u00f3n de una comisionada o un comisionado integrante del Consejo General del Instituto de Acceso a [&hellip;]<\/p>\n","protected":false},"author":1,"featured_media":116890,"comment_status":"open","ping_status":"open","sticky":false,"template":"","format":"standard","meta":{"footnotes":""},"categories":[22],"tags":[],"class_list":["post-116889","post","type-post","status-publish","format-standard","has-post-thumbnail","hentry","category-congreso"],"blog_post_layout_featured_media_urls":{"thumbnail":["https:\/\/diariolanoticia.com.mx\/wp-content\/uploads\/2023\/11\/Unknown-3-2-3-216x160.jpeg",216,160,true],"full":["https:\/\/diariolanoticia.com.mx\/wp-content\/uploads\/2023\/11\/Unknown-3-2-3.jpeg",1024,684,false]},"categories_names":{"22":{"name":"Congreso","link":"https:\/\/diariolanoticia.com.mx\/?cat=22"}},"tags_names":[],"comments_number":"0","wpmagazine_modules_lite_featured_media_urls":{"thumbnail":["https:\/\/diariolanoticia.com.mx\/wp-content\/uploads\/2023\/11\/Unknown-3-2-3-216x160.jpeg",216,160,true],"cvmm-medium":["https:\/\/diariolanoticia.com.mx\/wp-content\/uploads\/2023\/11\/Unknown-3-2-3-300x300.jpeg",300,300,true],"cvmm-medium-plus":["https:\/\/diariolanoticia.com.mx\/wp-content\/uploads\/2023\/11\/Unknown-3-2-3-305x207.jpeg",305,207,true],"cvmm-portrait":["https:\/\/diariolanoticia.com.mx\/wp-content\/uploads\/2023\/11\/Unknown-3-2-3-400x600.jpeg",400,600,true],"cvmm-medium-square":["https:\/\/diariolanoticia.com.mx\/wp-content\/uploads\/2023\/11\/Unknown-3-2-3-600x600.jpeg",600,600,true],"cvmm-large":["https:\/\/diariolanoticia.com.mx\/wp-content\/uploads\/2023\/11\/Unknown-3-2-3.jpeg",1024,684,false],"cvmm-small":["https:\/\/diariolanoticia.com.mx\/wp-content\/uploads\/2023\/11\/Unknown-3-2-3-130x95.jpeg",130,95,true],"full":["https:\/\/diariolanoticia.com.mx\/wp-content\/uploads\/2023\/11\/Unknown-3-2-3.jpeg",1024,684,false]},"_links":{"self":[{"href":"https:\/\/diariolanoticia.com.mx\/index.php?rest_route=\/wp\/v2\/posts\/116889","targetHints":{"allow":["GET"]}}],"collection":[{"href":"https:\/\/diariolanoticia.com.mx\/index.php?rest_route=\/wp\/v2\/posts"}],"about":[{"href":"https:\/\/diariolanoticia.com.mx\/index.php?rest_route=\/wp\/v2\/types\/post"}],"author":[{"embeddable":true,"href":"https:\/\/diariolanoticia.com.mx\/index.php?rest_route=\/wp\/v2\/users\/1"}],"replies":[{"embeddable":true,"href":"https:\/\/diariolanoticia.com.mx\/index.php?rest_route=%2Fwp%2Fv2%2Fcomments&post=116889"}],"version-history":[{"count":1,"href":"https:\/\/diariolanoticia.com.mx\/index.php?rest_route=\/wp\/v2\/posts\/116889\/revisions"}],"predecessor-version":[{"id":116891,"href":"https:\/\/diariolanoticia.com.mx\/index.php?rest_route=\/wp\/v2\/posts\/116889\/revisions\/116891"}],"wp:featuredmedia":[{"embeddable":true,"href":"https:\/\/diariolanoticia.com.mx\/index.php?rest_route=\/wp\/v2\/media\/116890"}],"wp:attachment":[{"href":"https:\/\/diariolanoticia.com.mx\/index.php?rest_route=%2Fwp%2Fv2%2Fmedia&parent=116889"}],"wp:term":[{"taxonomy":"category","embeddable":true,"href":"https:\/\/diariolanoticia.com.mx\/index.php?rest_route=%2Fwp%2Fv2%2Fcategories&post=116889"},{"taxonomy":"post_tag","embeddable":true,"href":"https:\/\/diariolanoticia.com.mx\/index.php?rest_route=%2Fwp%2Fv2%2Ftags&post=116889"}],"curies":[{"name":"wp","href":"https:\/\/api.w.org\/{rel}","templated":true}]}}