{"id":117091,"date":"2023-11-17T16:56:07","date_gmt":"2023-11-17T22:56:07","guid":{"rendered":"https:\/\/diariolanoticia.com.mx\/?p=117091"},"modified":"2023-11-17T16:56:08","modified_gmt":"2023-11-17T22:56:08","slug":"realizo-uatx-la-edicion-numero-treinta-de-jornadas-filosoficas","status":"publish","type":"post","link":"https:\/\/diariolanoticia.com.mx\/?p=117091","title":{"rendered":"Realiz\u00f3 UATx la edici\u00f3n n\u00famero treinta de jornadas filos\u00f3ficas"},"content":{"rendered":"\n<p>La Facultad de Filosof\u00eda y Letras de la Universidad Aut\u00f3noma de Tlaxcala (UATx), llev\u00f3 a cabo las \u00abXXX Jornadas Filos\u00f3ficas Ricardo Jos\u00e9 Avil\u00e9s Espejel\u00bb, que esta ocasi\u00f3n se intitularon \u00abLos andares del pensamiento. A 30 a\u00f1os de jornadas filos\u00f3ficas\u00bb, las cuales conjuntan el trabajo de reflexionar y problematizar la importancia de esta disciplina, la participaci\u00f3n de la comunidad universitaria para impulsar el intercambio acad\u00e9mico nacional e internacional y abrir un espacio para la investigaci\u00f3n.<\/p>\n\n\n\n<p>A nombre del Rector de la UATx, Doctor Seraf\u00edn Ortiz, el Maestro Irving Eduardo Ortiz Gallardo, Coordinador de la Divisi\u00f3n de Ciencias y Humanidades, expuso que este evento traza las l\u00edneas de trabajo y el alcance de metas superiores, en el marco del eje sustantivo de la investigaci\u00f3n cient\u00edfica, as\u00ed como de estrategias para dar cumplimiento al Plan Institucional de Mejoramiento Acelerado (PIMA), el apoyo a la producci\u00f3n acad\u00e9mica y cultural en beneficio de la comunidad, por lo que felicit\u00f3 la organizaci\u00f3n de los estudiantes, docentes y estructura directiva.&nbsp;<\/p>\n\n\n\n<p>Por su parte, el Maestro Hugo P\u00e9rez Olivares, Director de la Facultad, coincidi\u00f3 en que este evento permite recordar la memoria y legado de un reconocido catedr\u00e1tico del programa acad\u00e9mico, quien desempe\u00f1aba un trabajo intelectual y comprometido con el sentido humanizante de la realidad social.<\/p>\n\n\n\n<p>Por lo tanto, agradeci\u00f3 el que se contin\u00faen con estas actividades que permiten el fortalecimiento acad\u00e9mico de los alumnos y el intercambio de reflexiones sobre los temas de filosof\u00eda en un ambiente de amistad y compromiso intelectual con otros especialistas de universidades hermanas.<\/p>\n\n\n\n<p>En representaci\u00f3n de los estudiantes de la Licenciatura en Filosof\u00eda, Andrea Isabel Cuahquentzi Hern\u00e1ndez, explic\u00f3 que esta \u00e1rea de conocimientos no es simplemente un ejercicio acad\u00e9mico, es una herramienta poderosa que permite cuestionar, comprender el mundo e invita a explorar los fundamentos de nuestras creencias, a examinar las estructuras de poder y a buscar respuestas a preguntas que van m\u00e1s all\u00e1 de la superficie de la experiencia diaria.<\/p>\n","protected":false},"excerpt":{"rendered":"<p>La Facultad de Filosof\u00eda y Letras de la Universidad Aut\u00f3noma de Tlaxcala (UATx), llev\u00f3 a cabo las \u00abXXX Jornadas Filos\u00f3ficas Ricardo Jos\u00e9 Avil\u00e9s Espejel\u00bb, que esta ocasi\u00f3n se intitularon \u00abLos andares del pensamiento. A 30 a\u00f1os de jornadas filos\u00f3ficas\u00bb, las cuales conjuntan el trabajo de reflexionar y problematizar la importancia de esta disciplina, la participaci\u00f3n [&hellip;]<\/p>\n","protected":false},"author":1,"featured_media":117092,"comment_status":"open","ping_status":"open","sticky":false,"template":"","format":"standard","meta":{"footnotes":""},"categories":[10],"tags":[],"class_list":["post-117091","post","type-post","status-publish","format-standard","has-post-thumbnail","hentry","category-educacion"],"blog_post_layout_featured_media_urls":{"thumbnail":["https:\/\/diariolanoticia.com.mx\/wp-content\/uploads\/2023\/11\/17-Realizo-UATx-la-edicion-numero-treinta-de-jornadas-filosoficas-216x160.jpg",216,160,true],"full":["https:\/\/diariolanoticia.com.mx\/wp-content\/uploads\/2023\/11\/17-Realizo-UATx-la-edicion-numero-treinta-de-jornadas-filosoficas.jpg",2300,1533,false]},"categories_names":{"10":{"name":"Educaci\u00f3n","link":"https:\/\/diariolanoticia.com.mx\/?cat=10"}},"tags_names":[],"comments_number":"0","wpmagazine_modules_lite_featured_media_urls":{"thumbnail":["https:\/\/diariolanoticia.com.mx\/wp-content\/uploads\/2023\/11\/17-Realizo-UATx-la-edicion-numero-treinta-de-jornadas-filosoficas-216x160.jpg",216,160,true],"cvmm-medium":["https:\/\/diariolanoticia.com.mx\/wp-content\/uploads\/2023\/11\/17-Realizo-UATx-la-edicion-numero-treinta-de-jornadas-filosoficas-300x300.jpg",300,300,true],"cvmm-medium-plus":["https:\/\/diariolanoticia.com.mx\/wp-content\/uploads\/2023\/11\/17-Realizo-UATx-la-edicion-numero-treinta-de-jornadas-filosoficas-305x207.jpg",305,207,true],"cvmm-portrait":["https:\/\/diariolanoticia.com.mx\/wp-content\/uploads\/2023\/11\/17-Realizo-UATx-la-edicion-numero-treinta-de-jornadas-filosoficas-400x600.jpg",400,600,true],"cvmm-medium-square":["https:\/\/diariolanoticia.com.mx\/wp-content\/uploads\/2023\/11\/17-Realizo-UATx-la-edicion-numero-treinta-de-jornadas-filosoficas-600x600.jpg",600,600,true],"cvmm-large":["https:\/\/diariolanoticia.com.mx\/wp-content\/uploads\/2023\/11\/17-Realizo-UATx-la-edicion-numero-treinta-de-jornadas-filosoficas-1024x1024.jpg",1024,1024,true],"cvmm-small":["https:\/\/diariolanoticia.com.mx\/wp-content\/uploads\/2023\/11\/17-Realizo-UATx-la-edicion-numero-treinta-de-jornadas-filosoficas-130x95.jpg",130,95,true],"full":["https:\/\/diariolanoticia.com.mx\/wp-content\/uploads\/2023\/11\/17-Realizo-UATx-la-edicion-numero-treinta-de-jornadas-filosoficas.jpg",2300,1533,false]},"_links":{"self":[{"href":"https:\/\/diariolanoticia.com.mx\/index.php?rest_route=\/wp\/v2\/posts\/117091","targetHints":{"allow":["GET"]}}],"collection":[{"href":"https:\/\/diariolanoticia.com.mx\/index.php?rest_route=\/wp\/v2\/posts"}],"about":[{"href":"https:\/\/diariolanoticia.com.mx\/index.php?rest_route=\/wp\/v2\/types\/post"}],"author":[{"embeddable":true,"href":"https:\/\/diariolanoticia.com.mx\/index.php?rest_route=\/wp\/v2\/users\/1"}],"replies":[{"embeddable":true,"href":"https:\/\/diariolanoticia.com.mx\/index.php?rest_route=%2Fwp%2Fv2%2Fcomments&post=117091"}],"version-history":[{"count":1,"href":"https:\/\/diariolanoticia.com.mx\/index.php?rest_route=\/wp\/v2\/posts\/117091\/revisions"}],"predecessor-version":[{"id":117093,"href":"https:\/\/diariolanoticia.com.mx\/index.php?rest_route=\/wp\/v2\/posts\/117091\/revisions\/117093"}],"wp:featuredmedia":[{"embeddable":true,"href":"https:\/\/diariolanoticia.com.mx\/index.php?rest_route=\/wp\/v2\/media\/117092"}],"wp:attachment":[{"href":"https:\/\/diariolanoticia.com.mx\/index.php?rest_route=%2Fwp%2Fv2%2Fmedia&parent=117091"}],"wp:term":[{"taxonomy":"category","embeddable":true,"href":"https:\/\/diariolanoticia.com.mx\/index.php?rest_route=%2Fwp%2Fv2%2Fcategories&post=117091"},{"taxonomy":"post_tag","embeddable":true,"href":"https:\/\/diariolanoticia.com.mx\/index.php?rest_route=%2Fwp%2Fv2%2Ftags&post=117091"}],"curies":[{"name":"wp","href":"https:\/\/api.w.org\/{rel}","templated":true}]}}