{"id":117109,"date":"2023-11-20T11:31:22","date_gmt":"2023-11-20T17:31:22","guid":{"rendered":"https:\/\/diariolanoticia.com.mx\/?p=117109"},"modified":"2023-11-21T11:31:31","modified_gmt":"2023-11-21T17:31:31","slug":"conmemora-ayuntamiento-de-huamantla-el-113-aniversario-de-la-revolucion-mexicana","status":"publish","type":"post","link":"https:\/\/diariolanoticia.com.mx\/?p=117109","title":{"rendered":"CONMEMORA AYUNTAMIENTO DE HUAMANTLA EL 113 ANIVERSARIO DE LA REVOLUCI\u00d3N MEXICANA\u00a0"},"content":{"rendered":"\n<p>Este d\u00eda, el Ayuntamiento de Huamantla junto con autoridades municipales y educativas conmemoraron el 113 Aniversario de la Revoluci\u00f3n Mexicana, en la explanada de la presidencia municipal.<\/p>\n\n\n\n<p>El Colegio Juana de Arco, particip\u00f3 con la rese\u00f1a hist\u00f3rica del 20 de noviembre; por su parte la primaria Plan de Ayala represent\u00f3 la poes\u00eda \u201cLa Falsa Revoluci\u00f3n\u201d, para exponer la lucha de los derechos y la igualdad del pueblo mexicano.&nbsp;<\/p>\n\n\n\n<p>En este protocolo c\u00edvico, el edil de Huamantla hizo un llamado a la ciudadan\u00eda, a seguir trabajando en conjunto para promover los valores, afirmando que nuestras acciones se ver\u00e1n reflejadas en los hombres y mujeres de bien que formar\u00e1n un mejor pa\u00eds y un mejor futuro.&nbsp;<\/p>\n\n\n\n<p>En el acto, el presidente Santos Cedillo, entreg\u00f3 la presea \u201cDahlia Excelsa\u201d a Vicente Mac\u00edas, por su contribuci\u00f3n en el cultivo, uso y transformaci\u00f3n de la planta de Dalia. Y tambi\u00e9n, dio un reconocimiento a Ashley Meneses, por su logro deportivo en el Campeonato Mundial de Hoop It Up 3&#215;3 que se realiz\u00f3 en Vancouver, Canad\u00e1.&nbsp;<\/p>\n\n\n\n<p>Posterior a la ceremonia c\u00edvica, los asistentes disfrutaron de la conmemoraci\u00f3n de la Revoluci\u00f3n Mexicana, con un desfile, donde alumnas y alumnos de 15 escuelas participaron con tablas r\u00edtmicas, adornos, acrobacias, caracterizaciones, bandas de m\u00fasica y escoltas.<\/p>\n","protected":false},"excerpt":{"rendered":"<p>Este d\u00eda, el Ayuntamiento de Huamantla junto con autoridades municipales y educativas conmemoraron el 113 Aniversario de la Revoluci\u00f3n Mexicana, en la explanada de la presidencia municipal. El Colegio Juana de Arco, particip\u00f3 con la rese\u00f1a hist\u00f3rica del 20 de noviembre; por su parte la primaria Plan de Ayala represent\u00f3 la poes\u00eda \u201cLa Falsa Revoluci\u00f3n\u201d, [&hellip;]<\/p>\n","protected":false},"author":1,"featured_media":117110,"comment_status":"open","ping_status":"open","sticky":false,"template":"","format":"standard","meta":{"footnotes":""},"categories":[219],"tags":[],"class_list":["post-117109","post","type-post","status-publish","format-standard","has-post-thumbnail","hentry","category-huamantla"],"blog_post_layout_featured_media_urls":{"thumbnail":["https:\/\/diariolanoticia.com.mx\/wp-content\/uploads\/2023\/11\/20112023_Revolucion1-216x160.jpg",216,160,true],"full":["https:\/\/diariolanoticia.com.mx\/wp-content\/uploads\/2023\/11\/20112023_Revolucion1.jpg",1600,1066,false]},"categories_names":{"219":{"name":"Huamantla","link":"https:\/\/diariolanoticia.com.mx\/?cat=219"}},"tags_names":[],"comments_number":"0","wpmagazine_modules_lite_featured_media_urls":{"thumbnail":["https:\/\/diariolanoticia.com.mx\/wp-content\/uploads\/2023\/11\/20112023_Revolucion1-216x160.jpg",216,160,true],"cvmm-medium":["https:\/\/diariolanoticia.com.mx\/wp-content\/uploads\/2023\/11\/20112023_Revolucion1-300x300.jpg",300,300,true],"cvmm-medium-plus":["https:\/\/diariolanoticia.com.mx\/wp-content\/uploads\/2023\/11\/20112023_Revolucion1-305x207.jpg",305,207,true],"cvmm-portrait":["https:\/\/diariolanoticia.com.mx\/wp-content\/uploads\/2023\/11\/20112023_Revolucion1-400x600.jpg",400,600,true],"cvmm-medium-square":["https:\/\/diariolanoticia.com.mx\/wp-content\/uploads\/2023\/11\/20112023_Revolucion1-600x600.jpg",600,600,true],"cvmm-large":["https:\/\/diariolanoticia.com.mx\/wp-content\/uploads\/2023\/11\/20112023_Revolucion1-1024x1024.jpg",1024,1024,true],"cvmm-small":["https:\/\/diariolanoticia.com.mx\/wp-content\/uploads\/2023\/11\/20112023_Revolucion1-130x95.jpg",130,95,true],"full":["https:\/\/diariolanoticia.com.mx\/wp-content\/uploads\/2023\/11\/20112023_Revolucion1.jpg",1600,1066,false]},"_links":{"self":[{"href":"https:\/\/diariolanoticia.com.mx\/index.php?rest_route=\/wp\/v2\/posts\/117109","targetHints":{"allow":["GET"]}}],"collection":[{"href":"https:\/\/diariolanoticia.com.mx\/index.php?rest_route=\/wp\/v2\/posts"}],"about":[{"href":"https:\/\/diariolanoticia.com.mx\/index.php?rest_route=\/wp\/v2\/types\/post"}],"author":[{"embeddable":true,"href":"https:\/\/diariolanoticia.com.mx\/index.php?rest_route=\/wp\/v2\/users\/1"}],"replies":[{"embeddable":true,"href":"https:\/\/diariolanoticia.com.mx\/index.php?rest_route=%2Fwp%2Fv2%2Fcomments&post=117109"}],"version-history":[{"count":1,"href":"https:\/\/diariolanoticia.com.mx\/index.php?rest_route=\/wp\/v2\/posts\/117109\/revisions"}],"predecessor-version":[{"id":117111,"href":"https:\/\/diariolanoticia.com.mx\/index.php?rest_route=\/wp\/v2\/posts\/117109\/revisions\/117111"}],"wp:featuredmedia":[{"embeddable":true,"href":"https:\/\/diariolanoticia.com.mx\/index.php?rest_route=\/wp\/v2\/media\/117110"}],"wp:attachment":[{"href":"https:\/\/diariolanoticia.com.mx\/index.php?rest_route=%2Fwp%2Fv2%2Fmedia&parent=117109"}],"wp:term":[{"taxonomy":"category","embeddable":true,"href":"https:\/\/diariolanoticia.com.mx\/index.php?rest_route=%2Fwp%2Fv2%2Fcategories&post=117109"},{"taxonomy":"post_tag","embeddable":true,"href":"https:\/\/diariolanoticia.com.mx\/index.php?rest_route=%2Fwp%2Fv2%2Ftags&post=117109"}],"curies":[{"name":"wp","href":"https:\/\/api.w.org\/{rel}","templated":true}]}}