{"id":117316,"date":"2023-11-24T11:29:35","date_gmt":"2023-11-24T17:29:35","guid":{"rendered":"https:\/\/diariolanoticia.com.mx\/?p=117316"},"modified":"2023-11-24T11:29:36","modified_gmt":"2023-11-24T17:29:36","slug":"abre-smdif-huamantla-convocatoria-para-inscribirse-al-desfile-de-aldea-magica-2023","status":"publish","type":"post","link":"https:\/\/diariolanoticia.com.mx\/?p=117316","title":{"rendered":"ABRE SMDIF HUAMANTLA CONVOCATORIA PARA INSCRIBIRSE AL DESFILE DE ALDEA M\u00c1GICA 2023"},"content":{"rendered":"\n<p>El Sistema Municipal para el Desarrollo Integral de la Familia (DIF) de Huamantla, convoca al p\u00fablico en general a participar en el Desfile Navide\u00f1o de la tercera edici\u00f3n de Aldea M\u00e1gica 2023, que se llevar\u00e1 a cabo el pr\u00f3ximo nueve de diciembre.<\/p>\n\n\n\n<p>Con el prop\u00f3sito de resaltar las tradiciones y creatividad, as\u00ed como promover valores y la identidad de Huamantla, autoridades municipales informan que las categor\u00edas son: cultura, tradiciones, comparsas, orquestas, bandas, carros aleg\u00f3ricos y empresas.<\/p>\n\n\n\n<p>Para poder participar se deber\u00e1 respetar la tem\u00e1tica decembrina, con dise\u00f1os y vestimenta alusiva; las unidades permitidas ser\u00e1n tipo cami\u00f3n, tractocami\u00f3n, plataformas remolcadas y camionetas con plataforma.<\/p>\n\n\n\n<p>Se proh\u00edbe la participaci\u00f3n de veh\u00edculos particulares decorados como carros aleg\u00f3ricos, y se deber\u00e1n cumplir las medidas de 2.5 a 2.8 metros de ancho, con longitud de 6 metros a 12 metros y una altura m\u00e1xima de 3.5 metros.<\/p>\n\n\n\n<p>Las y los interesados deber\u00e1n presentar los siguientes requisitos; Solicitud de participaci\u00f3n, carta compromiso, formato de inscripci\u00f3n y copia del INE del representante del grupo, la fecha l\u00edmite es el cinco de diciembre en las instalaciones del DIF, ubicadas en Bulevar Fernando Hern\u00e1ndez Carrasco #101, con horario de atenci\u00f3n de lunes a viernes de 9:00 a 17:00 horas.<\/p>\n","protected":false},"excerpt":{"rendered":"<p>El Sistema Municipal para el Desarrollo Integral de la Familia (DIF) de Huamantla, convoca al p\u00fablico en general a participar en el Desfile Navide\u00f1o de la tercera edici\u00f3n de Aldea M\u00e1gica 2023, que se llevar\u00e1 a cabo el pr\u00f3ximo nueve de diciembre. Con el prop\u00f3sito de resaltar las tradiciones y creatividad, as\u00ed como promover valores [&hellip;]<\/p>\n","protected":false},"author":1,"featured_media":117317,"comment_status":"open","ping_status":"open","sticky":false,"template":"","format":"standard","meta":{"footnotes":""},"categories":[219],"tags":[],"class_list":["post-117316","post","type-post","status-publish","format-standard","has-post-thumbnail","hentry","category-huamantla"],"blog_post_layout_featured_media_urls":{"thumbnail":["https:\/\/diariolanoticia.com.mx\/wp-content\/uploads\/2023\/11\/WhatsApp-Image-2023-11-24-at-11.27.17-216x160.jpeg",216,160,true],"full":["https:\/\/diariolanoticia.com.mx\/wp-content\/uploads\/2023\/11\/WhatsApp-Image-2023-11-24-at-11.27.17.jpeg",1600,1066,false]},"categories_names":{"219":{"name":"Huamantla","link":"https:\/\/diariolanoticia.com.mx\/?cat=219"}},"tags_names":[],"comments_number":"0","wpmagazine_modules_lite_featured_media_urls":{"thumbnail":["https:\/\/diariolanoticia.com.mx\/wp-content\/uploads\/2023\/11\/WhatsApp-Image-2023-11-24-at-11.27.17-216x160.jpeg",216,160,true],"cvmm-medium":["https:\/\/diariolanoticia.com.mx\/wp-content\/uploads\/2023\/11\/WhatsApp-Image-2023-11-24-at-11.27.17-300x300.jpeg",300,300,true],"cvmm-medium-plus":["https:\/\/diariolanoticia.com.mx\/wp-content\/uploads\/2023\/11\/WhatsApp-Image-2023-11-24-at-11.27.17-305x207.jpeg",305,207,true],"cvmm-portrait":["https:\/\/diariolanoticia.com.mx\/wp-content\/uploads\/2023\/11\/WhatsApp-Image-2023-11-24-at-11.27.17-400x600.jpeg",400,600,true],"cvmm-medium-square":["https:\/\/diariolanoticia.com.mx\/wp-content\/uploads\/2023\/11\/WhatsApp-Image-2023-11-24-at-11.27.17-600x600.jpeg",600,600,true],"cvmm-large":["https:\/\/diariolanoticia.com.mx\/wp-content\/uploads\/2023\/11\/WhatsApp-Image-2023-11-24-at-11.27.17-1024x1024.jpeg",1024,1024,true],"cvmm-small":["https:\/\/diariolanoticia.com.mx\/wp-content\/uploads\/2023\/11\/WhatsApp-Image-2023-11-24-at-11.27.17-130x95.jpeg",130,95,true],"full":["https:\/\/diariolanoticia.com.mx\/wp-content\/uploads\/2023\/11\/WhatsApp-Image-2023-11-24-at-11.27.17.jpeg",1600,1066,false]},"_links":{"self":[{"href":"https:\/\/diariolanoticia.com.mx\/index.php?rest_route=\/wp\/v2\/posts\/117316","targetHints":{"allow":["GET"]}}],"collection":[{"href":"https:\/\/diariolanoticia.com.mx\/index.php?rest_route=\/wp\/v2\/posts"}],"about":[{"href":"https:\/\/diariolanoticia.com.mx\/index.php?rest_route=\/wp\/v2\/types\/post"}],"author":[{"embeddable":true,"href":"https:\/\/diariolanoticia.com.mx\/index.php?rest_route=\/wp\/v2\/users\/1"}],"replies":[{"embeddable":true,"href":"https:\/\/diariolanoticia.com.mx\/index.php?rest_route=%2Fwp%2Fv2%2Fcomments&post=117316"}],"version-history":[{"count":1,"href":"https:\/\/diariolanoticia.com.mx\/index.php?rest_route=\/wp\/v2\/posts\/117316\/revisions"}],"predecessor-version":[{"id":117318,"href":"https:\/\/diariolanoticia.com.mx\/index.php?rest_route=\/wp\/v2\/posts\/117316\/revisions\/117318"}],"wp:featuredmedia":[{"embeddable":true,"href":"https:\/\/diariolanoticia.com.mx\/index.php?rest_route=\/wp\/v2\/media\/117317"}],"wp:attachment":[{"href":"https:\/\/diariolanoticia.com.mx\/index.php?rest_route=%2Fwp%2Fv2%2Fmedia&parent=117316"}],"wp:term":[{"taxonomy":"category","embeddable":true,"href":"https:\/\/diariolanoticia.com.mx\/index.php?rest_route=%2Fwp%2Fv2%2Fcategories&post=117316"},{"taxonomy":"post_tag","embeddable":true,"href":"https:\/\/diariolanoticia.com.mx\/index.php?rest_route=%2Fwp%2Fv2%2Ftags&post=117316"}],"curies":[{"name":"wp","href":"https:\/\/api.w.org\/{rel}","templated":true}]}}