{"id":117319,"date":"2023-11-24T12:32:42","date_gmt":"2023-11-24T18:32:42","guid":{"rendered":"https:\/\/diariolanoticia.com.mx\/?p=117319"},"modified":"2023-11-24T12:32:42","modified_gmt":"2023-11-24T18:32:42","slug":"la-capital-es-sede-de-reunion-por-la-paz-y-seguridad","status":"publish","type":"post","link":"https:\/\/diariolanoticia.com.mx\/?p=117319","title":{"rendered":"La capital es sede de reuni\u00f3n por la paz y seguridad"},"content":{"rendered":"\n<ul class=\"wp-block-list\"><li><em>La presidenta municipal de Tlaxcala destaca que el trabajo coordinado da resultados positivos<\/em><\/li><\/ul>\n\n\n\n<p>Tlaxcala Capital fue sede de la reuni\u00f3n de la Mesa de Paz y Seguridad Regi\u00f3n II del Estado, lugar hasta donde llegaron representantes de los tres \u00f3rdenes de gobierno y corporaciones de seguridad federales, estatales y municipales.<\/p>\n\n\n\n<p>La presidenta municipal de Tlaxcala, Maribel P\u00e9rez Arenas, fue la encargada de recibir a sus hom\u00f3logos, as\u00ed como a las autoridades del gobierno del Estado, de la Secretar\u00eda de la Defensa Nacional (SEDENA), la Guardia Nacional (GN) y dem\u00e1s instituciones participantes.<\/p>\n\n\n\n<p>La alcaldesa capitalina, dijo que el objetivo es fortalecer acciones coordinadas de los tres niveles de gobierno, por la seguridad de las familias de la capital y de toda la zona regi\u00f3n, para revisar, analizar la estrategia de seguridad que se ha implementado en el municipio, as\u00ed como implementar medidas que contribuyan con la paz y seguridad.<\/p>\n\n\n\n<p>P\u00e9rez Arenas, enfatiz\u00f3 en que estas reuniones de seguridad nos permiten a los tres niveles de gobierno tomar decisiones en favor de la seguridad de nuestros municipios.<\/p>\n\n\n\n<p>\u00abLos avances en materia de seguridad p\u00fablica son importantes y en Tlaxcala Capital, hemos hecho un gran esfuerzo por fortalecer este rubro, al tener una polic\u00eda mayor capacitada, con mejores condiciones laborales y con un alto porcentaje en certificaci\u00f3n.<\/p>\n\n\n\n<p>&nbsp;En la capital del estado, le hemos apostado a trabajar de manera incansable por la seguridad de las y los capitalinos, actuando con firmeza e inteligencia en contra de la delincuencia, que no permita seguir teniendo un clima de paz y tranquilidad\u00bb, apunt\u00f3 la alcaldesa.<\/p>\n\n\n\n<p>Por su parte, Ilse Viridiana Hern\u00e1ndez Mej\u00eda, Secretaria T\u00e9cnica para la Construcci\u00f3n de Paz y Seguridad de la regi\u00f3n II Tlaxcala, destac\u00f3 que la colaboraci\u00f3n entre los diferentes niveles de gobierno y la sociedad civil es esencial para construir entornos seguros y brindar tranquilidad a la ciudadan\u00eda.<\/p>\n\n\n\n<p>Finalmente, las autoridades asistentes se comprometieron a seguir impulsando acciones concretas y coordinadas, enfocadas en prevenir el delito, fortalecer la respuesta policial y promover la participaci\u00f3n ciudadana, con la consigna de velar por el bienestar y la tranquilidad de todos los tlaxcaltecas.<\/p>\n","protected":false},"excerpt":{"rendered":"<p>La presidenta municipal de Tlaxcala destaca que el trabajo coordinado da resultados positivos Tlaxcala Capital fue sede de la reuni\u00f3n de la Mesa de Paz y Seguridad Regi\u00f3n II del Estado, lugar hasta donde llegaron representantes de los tres \u00f3rdenes de gobierno y corporaciones de seguridad federales, estatales y municipales. La presidenta municipal de Tlaxcala, [&hellip;]<\/p>\n","protected":false},"author":1,"featured_media":117320,"comment_status":"open","ping_status":"open","sticky":false,"template":"","format":"standard","meta":{"footnotes":""},"categories":[17],"tags":[],"class_list":["post-117319","post","type-post","status-publish","format-standard","has-post-thumbnail","hentry","category-tlaxcala"],"blog_post_layout_featured_media_urls":{"thumbnail":["https:\/\/diariolanoticia.com.mx\/wp-content\/uploads\/2023\/11\/WhatsApp-Image-2023-11-24-at-11.58.24-216x160.jpeg",216,160,true],"full":["https:\/\/diariolanoticia.com.mx\/wp-content\/uploads\/2023\/11\/WhatsApp-Image-2023-11-24-at-11.58.24.jpeg",1600,1066,false]},"categories_names":{"17":{"name":"Tlaxcala","link":"https:\/\/diariolanoticia.com.mx\/?cat=17"}},"tags_names":[],"comments_number":"0","wpmagazine_modules_lite_featured_media_urls":{"thumbnail":["https:\/\/diariolanoticia.com.mx\/wp-content\/uploads\/2023\/11\/WhatsApp-Image-2023-11-24-at-11.58.24-216x160.jpeg",216,160,true],"cvmm-medium":["https:\/\/diariolanoticia.com.mx\/wp-content\/uploads\/2023\/11\/WhatsApp-Image-2023-11-24-at-11.58.24-300x300.jpeg",300,300,true],"cvmm-medium-plus":["https:\/\/diariolanoticia.com.mx\/wp-content\/uploads\/2023\/11\/WhatsApp-Image-2023-11-24-at-11.58.24-305x207.jpeg",305,207,true],"cvmm-portrait":["https:\/\/diariolanoticia.com.mx\/wp-content\/uploads\/2023\/11\/WhatsApp-Image-2023-11-24-at-11.58.24-400x600.jpeg",400,600,true],"cvmm-medium-square":["https:\/\/diariolanoticia.com.mx\/wp-content\/uploads\/2023\/11\/WhatsApp-Image-2023-11-24-at-11.58.24-600x600.jpeg",600,600,true],"cvmm-large":["https:\/\/diariolanoticia.com.mx\/wp-content\/uploads\/2023\/11\/WhatsApp-Image-2023-11-24-at-11.58.24-1024x1024.jpeg",1024,1024,true],"cvmm-small":["https:\/\/diariolanoticia.com.mx\/wp-content\/uploads\/2023\/11\/WhatsApp-Image-2023-11-24-at-11.58.24-130x95.jpeg",130,95,true],"full":["https:\/\/diariolanoticia.com.mx\/wp-content\/uploads\/2023\/11\/WhatsApp-Image-2023-11-24-at-11.58.24.jpeg",1600,1066,false]},"_links":{"self":[{"href":"https:\/\/diariolanoticia.com.mx\/index.php?rest_route=\/wp\/v2\/posts\/117319","targetHints":{"allow":["GET"]}}],"collection":[{"href":"https:\/\/diariolanoticia.com.mx\/index.php?rest_route=\/wp\/v2\/posts"}],"about":[{"href":"https:\/\/diariolanoticia.com.mx\/index.php?rest_route=\/wp\/v2\/types\/post"}],"author":[{"embeddable":true,"href":"https:\/\/diariolanoticia.com.mx\/index.php?rest_route=\/wp\/v2\/users\/1"}],"replies":[{"embeddable":true,"href":"https:\/\/diariolanoticia.com.mx\/index.php?rest_route=%2Fwp%2Fv2%2Fcomments&post=117319"}],"version-history":[{"count":1,"href":"https:\/\/diariolanoticia.com.mx\/index.php?rest_route=\/wp\/v2\/posts\/117319\/revisions"}],"predecessor-version":[{"id":117321,"href":"https:\/\/diariolanoticia.com.mx\/index.php?rest_route=\/wp\/v2\/posts\/117319\/revisions\/117321"}],"wp:featuredmedia":[{"embeddable":true,"href":"https:\/\/diariolanoticia.com.mx\/index.php?rest_route=\/wp\/v2\/media\/117320"}],"wp:attachment":[{"href":"https:\/\/diariolanoticia.com.mx\/index.php?rest_route=%2Fwp%2Fv2%2Fmedia&parent=117319"}],"wp:term":[{"taxonomy":"category","embeddable":true,"href":"https:\/\/diariolanoticia.com.mx\/index.php?rest_route=%2Fwp%2Fv2%2Fcategories&post=117319"},{"taxonomy":"post_tag","embeddable":true,"href":"https:\/\/diariolanoticia.com.mx\/index.php?rest_route=%2Fwp%2Fv2%2Ftags&post=117319"}],"curies":[{"name":"wp","href":"https:\/\/api.w.org\/{rel}","templated":true}]}}