{"id":117360,"date":"2023-11-24T15:04:19","date_gmt":"2023-11-24T21:04:19","guid":{"rendered":"https:\/\/diariolanoticia.com.mx\/?p=117360"},"modified":"2023-11-27T15:04:38","modified_gmt":"2023-11-27T21:04:38","slug":"efectuo-uatx-foro-internacional-de-investigacion-en-salud","status":"publish","type":"post","link":"https:\/\/diariolanoticia.com.mx\/?p=117360","title":{"rendered":"Efectu\u00f3 UATx foro internacional de investigaci\u00f3n en salud"},"content":{"rendered":"\n<p>\u00abDesde este claustro, se dise\u00f1an modelos epist\u00e9micos que ponen al centro del inter\u00e9s el trabajar en las diferentes disciplinas para producir sabidur\u00eda cient\u00edfica\u00bb, se\u00f1al\u00f3 el Doctor Seraf\u00edn Ortiz Ortiz, Rector de la Universidad Aut\u00f3noma de Tlaxcala (UATx), al inaugurar el \u00abPrimer foro internacional de investigaci\u00f3n en salud\u00bb, organizado por la Facultad de Ciencias de la Salud, efectuado en las instalaciones del Centro Cultural Universitario (CCU).<\/p>\n\n\n\n<p>El Rector expuso que, la labor de los universitarios en las diversas \u00e1reas del conocimiento, representa el portento de la investigaci\u00f3n para producir sabidur\u00eda cient\u00edfica, tecnol\u00f3gica y human\u00edstica, por lo que en este espacio donde convergen t\u00f3picos del \u00e1rea de la salud, se aplica el proceso de reversi\u00f3n de la ciencia, la cual debe ajustarse a varios criterios para su difusi\u00f3n entre la sociedad en su conjunto, de ah\u00ed que, los resultados de la investigaci\u00f3n deben ser la manera en que se ense\u00f1en esos hallazgos y esos conocimientos.<\/p>\n\n\n\n<p>Por su parte, el Doctor Jos\u00e9 Francisco Mauricio Garc\u00eda, Director de la Facultad, sostuvo que a trav\u00e9s de la filosof\u00eda del Modelo Humanista Integrador basado en Capacidades (MHIC), se forma a los mejores profesionistas de la salud en el pa\u00eds y este tipo de espacios contribuyen a su preparaci\u00f3n y a despertarles el inter\u00e9s por la investigaci\u00f3n, ya que esta disciplina implica una actualizaci\u00f3n constante.<\/p>\n\n\n\n<p>Resalt\u00f3 que la salud exige enfoques diversos y perspectivas complementarias, y hoy en d\u00eda se trabaja en la construcci\u00f3n de puentes con disciplinas como la nutrici\u00f3n, la enfermer\u00eda, fisioterapia y otras ramas, para reconocer que la innovaci\u00f3n surge en el momento en que diversas formas del conocimiento confluyen para generar agentes de cambio.<\/p>\n\n\n\n<p>En su oportunidad, la Doctora Karla Hilsen Garc\u00eda Arag\u00f3n, responsable de investigaci\u00f3n de la Facultad, subray\u00f3 que estas actividades implican un trabajo colaborativo interdisciplinario para ahondar en los avances de la salud que trasciende fronteras y conecta a la humanidad para hacer frente a los desaf\u00edos complejos y globales.<\/p>\n\n\n\n<p>Entre los expositores que intervinieron, se tuvo la participaci\u00f3n de la Doctora Yuping Hsu, de la Universidad de Illions y la Doctora Cecilia Hern\u00e1ndez Bonilla, de la Universidad de Huoston.<\/p>\n\n\n\n<p>Este acto, cont\u00f3 con la presencia del Doctor Juan George Zecua, Secretario de Autorrealizaci\u00f3n y del Doctor Jos\u00e9 Reyes Luna Ru\u00edz, Coordinador de la Divisi\u00f3n de Ciencias Biol\u00f3gicas, as\u00ed como de la comunidad acad\u00e9mica, docente y estudiantil de la facultad.<\/p>\n","protected":false},"excerpt":{"rendered":"<p>\u00abDesde este claustro, se dise\u00f1an modelos epist\u00e9micos que ponen al centro del inter\u00e9s el trabajar en las diferentes disciplinas para producir sabidur\u00eda cient\u00edfica\u00bb, se\u00f1al\u00f3 el Doctor Seraf\u00edn Ortiz Ortiz, Rector de la Universidad Aut\u00f3noma de Tlaxcala (UATx), al inaugurar el \u00abPrimer foro internacional de investigaci\u00f3n en salud\u00bb, organizado por la Facultad de Ciencias de la [&hellip;]<\/p>\n","protected":false},"author":1,"featured_media":117361,"comment_status":"open","ping_status":"open","sticky":false,"template":"","format":"standard","meta":{"footnotes":""},"categories":[10],"tags":[],"class_list":["post-117360","post","type-post","status-publish","format-standard","has-post-thumbnail","hentry","category-educacion"],"blog_post_layout_featured_media_urls":{"thumbnail":["https:\/\/diariolanoticia.com.mx\/wp-content\/uploads\/2023\/11\/24-Efectuo-UATx-foro-internacional-de-investigacion-en-salud-216x160.jpg",216,160,true],"full":["https:\/\/diariolanoticia.com.mx\/wp-content\/uploads\/2023\/11\/24-Efectuo-UATx-foro-internacional-de-investigacion-en-salud.jpg",2300,1533,false]},"categories_names":{"10":{"name":"Educaci\u00f3n","link":"https:\/\/diariolanoticia.com.mx\/?cat=10"}},"tags_names":[],"comments_number":"0","wpmagazine_modules_lite_featured_media_urls":{"thumbnail":["https:\/\/diariolanoticia.com.mx\/wp-content\/uploads\/2023\/11\/24-Efectuo-UATx-foro-internacional-de-investigacion-en-salud-216x160.jpg",216,160,true],"cvmm-medium":["https:\/\/diariolanoticia.com.mx\/wp-content\/uploads\/2023\/11\/24-Efectuo-UATx-foro-internacional-de-investigacion-en-salud-300x300.jpg",300,300,true],"cvmm-medium-plus":["https:\/\/diariolanoticia.com.mx\/wp-content\/uploads\/2023\/11\/24-Efectuo-UATx-foro-internacional-de-investigacion-en-salud-305x207.jpg",305,207,true],"cvmm-portrait":["https:\/\/diariolanoticia.com.mx\/wp-content\/uploads\/2023\/11\/24-Efectuo-UATx-foro-internacional-de-investigacion-en-salud-400x600.jpg",400,600,true],"cvmm-medium-square":["https:\/\/diariolanoticia.com.mx\/wp-content\/uploads\/2023\/11\/24-Efectuo-UATx-foro-internacional-de-investigacion-en-salud-600x600.jpg",600,600,true],"cvmm-large":["https:\/\/diariolanoticia.com.mx\/wp-content\/uploads\/2023\/11\/24-Efectuo-UATx-foro-internacional-de-investigacion-en-salud-1024x1024.jpg",1024,1024,true],"cvmm-small":["https:\/\/diariolanoticia.com.mx\/wp-content\/uploads\/2023\/11\/24-Efectuo-UATx-foro-internacional-de-investigacion-en-salud-130x95.jpg",130,95,true],"full":["https:\/\/diariolanoticia.com.mx\/wp-content\/uploads\/2023\/11\/24-Efectuo-UATx-foro-internacional-de-investigacion-en-salud.jpg",2300,1533,false]},"_links":{"self":[{"href":"https:\/\/diariolanoticia.com.mx\/index.php?rest_route=\/wp\/v2\/posts\/117360","targetHints":{"allow":["GET"]}}],"collection":[{"href":"https:\/\/diariolanoticia.com.mx\/index.php?rest_route=\/wp\/v2\/posts"}],"about":[{"href":"https:\/\/diariolanoticia.com.mx\/index.php?rest_route=\/wp\/v2\/types\/post"}],"author":[{"embeddable":true,"href":"https:\/\/diariolanoticia.com.mx\/index.php?rest_route=\/wp\/v2\/users\/1"}],"replies":[{"embeddable":true,"href":"https:\/\/diariolanoticia.com.mx\/index.php?rest_route=%2Fwp%2Fv2%2Fcomments&post=117360"}],"version-history":[{"count":1,"href":"https:\/\/diariolanoticia.com.mx\/index.php?rest_route=\/wp\/v2\/posts\/117360\/revisions"}],"predecessor-version":[{"id":117362,"href":"https:\/\/diariolanoticia.com.mx\/index.php?rest_route=\/wp\/v2\/posts\/117360\/revisions\/117362"}],"wp:featuredmedia":[{"embeddable":true,"href":"https:\/\/diariolanoticia.com.mx\/index.php?rest_route=\/wp\/v2\/media\/117361"}],"wp:attachment":[{"href":"https:\/\/diariolanoticia.com.mx\/index.php?rest_route=%2Fwp%2Fv2%2Fmedia&parent=117360"}],"wp:term":[{"taxonomy":"category","embeddable":true,"href":"https:\/\/diariolanoticia.com.mx\/index.php?rest_route=%2Fwp%2Fv2%2Fcategories&post=117360"},{"taxonomy":"post_tag","embeddable":true,"href":"https:\/\/diariolanoticia.com.mx\/index.php?rest_route=%2Fwp%2Fv2%2Ftags&post=117360"}],"curies":[{"name":"wp","href":"https:\/\/api.w.org\/{rel}","templated":true}]}}