{"id":117387,"date":"2023-11-26T15:16:12","date_gmt":"2023-11-26T21:16:12","guid":{"rendered":"https:\/\/diariolanoticia.com.mx\/?p=117387"},"modified":"2023-11-27T15:16:17","modified_gmt":"2023-11-27T21:16:17","slug":"es-huamantla-referente-turistico-a-nivel-nacional-e-internacional","status":"publish","type":"post","link":"https:\/\/diariolanoticia.com.mx\/?p=117387","title":{"rendered":"ES HUAMANTLA REFERENTE TUR\u00cdSTICO A NIVEL NACIONAL E INTERNACIONAL"},"content":{"rendered":"\n<ul class=\"wp-block-list\"><li>En diversas entrevistas en medios de comunicaci\u00f3n destacaron su valor hist\u00f3rico, cultural y religioso, as\u00ed como sus tradiciones ancestrales que la hacen \u00fanica.<\/li><\/ul>\n\n\n\n<p>Medios de comunicaci\u00f3n locales, nacionales e internacionales, destacaron la trascendencia del Pueblo M\u00e1gico de Huamantla como un referente tur\u00edstico de M\u00e9xico, ya que cuenta con tradiciones ancestrales, historia, cultura y gastronom\u00eda; atributos que hacen \u00fanico a este municipio de Tlaxcala.<\/p>\n\n\n\n<p>La coordinadora de Turismo de Huamantla, Mar\u00eda Celeste Caballero Mart\u00ednez, se\u00f1al\u00f3 en cada uno de los espacios informativos que el gobierno municipal que encabeza el Edil, Salvador Santos Cedillo, ha impulsado obras y acciones que ponen a este Pueblo M\u00e1gico a la vanguardia en el sector a nivel nacional e internacional.<\/p>\n\n\n\n<p>Caballero Mart\u00ednez, apunt\u00f3 que desde el inicio de esta administraci\u00f3n, se ha trabajado de manera coordinada con el gobierno de Lorena Cu\u00e9llar Cisneros, para impulsar programas de capacitaci\u00f3n a artesanos y prestadores de servicios, para mejorar la imagen urbana del municipio, as\u00ed como con la entrega de dispositivos electr\u00f3nicos para realizar sus cobros de manera segura, lo que facilitar\u00e1 a los visitantes poder comprar artesan\u00edas o consumir alimentos y pagar con tarjetas de cr\u00e9dito o d\u00e9bito.<\/p>\n\n\n\n<p>Destac\u00f3 que todos los caminos llevan a Huamantla, gracias a que se encuentra en una ubicaci\u00f3n estrat\u00e9gica con una red carretera que permite su arribo de manera f\u00e1cil, a tan solo 2 horas 30 minutos de la Ciudad de M\u00e9xico (CDMX); adem\u00e1s de que cuenta con infraestructura para el c\u00f3modo alojamiento de los visitantes.<\/p>\n\n\n\n<p>Finalmente, mencion\u00f3 que hace una semana, el presidente municipal de Huamantla, Salvador Santos Cedillo, conjuntamente con la Secretar\u00eda de Turismo de Tlaxcala y el Corporativo Mobility ADO, dieron el banderazo de salida al Turitour ADO CDMX-Huamantla-Ixtenco, con salidas todos los s\u00e1bados con paquetes accesibles donde podr\u00e1n disfrutar de una experiencia \u00fanica, visitando sus sitios hist\u00f3ricos, haciendas y probando su rica gastronom\u00eda.&nbsp;<\/p>\n\n\n\n<p>Entre los medios en los que la coordinadora de Turismo de Huamantla particip\u00f3 estuvieron Radio y Televisi\u00f3n de Hidalgo, TV Azteca Hidalgo, El Universal Hidalgo, Mundo Ejecutivo, El Financiero, Canal 13, M\u00e9xico Travel Channel, Mira Hidalgo, Acustika Noticias, Pachuca Brilla, Revista Pl\u00e9tora y la influencer conocida como Fanibren.<\/p>\n","protected":false},"excerpt":{"rendered":"<p>En diversas entrevistas en medios de comunicaci\u00f3n destacaron su valor hist\u00f3rico, cultural y religioso, as\u00ed como sus tradiciones ancestrales que la hacen \u00fanica. Medios de comunicaci\u00f3n locales, nacionales e internacionales, destacaron la trascendencia del Pueblo M\u00e1gico de Huamantla como un referente tur\u00edstico de M\u00e9xico, ya que cuenta con tradiciones ancestrales, historia, cultura y gastronom\u00eda; atributos [&hellip;]<\/p>\n","protected":false},"author":1,"featured_media":117388,"comment_status":"open","ping_status":"open","sticky":false,"template":"","format":"standard","meta":{"footnotes":""},"categories":[219],"tags":[],"class_list":["post-117387","post","type-post","status-publish","format-standard","has-post-thumbnail","hentry","category-huamantla"],"blog_post_layout_featured_media_urls":{"thumbnail":["https:\/\/diariolanoticia.com.mx\/wp-content\/uploads\/2023\/11\/26112023_TurismoMedios4-216x160.jpg",216,160,true],"full":["https:\/\/diariolanoticia.com.mx\/wp-content\/uploads\/2023\/11\/26112023_TurismoMedios4.jpg",1024,768,false]},"categories_names":{"219":{"name":"Huamantla","link":"https:\/\/diariolanoticia.com.mx\/?cat=219"}},"tags_names":[],"comments_number":"0","wpmagazine_modules_lite_featured_media_urls":{"thumbnail":["https:\/\/diariolanoticia.com.mx\/wp-content\/uploads\/2023\/11\/26112023_TurismoMedios4-216x160.jpg",216,160,true],"cvmm-medium":["https:\/\/diariolanoticia.com.mx\/wp-content\/uploads\/2023\/11\/26112023_TurismoMedios4-300x300.jpg",300,300,true],"cvmm-medium-plus":["https:\/\/diariolanoticia.com.mx\/wp-content\/uploads\/2023\/11\/26112023_TurismoMedios4-305x207.jpg",305,207,true],"cvmm-portrait":["https:\/\/diariolanoticia.com.mx\/wp-content\/uploads\/2023\/11\/26112023_TurismoMedios4-400x600.jpg",400,600,true],"cvmm-medium-square":["https:\/\/diariolanoticia.com.mx\/wp-content\/uploads\/2023\/11\/26112023_TurismoMedios4-600x600.jpg",600,600,true],"cvmm-large":["https:\/\/diariolanoticia.com.mx\/wp-content\/uploads\/2023\/11\/26112023_TurismoMedios4.jpg",1024,768,false],"cvmm-small":["https:\/\/diariolanoticia.com.mx\/wp-content\/uploads\/2023\/11\/26112023_TurismoMedios4-130x95.jpg",130,95,true],"full":["https:\/\/diariolanoticia.com.mx\/wp-content\/uploads\/2023\/11\/26112023_TurismoMedios4.jpg",1024,768,false]},"_links":{"self":[{"href":"https:\/\/diariolanoticia.com.mx\/index.php?rest_route=\/wp\/v2\/posts\/117387","targetHints":{"allow":["GET"]}}],"collection":[{"href":"https:\/\/diariolanoticia.com.mx\/index.php?rest_route=\/wp\/v2\/posts"}],"about":[{"href":"https:\/\/diariolanoticia.com.mx\/index.php?rest_route=\/wp\/v2\/types\/post"}],"author":[{"embeddable":true,"href":"https:\/\/diariolanoticia.com.mx\/index.php?rest_route=\/wp\/v2\/users\/1"}],"replies":[{"embeddable":true,"href":"https:\/\/diariolanoticia.com.mx\/index.php?rest_route=%2Fwp%2Fv2%2Fcomments&post=117387"}],"version-history":[{"count":1,"href":"https:\/\/diariolanoticia.com.mx\/index.php?rest_route=\/wp\/v2\/posts\/117387\/revisions"}],"predecessor-version":[{"id":117389,"href":"https:\/\/diariolanoticia.com.mx\/index.php?rest_route=\/wp\/v2\/posts\/117387\/revisions\/117389"}],"wp:featuredmedia":[{"embeddable":true,"href":"https:\/\/diariolanoticia.com.mx\/index.php?rest_route=\/wp\/v2\/media\/117388"}],"wp:attachment":[{"href":"https:\/\/diariolanoticia.com.mx\/index.php?rest_route=%2Fwp%2Fv2%2Fmedia&parent=117387"}],"wp:term":[{"taxonomy":"category","embeddable":true,"href":"https:\/\/diariolanoticia.com.mx\/index.php?rest_route=%2Fwp%2Fv2%2Fcategories&post=117387"},{"taxonomy":"post_tag","embeddable":true,"href":"https:\/\/diariolanoticia.com.mx\/index.php?rest_route=%2Fwp%2Fv2%2Ftags&post=117387"}],"curies":[{"name":"wp","href":"https:\/\/api.w.org\/{rel}","templated":true}]}}