{"id":117390,"date":"2023-11-26T15:17:00","date_gmt":"2023-11-26T21:17:00","guid":{"rendered":"https:\/\/diariolanoticia.com.mx\/?p=117390"},"modified":"2023-11-27T15:17:06","modified_gmt":"2023-11-27T21:17:06","slug":"la-coordinacion-de-desarrollo-economico-de-huamantla-y-la-empresa-diprolam-invitan-al-reclutamiento-de-plazas-vacantes","status":"publish","type":"post","link":"https:\/\/diariolanoticia.com.mx\/?p=117390","title":{"rendered":"LA COORDINACI\u00d3N DE DESARROLLO ECON\u00d3MICO DE HUAMANTLA Y LA EMPRESA DIPROLAM INVITAN AL RECLUTAMIENTO DE PLAZAS VACANTES"},"content":{"rendered":"\n<p>El H. Ayuntamiento de Huamantla, que preside Salvador Santos Cedillo, en coordinaci\u00f3n con la empresa Diprolam, invita a hombres y mujeres mayores de 18 a\u00f1os a participar en el proceso de reclutamiento de las plazas vacantes de t\u00e9cnico electromec\u00e1nico, especialista de incendios, especialista en gr\u00faas, oficial de acabados y oficial de plomero.<\/p>\n\n\n\n<p>La coordinadora de Desarrollo Econ\u00f3mico, Amada Acoltzi, dio a conocer que para participar los interesados deber\u00e1n acudir a las oficinas de la Coordinaci\u00f3n de Desarrollo Econ\u00f3mico y Comercio de Huamantla, ubicadas en bulevar Cuamanco esquina con Reforma S\/N, este martes 28 de noviembre de 09:00 a 14:30 horas, para sus respectivas entrevistas.<\/p>\n\n\n\n<p>La funcionaria municipal mencion\u00f3 que la finalidad de acercar oportunidades laborales a las y los huamantlecos es para apoyarles en su econom\u00eda al no gastar en pasajes y aprovechar mejor su tiempo; al tiempo de fomentar la generaci\u00f3n de empleo, mejorando los ingresos y contribuyendo al bienestar de las familias.<\/p>\n\n\n\n<p>De esta manera las autoridades municipales impulsan la calidad de mano de obra local y ratifican el compromiso de trabajar en conjunto con las empresas para generar oportunidades de desarrollo para el municipio.<\/p>\n","protected":false},"excerpt":{"rendered":"<p>El H. Ayuntamiento de Huamantla, que preside Salvador Santos Cedillo, en coordinaci\u00f3n con la empresa Diprolam, invita a hombres y mujeres mayores de 18 a\u00f1os a participar en el proceso de reclutamiento de las plazas vacantes de t\u00e9cnico electromec\u00e1nico, especialista de incendios, especialista en gr\u00faas, oficial de acabados y oficial de plomero. La coordinadora de [&hellip;]<\/p>\n","protected":false},"author":1,"featured_media":117391,"comment_status":"open","ping_status":"open","sticky":false,"template":"","format":"standard","meta":{"footnotes":""},"categories":[219],"tags":[],"class_list":["post-117390","post","type-post","status-publish","format-standard","has-post-thumbnail","hentry","category-huamantla"],"blog_post_layout_featured_media_urls":{"thumbnail":["https:\/\/diariolanoticia.com.mx\/wp-content\/uploads\/2023\/11\/26112023_ReclutamientoDiprolam-216x160.jpg",216,160,true],"full":["https:\/\/diariolanoticia.com.mx\/wp-content\/uploads\/2023\/11\/26112023_ReclutamientoDiprolam.jpg",1280,853,false]},"categories_names":{"219":{"name":"Huamantla","link":"https:\/\/diariolanoticia.com.mx\/?cat=219"}},"tags_names":[],"comments_number":"0","wpmagazine_modules_lite_featured_media_urls":{"thumbnail":["https:\/\/diariolanoticia.com.mx\/wp-content\/uploads\/2023\/11\/26112023_ReclutamientoDiprolam-216x160.jpg",216,160,true],"cvmm-medium":["https:\/\/diariolanoticia.com.mx\/wp-content\/uploads\/2023\/11\/26112023_ReclutamientoDiprolam-300x300.jpg",300,300,true],"cvmm-medium-plus":["https:\/\/diariolanoticia.com.mx\/wp-content\/uploads\/2023\/11\/26112023_ReclutamientoDiprolam-305x207.jpg",305,207,true],"cvmm-portrait":["https:\/\/diariolanoticia.com.mx\/wp-content\/uploads\/2023\/11\/26112023_ReclutamientoDiprolam-400x600.jpg",400,600,true],"cvmm-medium-square":["https:\/\/diariolanoticia.com.mx\/wp-content\/uploads\/2023\/11\/26112023_ReclutamientoDiprolam-600x600.jpg",600,600,true],"cvmm-large":["https:\/\/diariolanoticia.com.mx\/wp-content\/uploads\/2023\/11\/26112023_ReclutamientoDiprolam-1024x853.jpg",1024,853,true],"cvmm-small":["https:\/\/diariolanoticia.com.mx\/wp-content\/uploads\/2023\/11\/26112023_ReclutamientoDiprolam-130x95.jpg",130,95,true],"full":["https:\/\/diariolanoticia.com.mx\/wp-content\/uploads\/2023\/11\/26112023_ReclutamientoDiprolam.jpg",1280,853,false]},"_links":{"self":[{"href":"https:\/\/diariolanoticia.com.mx\/index.php?rest_route=\/wp\/v2\/posts\/117390","targetHints":{"allow":["GET"]}}],"collection":[{"href":"https:\/\/diariolanoticia.com.mx\/index.php?rest_route=\/wp\/v2\/posts"}],"about":[{"href":"https:\/\/diariolanoticia.com.mx\/index.php?rest_route=\/wp\/v2\/types\/post"}],"author":[{"embeddable":true,"href":"https:\/\/diariolanoticia.com.mx\/index.php?rest_route=\/wp\/v2\/users\/1"}],"replies":[{"embeddable":true,"href":"https:\/\/diariolanoticia.com.mx\/index.php?rest_route=%2Fwp%2Fv2%2Fcomments&post=117390"}],"version-history":[{"count":1,"href":"https:\/\/diariolanoticia.com.mx\/index.php?rest_route=\/wp\/v2\/posts\/117390\/revisions"}],"predecessor-version":[{"id":117392,"href":"https:\/\/diariolanoticia.com.mx\/index.php?rest_route=\/wp\/v2\/posts\/117390\/revisions\/117392"}],"wp:featuredmedia":[{"embeddable":true,"href":"https:\/\/diariolanoticia.com.mx\/index.php?rest_route=\/wp\/v2\/media\/117391"}],"wp:attachment":[{"href":"https:\/\/diariolanoticia.com.mx\/index.php?rest_route=%2Fwp%2Fv2%2Fmedia&parent=117390"}],"wp:term":[{"taxonomy":"category","embeddable":true,"href":"https:\/\/diariolanoticia.com.mx\/index.php?rest_route=%2Fwp%2Fv2%2Fcategories&post=117390"},{"taxonomy":"post_tag","embeddable":true,"href":"https:\/\/diariolanoticia.com.mx\/index.php?rest_route=%2Fwp%2Fv2%2Ftags&post=117390"}],"curies":[{"name":"wp","href":"https:\/\/api.w.org\/{rel}","templated":true}]}}