{"id":117574,"date":"2023-11-29T15:34:43","date_gmt":"2023-11-29T21:34:43","guid":{"rendered":"https:\/\/diariolanoticia.com.mx\/?p=117574"},"modified":"2023-11-29T15:34:44","modified_gmt":"2023-11-29T21:34:44","slug":"acuerdan-uatx-y-sepe-labor-conjunta-para-educacion-preescolar-inclusiva","status":"publish","type":"post","link":"https:\/\/diariolanoticia.com.mx\/?p=117574","title":{"rendered":"Acuerdan UATx y SEPE labor conjunta para educaci\u00f3n preescolar inclusiva"},"content":{"rendered":"\n<p>Con el objetivo de contribuir a la atenci\u00f3n de los ni\u00f1os en edad preescolar con necesidades especiales, la Universidad Aut\u00f3noma de Tlaxcala (UATx), a trav\u00e9s de la Facultad de Ciencias para el Desarrollo Humano, firm\u00f3 un convenio de colaboraci\u00f3n con la Secretar\u00eda de Educaci\u00f3n P\u00fablica del Estado (SEP), para favorecer pr\u00e1cticas educativas inclusivas con docentes, alumnos y padres de familia.<\/p>\n\n\n\n<p>En su intervenci\u00f3n, el Doctor Alfredo Ad\u00e1n Pimentel, Secretario de Investigaci\u00f3n Cient\u00edfica y Posgrado, en representaci\u00f3n del Doctor Seraf\u00edn Ortiz Ortiz, Rector de la UATx,&nbsp; mencion\u00f3 que,&nbsp;esta Universidad est\u00e1 impulsando el humanismo integrador contempor\u00e1neo, el cual coloca al centro la cultura de los derechos humanos, los valores y la dignidad de la persona humana, de ah\u00ed que, este convenio es de vital importancia porque los infantes en edad preescolar, con capacidades diferentes y sobresalientes necesitan una atenci\u00f3n especial, con preparaci\u00f3n integral.<\/p>\n\n\n\n<p>Con este documento, asegur\u00f3, se desarrollar\u00e1n actividades que permitan a los docentes que se desempe\u00f1an en este nivel tener la sensibilidad para atender a un ni\u00f1o que requiere una ense\u00f1anza especial para prepararlos para su futuro, por lo que reconoci\u00f3 el trabajo que se est\u00e1 realizando en la UATx para implementar estrategias que favorezcan a los involucrados en educaci\u00f3n inicial y ahora en materia de educaci\u00f3n especial.<\/p>\n\n\n\n<p>Por su parte, el Doctor Homero Meneses Hern\u00e1ndez, Secretario de Educaci\u00f3n P\u00fablica en el Estado, precis\u00f3 que, con estas colaboraciones estamos avanzando para dar atenci\u00f3n a este sector de la poblaci\u00f3n y este v\u00ednculo acad\u00e9mico es el mejor camino para la construcci\u00f3n de una pol\u00edtica p\u00fablica en materia de educaci\u00f3n.<\/p>\n\n\n\n<p>Agreg\u00f3 que se ha tenido un acercamiento inmediato permitiendo el restablecimiento de la Comisi\u00f3n Estatal de la Planeaci\u00f3n de la Educaci\u00f3n Superior y gracias a ello, se ha logrado una mejor coordinaci\u00f3n y colaboraci\u00f3n entre la universidad y el estado.<\/p>\n\n\n\n<p>En su intervenci\u00f3n, el Doctor Josu\u00e9 Camacho Candia, Director de la Facultad, expres\u00f3 su benepl\u00e1cito por la firma de este acuerdo, ya que se cumple con el prop\u00f3sito de afrontar las exigencias y cambios sociales que vivimos actualmente, por ello, con esta alianza se tendr\u00e1n las herramientas pedag\u00f3gicas para poder favorecer los aprendizajes que les garanticen el \u00e9xito educativo, en particular con los ni\u00f1os con alteraciones del neurodesarrollo.<\/p>\n\n\n\n<p>Este evento, cont\u00f3 con la presencia de la Maestra Rosa Sampedro Reyes, Directora de Educaci\u00f3n B\u00e1sica; de la Licenciada Mar\u00eda del Rosario Ruiz Barba, Jefa del Departamento de Educaci\u00f3n Preescolar; as\u00ed como de la estructura directiva de la de la SEPE-USET y de la UATx.<\/p>\n","protected":false},"excerpt":{"rendered":"<p>Con el objetivo de contribuir a la atenci\u00f3n de los ni\u00f1os en edad preescolar con necesidades especiales, la Universidad Aut\u00f3noma de Tlaxcala (UATx), a trav\u00e9s de la Facultad de Ciencias para el Desarrollo Humano, firm\u00f3 un convenio de colaboraci\u00f3n con la Secretar\u00eda de Educaci\u00f3n P\u00fablica del Estado (SEP), para favorecer pr\u00e1cticas educativas inclusivas con docentes, [&hellip;]<\/p>\n","protected":false},"author":1,"featured_media":117575,"comment_status":"open","ping_status":"open","sticky":false,"template":"","format":"standard","meta":{"footnotes":""},"categories":[10],"tags":[],"class_list":["post-117574","post","type-post","status-publish","format-standard","has-post-thumbnail","hentry","category-educacion"],"blog_post_layout_featured_media_urls":{"thumbnail":["https:\/\/diariolanoticia.com.mx\/wp-content\/uploads\/2023\/11\/29-Acuerdan-UATx-y-SEPE-labor-conjunta-para-educacion-preescolar-inclusiva-216x160.jpg",216,160,true],"full":["https:\/\/diariolanoticia.com.mx\/wp-content\/uploads\/2023\/11\/29-Acuerdan-UATx-y-SEPE-labor-conjunta-para-educacion-preescolar-inclusiva.jpg",1900,1274,false]},"categories_names":{"10":{"name":"Educaci\u00f3n","link":"https:\/\/diariolanoticia.com.mx\/?cat=10"}},"tags_names":[],"comments_number":"0","wpmagazine_modules_lite_featured_media_urls":{"thumbnail":["https:\/\/diariolanoticia.com.mx\/wp-content\/uploads\/2023\/11\/29-Acuerdan-UATx-y-SEPE-labor-conjunta-para-educacion-preescolar-inclusiva-216x160.jpg",216,160,true],"cvmm-medium":["https:\/\/diariolanoticia.com.mx\/wp-content\/uploads\/2023\/11\/29-Acuerdan-UATx-y-SEPE-labor-conjunta-para-educacion-preescolar-inclusiva-300x300.jpg",300,300,true],"cvmm-medium-plus":["https:\/\/diariolanoticia.com.mx\/wp-content\/uploads\/2023\/11\/29-Acuerdan-UATx-y-SEPE-labor-conjunta-para-educacion-preescolar-inclusiva-305x207.jpg",305,207,true],"cvmm-portrait":["https:\/\/diariolanoticia.com.mx\/wp-content\/uploads\/2023\/11\/29-Acuerdan-UATx-y-SEPE-labor-conjunta-para-educacion-preescolar-inclusiva-400x600.jpg",400,600,true],"cvmm-medium-square":["https:\/\/diariolanoticia.com.mx\/wp-content\/uploads\/2023\/11\/29-Acuerdan-UATx-y-SEPE-labor-conjunta-para-educacion-preescolar-inclusiva-600x600.jpg",600,600,true],"cvmm-large":["https:\/\/diariolanoticia.com.mx\/wp-content\/uploads\/2023\/11\/29-Acuerdan-UATx-y-SEPE-labor-conjunta-para-educacion-preescolar-inclusiva-1024x1024.jpg",1024,1024,true],"cvmm-small":["https:\/\/diariolanoticia.com.mx\/wp-content\/uploads\/2023\/11\/29-Acuerdan-UATx-y-SEPE-labor-conjunta-para-educacion-preescolar-inclusiva-130x95.jpg",130,95,true],"full":["https:\/\/diariolanoticia.com.mx\/wp-content\/uploads\/2023\/11\/29-Acuerdan-UATx-y-SEPE-labor-conjunta-para-educacion-preescolar-inclusiva.jpg",1900,1274,false]},"_links":{"self":[{"href":"https:\/\/diariolanoticia.com.mx\/index.php?rest_route=\/wp\/v2\/posts\/117574","targetHints":{"allow":["GET"]}}],"collection":[{"href":"https:\/\/diariolanoticia.com.mx\/index.php?rest_route=\/wp\/v2\/posts"}],"about":[{"href":"https:\/\/diariolanoticia.com.mx\/index.php?rest_route=\/wp\/v2\/types\/post"}],"author":[{"embeddable":true,"href":"https:\/\/diariolanoticia.com.mx\/index.php?rest_route=\/wp\/v2\/users\/1"}],"replies":[{"embeddable":true,"href":"https:\/\/diariolanoticia.com.mx\/index.php?rest_route=%2Fwp%2Fv2%2Fcomments&post=117574"}],"version-history":[{"count":1,"href":"https:\/\/diariolanoticia.com.mx\/index.php?rest_route=\/wp\/v2\/posts\/117574\/revisions"}],"predecessor-version":[{"id":117576,"href":"https:\/\/diariolanoticia.com.mx\/index.php?rest_route=\/wp\/v2\/posts\/117574\/revisions\/117576"}],"wp:featuredmedia":[{"embeddable":true,"href":"https:\/\/diariolanoticia.com.mx\/index.php?rest_route=\/wp\/v2\/media\/117575"}],"wp:attachment":[{"href":"https:\/\/diariolanoticia.com.mx\/index.php?rest_route=%2Fwp%2Fv2%2Fmedia&parent=117574"}],"wp:term":[{"taxonomy":"category","embeddable":true,"href":"https:\/\/diariolanoticia.com.mx\/index.php?rest_route=%2Fwp%2Fv2%2Fcategories&post=117574"},{"taxonomy":"post_tag","embeddable":true,"href":"https:\/\/diariolanoticia.com.mx\/index.php?rest_route=%2Fwp%2Fv2%2Ftags&post=117574"}],"curies":[{"name":"wp","href":"https:\/\/api.w.org\/{rel}","templated":true}]}}