{"id":117661,"date":"2023-11-30T09:19:01","date_gmt":"2023-11-30T15:19:01","guid":{"rendered":"https:\/\/diariolanoticia.com.mx\/?p=117661"},"modified":"2023-12-01T09:19:15","modified_gmt":"2023-12-01T15:19:15","slug":"oxxo-grupo-modelo-y-didi-se-alian-para-promover-un-consumo-responsable-de-alcohol","status":"publish","type":"post","link":"https:\/\/diariolanoticia.com.mx\/?p=117661","title":{"rendered":"OXXO, Grupo Modelo y DiDi se al\u00edan para promover un consumo responsable de alcohol"},"content":{"rendered":"\n<ul class=\"wp-block-list\"><li>OXXO, junto a Grupo Modelo, perteneciente a la compa\u00f1\u00eda cervecera global AB InBev, y a DiDi Food se suma a una iniciativa internacional para reducir el consumo nocivo de alcohol.<\/li><li>A trav\u00e9s de la \u201cCoalici\u00f3n de Est\u00e1ndares Globales\u201d, las tres compa\u00f1\u00edas invitan a promover el consumo responsable entre la poblaci\u00f3n.<\/li><li>OXXO es la primera cadena de tienda de conveniencia en M\u00e9xico en unirse a esta iniciativa.<\/li><\/ul>\n\n\n\n<p>OXXO, a trav\u00e9s de sus m\u00e1s de 21 mil tiendas en todo el pa\u00eds, Grupo Modelo, a trav\u00e9s de sus puntos de venta Modelorama y TaDa, y DiDi, plataforma tecnol\u00f3gica l\u00edder en soluciones de movilidad y que facilita la solicitud y entrega de pedidos, se suman a la \u201cCoalici\u00f3n de Est\u00e1ndares Globales\u201d, impulsada por la Alianza Internacional para el Consumo Responsable (IARD, por sus siglas en ingl\u00e9s), con el objetivo de promover un consumo m\u00e1s responsable de bebidas alcoh\u00f3licas entre sus usuarios.<\/p>\n\n\n\n<p>OXXO, Grupo Modelo y DiDi, se\u00f1alan que esta contribuci\u00f3n, desde la digitalizaci\u00f3n y el sector privado, puede aportar a la difusi\u00f3n de un mensaje de responsabilidad en el consumo y en la prevenci\u00f3n de la compra-venta de alcohol a menores de edad, mediante una contribuci\u00f3n positiva, desde las plataformas que facilitan el food delivery y los puntos de venta, cuyo objetivo es ayudar a reducir el uso nocivo del alcohol a nivel local, nacional e internacional.<\/p>\n\n\n\n<p>\u00abEl sector privado tiene la responsabilidad de concientizar a nuestros consumidores de c\u00f3mo hacer elecciones para un consumo responsable. Al unirnos a esta coalici\u00f3n, ponemos a disposici\u00f3n nuestras m\u00e1s de 21 mil tiendas en todo el pa\u00eds para expandir este mensaje positivo sobre responsabilidad y buenas pr\u00e1cticas, es un orgullo para OXXO ser la primera cadena de tienda de conveniencia en M\u00e9xico en unirse a esta iniciativa\u201d, indic\u00f3 Teresa de la Garza, Directora de Asuntos Corporativos y Sostenibilidad de FEMSA Proximidad.<\/p>\n\n\n\n<p>Como miembros, OXXO, Grupo Modelo y DiDi formar\u00e1n parte de una alianza global en r\u00e1pido crecimiento, donde se compartir\u00e1n pensamientos pioneros, aprendizajes, ideas y mejores pr\u00e1cticas para acelerar acciones conjuntas destinadas a la promoci\u00f3n del consumo responsable de alcohol.<\/p>\n\n\n\n<p>\u00abEn Grupo Modelo creemos que el consumo responsable es fundamental para concientizar a los consumidores y las consumidoras a trav\u00e9s de informaci\u00f3n espec\u00edfica y actualizada sobre el alcohol y la salud. Nos unimos a la Coalici\u00f3n de Est\u00e1ndares Globales para reforzar nuestro compromiso nacional y global que prioriza la moderaci\u00f3n y la responsabilidad individual\u201d, dijo Ana Rangel, Gerente de Responsabilidad Social, Grupo Modelo.<\/p>\n\n\n\n<p>\u00abPara DiDi es prioritario usar los canales de la plataforma para compartir mensajes de responsabilidad social en todas las comunidades. Nos sumamos a la coalici\u00f3n con el objetivo de difundir pr\u00e1cticas de consumo responsable, aprovechando la tecnolog\u00eda para hacer llegar informaci\u00f3n relevante para todos los usuarios de la plataforma\u201d, coment\u00f3 Tonatiuh Anzures, Director de Asuntos Gubernamentales de DiDi M\u00e9xico.&nbsp;&nbsp;&nbsp;&nbsp;<\/p>\n\n\n\n<p>La IARD es una organizaci\u00f3n sin fines de lucro dedicada a reducir el consumo nocivo de alcohol y promover la comprensi\u00f3n del consumo responsable. Con el respaldo de los principales productores globales de cerveza, vino y licores, la IARD trabaja en colaboraci\u00f3n con m\u00e1s de 80 organizaciones mundiales de los sectores p\u00fablico, civil y privado.<\/p>\n\n\n\n<p>La Coalici\u00f3n de Est\u00e1ndares Globales re\u00fane a l\u00edderes de diversos sectores con el objetivo de compartir est\u00e1ndares y demostrar que existen pr\u00e1cticas responsables en toda la cadena de valor. Esta colaboraci\u00f3n invita a otros sectores a tomar medidas concretas para evitar el consumo excesivo y eliminar la venta de alcohol a menores.<\/p>\n","protected":false},"excerpt":{"rendered":"<p>OXXO, junto a Grupo Modelo, perteneciente a la compa\u00f1\u00eda cervecera global AB InBev, y a DiDi Food se suma a una iniciativa internacional para reducir el consumo nocivo de alcohol. A trav\u00e9s de la \u201cCoalici\u00f3n de Est\u00e1ndares Globales\u201d, las tres compa\u00f1\u00edas invitan a promover el consumo responsable entre la poblaci\u00f3n. OXXO es la primera cadena [&hellip;]<\/p>\n","protected":false},"author":1,"featured_media":117662,"comment_status":"open","ping_status":"open","sticky":false,"template":"","format":"standard","meta":{"footnotes":""},"categories":[21],"tags":[],"class_list":["post-117661","post","type-post","status-publish","format-standard","has-post-thumbnail","hentry","category-estatal"],"blog_post_layout_featured_media_urls":{"thumbnail":["https:\/\/diariolanoticia.com.mx\/wp-content\/uploads\/2023\/12\/2m4a0908-0282773334664653-216x160.jpg",216,160,true],"full":["https:\/\/diariolanoticia.com.mx\/wp-content\/uploads\/2023\/12\/2m4a0908-0282773334664653.jpg",1800,1200,false]},"categories_names":{"21":{"name":"Estatal","link":"https:\/\/diariolanoticia.com.mx\/?cat=21"}},"tags_names":[],"comments_number":"0","wpmagazine_modules_lite_featured_media_urls":{"thumbnail":["https:\/\/diariolanoticia.com.mx\/wp-content\/uploads\/2023\/12\/2m4a0908-0282773334664653-216x160.jpg",216,160,true],"cvmm-medium":["https:\/\/diariolanoticia.com.mx\/wp-content\/uploads\/2023\/12\/2m4a0908-0282773334664653-300x300.jpg",300,300,true],"cvmm-medium-plus":["https:\/\/diariolanoticia.com.mx\/wp-content\/uploads\/2023\/12\/2m4a0908-0282773334664653-305x207.jpg",305,207,true],"cvmm-portrait":["https:\/\/diariolanoticia.com.mx\/wp-content\/uploads\/2023\/12\/2m4a0908-0282773334664653-400x600.jpg",400,600,true],"cvmm-medium-square":["https:\/\/diariolanoticia.com.mx\/wp-content\/uploads\/2023\/12\/2m4a0908-0282773334664653-600x600.jpg",600,600,true],"cvmm-large":["https:\/\/diariolanoticia.com.mx\/wp-content\/uploads\/2023\/12\/2m4a0908-0282773334664653-1024x1024.jpg",1024,1024,true],"cvmm-small":["https:\/\/diariolanoticia.com.mx\/wp-content\/uploads\/2023\/12\/2m4a0908-0282773334664653-130x95.jpg",130,95,true],"full":["https:\/\/diariolanoticia.com.mx\/wp-content\/uploads\/2023\/12\/2m4a0908-0282773334664653.jpg",1800,1200,false]},"_links":{"self":[{"href":"https:\/\/diariolanoticia.com.mx\/index.php?rest_route=\/wp\/v2\/posts\/117661","targetHints":{"allow":["GET"]}}],"collection":[{"href":"https:\/\/diariolanoticia.com.mx\/index.php?rest_route=\/wp\/v2\/posts"}],"about":[{"href":"https:\/\/diariolanoticia.com.mx\/index.php?rest_route=\/wp\/v2\/types\/post"}],"author":[{"embeddable":true,"href":"https:\/\/diariolanoticia.com.mx\/index.php?rest_route=\/wp\/v2\/users\/1"}],"replies":[{"embeddable":true,"href":"https:\/\/diariolanoticia.com.mx\/index.php?rest_route=%2Fwp%2Fv2%2Fcomments&post=117661"}],"version-history":[{"count":1,"href":"https:\/\/diariolanoticia.com.mx\/index.php?rest_route=\/wp\/v2\/posts\/117661\/revisions"}],"predecessor-version":[{"id":117663,"href":"https:\/\/diariolanoticia.com.mx\/index.php?rest_route=\/wp\/v2\/posts\/117661\/revisions\/117663"}],"wp:featuredmedia":[{"embeddable":true,"href":"https:\/\/diariolanoticia.com.mx\/index.php?rest_route=\/wp\/v2\/media\/117662"}],"wp:attachment":[{"href":"https:\/\/diariolanoticia.com.mx\/index.php?rest_route=%2Fwp%2Fv2%2Fmedia&parent=117661"}],"wp:term":[{"taxonomy":"category","embeddable":true,"href":"https:\/\/diariolanoticia.com.mx\/index.php?rest_route=%2Fwp%2Fv2%2Fcategories&post=117661"},{"taxonomy":"post_tag","embeddable":true,"href":"https:\/\/diariolanoticia.com.mx\/index.php?rest_route=%2Fwp%2Fv2%2Ftags&post=117661"}],"curies":[{"name":"wp","href":"https:\/\/api.w.org\/{rel}","templated":true}]}}