{"id":117774,"date":"2023-12-05T14:01:08","date_gmt":"2023-12-05T20:01:08","guid":{"rendered":"https:\/\/diariolanoticia.com.mx\/?p=117774"},"modified":"2023-12-05T14:01:08","modified_gmt":"2023-12-05T20:01:08","slug":"develaron-autoridades-escultura-equilibrio-de-amador-montes","status":"publish","type":"post","link":"https:\/\/diariolanoticia.com.mx\/?p=117774","title":{"rendered":"DEVELARON AUTORIDADES ESCULTURA \u201cEQUILIBRIO\u201d DE AMADOR MONTES"},"content":{"rendered":"\n<p>*El arte es un m\u00e9todo para influir en la seguridad y prevenci\u00f3n del delito, afirma gobernadora<\/p>\n\n\n\n<p>La gobernadora de Tlaxcala, Lorena Cu\u00e9llar Cisneros, devel\u00f3 la escultura \u201cEquilibrio\u201d del artista Amador Montes, en las instalaciones del Centro de Control, Comando, Comunicaciones, C\u00f3mputo, Coordinaci\u00f3n e Inteligencia (C5i), como parte de las acciones para conjuntar el arte con la seguridad y prevenci\u00f3n del delito.<\/p>\n\n\n\n<p>En su mensaje, afirm\u00f3 que el arte es un m\u00e9todo de influir en la seguridad y acciones de prevenci\u00f3n del delito, adem\u00e1s de embellecer el entorno laboral y hacer m\u00e1s ameno el ambiente que se vive d\u00eda a d\u00eda dentro de las instalaciones dedicadas a salvaguardar a los tlaxcaltecas.<\/p>\n\n\n\n<p>Cu\u00e9llar Cisneros refiri\u00f3: \u201cMe da mucho gusto que se sigan incorporando piezas art\u00edsticas en el C5i, desde donde cuidamos y brindamos protecci\u00f3n a las familias tlaxcaltecas por lo que es necesario mantener siempre esa conexi\u00f3n con lo emocional, lo sensible que aporta el arte para desarrollar en los elementos una mayor sensibilidad y empat\u00eda\u201d.<\/p>\n\n\n\n<p>Acompa\u00f1ada de los integrantes de la Mesa Estatal para la Construcci\u00f3n de la Paz, la mandataria estatal asegur\u00f3 que se le dar\u00e1 la importancia debida a la obra de arte y lo que ello implica, pues es importante tener equilibrio en el trabajo, familia y en cada momento de la vida.<\/p>\n\n\n\n<p>Agreg\u00f3 que -incluso- las obras de arte pueden tener un impacto positivo en el aspecto emocional de las y los ciudadanos, adem\u00e1s de mejorar la percepci\u00f3n de la comunidad y disuadir comportamientos delictivos.<\/p>\n\n\n\n<p>Por ello, fue donada dicha obra al complejo del C5i, elaborada por el autor Amador Montes, cuyas obras han sido expuestas no solo en M\u00e9xico, sino tambi\u00e9n en Inglaterra, Espa\u00f1a, Estados Unidos, Corea y los Emiratos \u00c1rabes, entre otros pa\u00edses.<\/p>\n\n\n\n<p>Durante su intervenci\u00f3n, el titular de la Comisi\u00f3n Ejecutiva del Sistema Estatal de Seguridad P\u00fablica (Cesesp), Maximino Hern\u00e1ndez Pulido, respald\u00f3 que las artes son expresiones art\u00edsticas, las cuales pueden abordar temas sociales, al incluir las causas y consecuencias del crimen.<\/p>\n\n\n\n<p>\u201cUna obra de esta naturaleza, que evoca el equilibrio y alineaci\u00f3n entre las instituciones que participan como coadyuvantes en las tareas de seguridad, pueden un medio muy poderoso para aumentar la conciencia y promover la reflexi\u00f3n, sobre cuestiones que contribuyan a erradicar el delito\u201d, expres\u00f3.<\/p>\n\n\n\n<p>Por \u00faltimo, el artista Amador Montes explic\u00f3 su escultura: \u201cSi la ven, son una serie de sillas apuntaladas cada uno en el apoyo exacto para lograr el equilibrio y al final hay un p\u00e1jaro, ahorita ya lo ver\u00e1n sin la tela, pero hay un p\u00e1jaro muy tranquilo posado sobre estas sillas; a manera de con la confianza de que no se va a caer.\u201d<\/p>\n\n\n\n<p>El escultor fue nombrado en el 2018 entre los 100 mexicanos m\u00e1s creativos en el mundo por la revista Forbes, su obra forma parte del acervo de la Organizaci\u00f3n de las Naciones Unidas en su sede en Nueva York, adem\u00e1s la recopilaci\u00f3n de su trayectoria se ve plasmada en libros.<\/p>\n","protected":false},"excerpt":{"rendered":"<p>*El arte es un m\u00e9todo para influir en la seguridad y prevenci\u00f3n del delito, afirma gobernadora La gobernadora de Tlaxcala, Lorena Cu\u00e9llar Cisneros, devel\u00f3 la escultura \u201cEquilibrio\u201d del artista Amador Montes, en las instalaciones del Centro de Control, Comando, Comunicaciones, C\u00f3mputo, Coordinaci\u00f3n e Inteligencia (C5i), como parte de las acciones para conjuntar el arte con [&hellip;]<\/p>\n","protected":false},"author":1,"featured_media":117775,"comment_status":"open","ping_status":"open","sticky":false,"template":"","format":"standard","meta":{"footnotes":""},"categories":[21],"tags":[],"class_list":["post-117774","post","type-post","status-publish","format-standard","has-post-thumbnail","hentry","category-estatal"],"blog_post_layout_featured_media_urls":{"thumbnail":["https:\/\/diariolanoticia.com.mx\/wp-content\/uploads\/2023\/12\/WhatsApp-Image-2023-12-05-at-11.20.47-216x160.jpeg",216,160,true],"full":["https:\/\/diariolanoticia.com.mx\/wp-content\/uploads\/2023\/12\/WhatsApp-Image-2023-12-05-at-11.20.47.jpeg",1024,683,false]},"categories_names":{"21":{"name":"Estatal","link":"https:\/\/diariolanoticia.com.mx\/?cat=21"}},"tags_names":[],"comments_number":"0","wpmagazine_modules_lite_featured_media_urls":{"thumbnail":["https:\/\/diariolanoticia.com.mx\/wp-content\/uploads\/2023\/12\/WhatsApp-Image-2023-12-05-at-11.20.47-216x160.jpeg",216,160,true],"cvmm-medium":["https:\/\/diariolanoticia.com.mx\/wp-content\/uploads\/2023\/12\/WhatsApp-Image-2023-12-05-at-11.20.47-300x300.jpeg",300,300,true],"cvmm-medium-plus":["https:\/\/diariolanoticia.com.mx\/wp-content\/uploads\/2023\/12\/WhatsApp-Image-2023-12-05-at-11.20.47-305x207.jpeg",305,207,true],"cvmm-portrait":["https:\/\/diariolanoticia.com.mx\/wp-content\/uploads\/2023\/12\/WhatsApp-Image-2023-12-05-at-11.20.47-400x600.jpeg",400,600,true],"cvmm-medium-square":["https:\/\/diariolanoticia.com.mx\/wp-content\/uploads\/2023\/12\/WhatsApp-Image-2023-12-05-at-11.20.47-600x600.jpeg",600,600,true],"cvmm-large":["https:\/\/diariolanoticia.com.mx\/wp-content\/uploads\/2023\/12\/WhatsApp-Image-2023-12-05-at-11.20.47.jpeg",1024,683,false],"cvmm-small":["https:\/\/diariolanoticia.com.mx\/wp-content\/uploads\/2023\/12\/WhatsApp-Image-2023-12-05-at-11.20.47-130x95.jpeg",130,95,true],"full":["https:\/\/diariolanoticia.com.mx\/wp-content\/uploads\/2023\/12\/WhatsApp-Image-2023-12-05-at-11.20.47.jpeg",1024,683,false]},"_links":{"self":[{"href":"https:\/\/diariolanoticia.com.mx\/index.php?rest_route=\/wp\/v2\/posts\/117774","targetHints":{"allow":["GET"]}}],"collection":[{"href":"https:\/\/diariolanoticia.com.mx\/index.php?rest_route=\/wp\/v2\/posts"}],"about":[{"href":"https:\/\/diariolanoticia.com.mx\/index.php?rest_route=\/wp\/v2\/types\/post"}],"author":[{"embeddable":true,"href":"https:\/\/diariolanoticia.com.mx\/index.php?rest_route=\/wp\/v2\/users\/1"}],"replies":[{"embeddable":true,"href":"https:\/\/diariolanoticia.com.mx\/index.php?rest_route=%2Fwp%2Fv2%2Fcomments&post=117774"}],"version-history":[{"count":1,"href":"https:\/\/diariolanoticia.com.mx\/index.php?rest_route=\/wp\/v2\/posts\/117774\/revisions"}],"predecessor-version":[{"id":117776,"href":"https:\/\/diariolanoticia.com.mx\/index.php?rest_route=\/wp\/v2\/posts\/117774\/revisions\/117776"}],"wp:featuredmedia":[{"embeddable":true,"href":"https:\/\/diariolanoticia.com.mx\/index.php?rest_route=\/wp\/v2\/media\/117775"}],"wp:attachment":[{"href":"https:\/\/diariolanoticia.com.mx\/index.php?rest_route=%2Fwp%2Fv2%2Fmedia&parent=117774"}],"wp:term":[{"taxonomy":"category","embeddable":true,"href":"https:\/\/diariolanoticia.com.mx\/index.php?rest_route=%2Fwp%2Fv2%2Fcategories&post=117774"},{"taxonomy":"post_tag","embeddable":true,"href":"https:\/\/diariolanoticia.com.mx\/index.php?rest_route=%2Fwp%2Fv2%2Ftags&post=117774"}],"curies":[{"name":"wp","href":"https:\/\/api.w.org\/{rel}","templated":true}]}}