{"id":117783,"date":"2023-12-05T17:24:10","date_gmt":"2023-12-05T23:24:10","guid":{"rendered":"https:\/\/diariolanoticia.com.mx\/?p=117783"},"modified":"2023-12-05T17:24:11","modified_gmt":"2023-12-05T23:24:11","slug":"atestiguo-segob-clausura-de-la-campana-de-canje-de-armas-de-fuego-2023","status":"publish","type":"post","link":"https:\/\/diariolanoticia.com.mx\/?p=117783","title":{"rendered":"ATESTIGU\u00d3 SEGOB CLAUSURA DE LA CAMPA\u00d1A DE CANJE DE ARMAS DE FUEGO 2023"},"content":{"rendered":"\n<p>*Fueron recabadas 167 armas de fuego, 193 cartuchos, ocho cargadores, una granada y 2 mil 59 juguetes b\u00e9licos<\/p>\n\n\n\n<p>En representaci\u00f3n de la titular del Ejecutivo local, Lorena Cu\u00e9llar Cisneros, el titular de la Secretar\u00eda de Gobierno (Segob), Luis Antonio Ram\u00edrez Hern\u00e1ndez, encabez\u00f3 la ceremonia de destrucci\u00f3n de armamento decomisado a disposici\u00f3n de la Secretar\u00eda de la Defensa Nacional (Sedena) y clausura de la campa\u00f1a de canje de armas de fuego 2023.<\/p>\n\n\n\n<p>En la explanada del campo militar de la 23 zona militar en Panotla, el Comandante, Andr\u00e9s Ojeda Ram\u00edrez, reconoci\u00f3 la aportaci\u00f3n del gobierno estatal para fomentar la participaci\u00f3n de la ciudadan\u00eda en las dos campa\u00f1as de canje de armas de fuego, municiones y juguetes b\u00e9licos, al aportar art\u00edculos para el hogar que se intercambiaron en los m\u00f3dulos de canje.<\/p>\n\n\n\n<p>\u201cGracias a esa estrategia se superaron los resultados del a\u00f1o 2022, donde solo se recibieron 153 armas. A trav\u00e9s de dos campa\u00f1as realizadas del 19 de julio al 22 de julio y del 23 de octubre al 18 de noviembre del presente a\u00f1o, se obtuvieron; 167 armas de fuego, 193 cartuchos, ocho cargadores, una granada y 2 mil 59 juguetes b\u00e9licos\u201d.<\/p>\n\n\n\n<p>Asimismo, el comandante de la 23 zona militar, sostuvo que lograr un M\u00e9xico en paz y pr\u00f3spero son dos metas nacionales que traz\u00f3 el gobierno federal en su Plan Nacional de Desarrollo (PND) y que tambi\u00e9n fueron contemplados en materia de seguridad p\u00fablica en el programa sectorial de la Sedena 2018\u20132024 en cuyas acciones destaca la destrucci\u00f3n de armas de fuego.<\/p>\n\n\n\n<p>Ojeda Ram\u00edrez enfatiz\u00f3 que en coordinaci\u00f3n con el gobierno de Tlaxcala y autoridades ministeriales se realizaron acciones para inutilizar armas de fuego.<\/p>\n\n\n\n<p>\u201cCada arma destruida es el resultado del trabajo del personal del C5i de los soldados, polic\u00edas estatales y municipales, ministerios p\u00fablicos y jueces; acciones que contribuyen a generar un mejor ambiente social y familiar\u201d.<\/p>\n\n\n\n<p>Finalmente, refrend\u00f3 su compromiso de fortalecer el estado del derecho, contribuir a la seguridad p\u00fablica y eliminar los riesgos contra la integridad de las personas.<\/p>\n\n\n\n<p>Al t\u00e9rmino del acto protocolario, los elementos de la Sedena procedieron a la destrucci\u00f3n de las armas de fuego y de 2 mil 59 juguetes b\u00e9licos<\/p>\n\n\n\n<p>En la ceremonia estuvieron la titular de la Procuradur\u00eda General de Justicia del Estado (PGJE), Ernestina Carro Rold\u00e1n; el Coordinador estatal de la Guardia Nacional (GN), Alfredo Montiel God\u00ednez; y el Secretario de Seguridad Ciudadana (SSC), Alberto Mart\u00edn Perea Marrufo.<\/p>\n\n\n\n<p>As\u00ed como la presidenta municipal de Panotla, Felicitas V\u00e1squez Islas; el titular de la Comisi\u00f3n Ejecutiva del Sistema Estatal de Seguridad P\u00fablica (Cesesp), Maximino Hern\u00e1ndez Pulido; el representante de la Fiscal\u00eda General de la Rep\u00fablica en Tlaxcala, Rub\u00e9n Flores Luna; y el Comandante del primer regimiento mecanizado de la 23\/a zona militar, Hugo Ariel Oxte Medina, entre otras autoridades.<\/p>\n","protected":false},"excerpt":{"rendered":"<p>*Fueron recabadas 167 armas de fuego, 193 cartuchos, ocho cargadores, una granada y 2 mil 59 juguetes b\u00e9licos En representaci\u00f3n de la titular del Ejecutivo local, Lorena Cu\u00e9llar Cisneros, el titular de la Secretar\u00eda de Gobierno (Segob), Luis Antonio Ram\u00edrez Hern\u00e1ndez, encabez\u00f3 la ceremonia de destrucci\u00f3n de armamento decomisado a disposici\u00f3n de la Secretar\u00eda de [&hellip;]<\/p>\n","protected":false},"author":1,"featured_media":117784,"comment_status":"open","ping_status":"open","sticky":false,"template":"","format":"standard","meta":{"footnotes":""},"categories":[21],"tags":[],"class_list":["post-117783","post","type-post","status-publish","format-standard","has-post-thumbnail","hentry","category-estatal"],"blog_post_layout_featured_media_urls":{"thumbnail":["https:\/\/diariolanoticia.com.mx\/wp-content\/uploads\/2023\/12\/WhatsApp-Image-2023-12-05-at-14.35.37-216x160.jpeg",216,160,true],"full":["https:\/\/diariolanoticia.com.mx\/wp-content\/uploads\/2023\/12\/WhatsApp-Image-2023-12-05-at-14.35.37.jpeg",1024,682,false]},"categories_names":{"21":{"name":"Estatal","link":"https:\/\/diariolanoticia.com.mx\/?cat=21"}},"tags_names":[],"comments_number":"0","wpmagazine_modules_lite_featured_media_urls":{"thumbnail":["https:\/\/diariolanoticia.com.mx\/wp-content\/uploads\/2023\/12\/WhatsApp-Image-2023-12-05-at-14.35.37-216x160.jpeg",216,160,true],"cvmm-medium":["https:\/\/diariolanoticia.com.mx\/wp-content\/uploads\/2023\/12\/WhatsApp-Image-2023-12-05-at-14.35.37-300x300.jpeg",300,300,true],"cvmm-medium-plus":["https:\/\/diariolanoticia.com.mx\/wp-content\/uploads\/2023\/12\/WhatsApp-Image-2023-12-05-at-14.35.37-305x207.jpeg",305,207,true],"cvmm-portrait":["https:\/\/diariolanoticia.com.mx\/wp-content\/uploads\/2023\/12\/WhatsApp-Image-2023-12-05-at-14.35.37-400x600.jpeg",400,600,true],"cvmm-medium-square":["https:\/\/diariolanoticia.com.mx\/wp-content\/uploads\/2023\/12\/WhatsApp-Image-2023-12-05-at-14.35.37-600x600.jpeg",600,600,true],"cvmm-large":["https:\/\/diariolanoticia.com.mx\/wp-content\/uploads\/2023\/12\/WhatsApp-Image-2023-12-05-at-14.35.37.jpeg",1024,682,false],"cvmm-small":["https:\/\/diariolanoticia.com.mx\/wp-content\/uploads\/2023\/12\/WhatsApp-Image-2023-12-05-at-14.35.37-130x95.jpeg",130,95,true],"full":["https:\/\/diariolanoticia.com.mx\/wp-content\/uploads\/2023\/12\/WhatsApp-Image-2023-12-05-at-14.35.37.jpeg",1024,682,false]},"_links":{"self":[{"href":"https:\/\/diariolanoticia.com.mx\/index.php?rest_route=\/wp\/v2\/posts\/117783","targetHints":{"allow":["GET"]}}],"collection":[{"href":"https:\/\/diariolanoticia.com.mx\/index.php?rest_route=\/wp\/v2\/posts"}],"about":[{"href":"https:\/\/diariolanoticia.com.mx\/index.php?rest_route=\/wp\/v2\/types\/post"}],"author":[{"embeddable":true,"href":"https:\/\/diariolanoticia.com.mx\/index.php?rest_route=\/wp\/v2\/users\/1"}],"replies":[{"embeddable":true,"href":"https:\/\/diariolanoticia.com.mx\/index.php?rest_route=%2Fwp%2Fv2%2Fcomments&post=117783"}],"version-history":[{"count":1,"href":"https:\/\/diariolanoticia.com.mx\/index.php?rest_route=\/wp\/v2\/posts\/117783\/revisions"}],"predecessor-version":[{"id":117785,"href":"https:\/\/diariolanoticia.com.mx\/index.php?rest_route=\/wp\/v2\/posts\/117783\/revisions\/117785"}],"wp:featuredmedia":[{"embeddable":true,"href":"https:\/\/diariolanoticia.com.mx\/index.php?rest_route=\/wp\/v2\/media\/117784"}],"wp:attachment":[{"href":"https:\/\/diariolanoticia.com.mx\/index.php?rest_route=%2Fwp%2Fv2%2Fmedia&parent=117783"}],"wp:term":[{"taxonomy":"category","embeddable":true,"href":"https:\/\/diariolanoticia.com.mx\/index.php?rest_route=%2Fwp%2Fv2%2Fcategories&post=117783"},{"taxonomy":"post_tag","embeddable":true,"href":"https:\/\/diariolanoticia.com.mx\/index.php?rest_route=%2Fwp%2Fv2%2Ftags&post=117783"}],"curies":[{"name":"wp","href":"https:\/\/api.w.org\/{rel}","templated":true}]}}