{"id":117883,"date":"2023-12-07T15:09:45","date_gmt":"2023-12-07T21:09:45","guid":{"rendered":"https:\/\/diariolanoticia.com.mx\/?p=117883"},"modified":"2023-12-07T15:14:03","modified_gmt":"2023-12-07T21:14:03","slug":"propone-diputado-fabricio-mena-rodriguez-reformar-la-ley-de-fomento-a-la-actividad-artesanal-local","status":"publish","type":"post","link":"https:\/\/diariolanoticia.com.mx\/?p=117883","title":{"rendered":"Propone diputado Fabricio Mena Rodr\u00edguez reformar la\u00a0Ley de Fomento a la Actividad Artesanal local"},"content":{"rendered":"\n<p>\u00b7&nbsp;&nbsp;&nbsp;<em>Busca armonizar dicha Ley acorde con los nuevos ordenamientos legales en la entidad.<\/em><em>&nbsp;<\/em><\/p>\n\n\n\n<p>Tlaxcala, Tlax., a 07 de diciembre de 2023<\/p>\n\n\n\n<p>Durante la vig\u00e9sima octava sesi\u00f3n ordinaria del Congreso del Estado de Tlaxcala, el diputado Fabricio Mena Rodr\u00edguez, coordinador del grupo parlamentario del Partido Revolucionario Institucional (PRI), present\u00f3 ante el Pleno de esta Soberan\u00eda la iniciativa con proyecto de Decreto por&nbsp;el que se reforman y adicionan diversas disposiciones a la Ley de Fomento a la Actividad Artesanal del Estado de Tlaxcala.<\/p>\n\n\n\n<p>Con esta iniciativa el diputado busca armonizar dicha Ley acorde con los nuevos ordenamientos legales en Tlaxcala, para que exista congruencia y coordinaci\u00f3n al momento de la aplicaci\u00f3n de la Ley, en este caso con la Ley Org\u00e1nica de la Administraci\u00f3n P\u00fablica del Estado de Tlaxcala, la cual fue aprobada mediante Decreto 345 de fecha veinte de agosto de dos mil veintiuno y publicada en el Peri\u00f3dico Oficial del Gobierno del Estado con fecha seis de septiembre de dos mil veintiuno, en la que se sustituy\u00f3 a la Coordinaci\u00f3n General de Ecolog\u00eda por Secretar\u00eda de Medio Ambiente y al Instituto Tlaxcalteca de la Cultura por Secretar\u00eda de Cultura.<\/p>\n\n\n\n<p>De esta manera Fabricio Mena Rodr\u00edguez propone hacer el cambio de denominaci\u00f3n de dichas secretar\u00edas, as\u00ed como del t\u00e9rmino de \u00abSecretar\u00eda de la Funci\u00f3n P\u00fablica del Estado\u00bb en lugar de \u00abContralor\u00eda del Ejecutivo Estatal\u00bb; darle una nueva redacci\u00f3n al significado del t\u00e9rmino&nbsp;\u00abArtesan\u00eda\u00bb, considerando la definici\u00f3n que establece la Ley Federal para el Fomento a la Microindustria y la Actividad Artesanal; y que el contenido de la fracci\u00f3n VII pase a ser fracci\u00f3n VIII, adem\u00e1s busca que la fracci\u00f3n VII tenga una nueva redacci\u00f3n, en la que las instituciones p\u00fablicas y privadas encargadas de difundir las artesan\u00edas tlaxcaltecas formen parte de este censo y que los datos del mismo no se utilicen para otros fines.<\/p>\n\n\n\n<p>Dicha iniciativa fue turnada a las Comisiones Unidas de Puntos Constitucionales, Gobernaci\u00f3n y Justicia y Asuntos Pol\u00edticos y a la de Fomento Artesanal y MIPYMES para su estudio, an\u00e1lisis y dictamen correspondiente.&nbsp;<\/p>\n","protected":false},"excerpt":{"rendered":"<p>\u00b7&nbsp;&nbsp;&nbsp;Busca armonizar dicha Ley acorde con los nuevos ordenamientos legales en la entidad.&nbsp; Tlaxcala, Tlax., a 07 de diciembre de 2023 Durante la vig\u00e9sima octava sesi\u00f3n ordinaria del Congreso del Estado de Tlaxcala, el diputado Fabricio Mena Rodr\u00edguez, coordinador del grupo parlamentario del Partido Revolucionario Institucional (PRI), present\u00f3 ante el Pleno de esta Soberan\u00eda la [&hellip;]<\/p>\n","protected":false},"author":1,"featured_media":117886,"comment_status":"open","ping_status":"open","sticky":false,"template":"","format":"standard","meta":{"footnotes":""},"categories":[22],"tags":[],"class_list":["post-117883","post","type-post","status-publish","format-standard","has-post-thumbnail","hentry","category-congreso"],"blog_post_layout_featured_media_urls":{"thumbnail":["https:\/\/diariolanoticia.com.mx\/wp-content\/uploads\/2023\/12\/Unknown-1-216x160.jpeg",216,160,true],"full":["https:\/\/diariolanoticia.com.mx\/wp-content\/uploads\/2023\/12\/Unknown-1.jpeg",1024,684,false]},"categories_names":{"22":{"name":"Congreso","link":"https:\/\/diariolanoticia.com.mx\/?cat=22"}},"tags_names":[],"comments_number":"0","wpmagazine_modules_lite_featured_media_urls":{"thumbnail":["https:\/\/diariolanoticia.com.mx\/wp-content\/uploads\/2023\/12\/Unknown-1-216x160.jpeg",216,160,true],"cvmm-medium":["https:\/\/diariolanoticia.com.mx\/wp-content\/uploads\/2023\/12\/Unknown-1-300x300.jpeg",300,300,true],"cvmm-medium-plus":["https:\/\/diariolanoticia.com.mx\/wp-content\/uploads\/2023\/12\/Unknown-1-305x207.jpeg",305,207,true],"cvmm-portrait":["https:\/\/diariolanoticia.com.mx\/wp-content\/uploads\/2023\/12\/Unknown-1-400x600.jpeg",400,600,true],"cvmm-medium-square":["https:\/\/diariolanoticia.com.mx\/wp-content\/uploads\/2023\/12\/Unknown-1-600x600.jpeg",600,600,true],"cvmm-large":["https:\/\/diariolanoticia.com.mx\/wp-content\/uploads\/2023\/12\/Unknown-1.jpeg",1024,684,false],"cvmm-small":["https:\/\/diariolanoticia.com.mx\/wp-content\/uploads\/2023\/12\/Unknown-1-130x95.jpeg",130,95,true],"full":["https:\/\/diariolanoticia.com.mx\/wp-content\/uploads\/2023\/12\/Unknown-1.jpeg",1024,684,false]},"_links":{"self":[{"href":"https:\/\/diariolanoticia.com.mx\/index.php?rest_route=\/wp\/v2\/posts\/117883","targetHints":{"allow":["GET"]}}],"collection":[{"href":"https:\/\/diariolanoticia.com.mx\/index.php?rest_route=\/wp\/v2\/posts"}],"about":[{"href":"https:\/\/diariolanoticia.com.mx\/index.php?rest_route=\/wp\/v2\/types\/post"}],"author":[{"embeddable":true,"href":"https:\/\/diariolanoticia.com.mx\/index.php?rest_route=\/wp\/v2\/users\/1"}],"replies":[{"embeddable":true,"href":"https:\/\/diariolanoticia.com.mx\/index.php?rest_route=%2Fwp%2Fv2%2Fcomments&post=117883"}],"version-history":[{"count":1,"href":"https:\/\/diariolanoticia.com.mx\/index.php?rest_route=\/wp\/v2\/posts\/117883\/revisions"}],"predecessor-version":[{"id":117885,"href":"https:\/\/diariolanoticia.com.mx\/index.php?rest_route=\/wp\/v2\/posts\/117883\/revisions\/117885"}],"wp:featuredmedia":[{"embeddable":true,"href":"https:\/\/diariolanoticia.com.mx\/index.php?rest_route=\/wp\/v2\/media\/117886"}],"wp:attachment":[{"href":"https:\/\/diariolanoticia.com.mx\/index.php?rest_route=%2Fwp%2Fv2%2Fmedia&parent=117883"}],"wp:term":[{"taxonomy":"category","embeddable":true,"href":"https:\/\/diariolanoticia.com.mx\/index.php?rest_route=%2Fwp%2Fv2%2Fcategories&post=117883"},{"taxonomy":"post_tag","embeddable":true,"href":"https:\/\/diariolanoticia.com.mx\/index.php?rest_route=%2Fwp%2Fv2%2Ftags&post=117883"}],"curies":[{"name":"wp","href":"https:\/\/api.w.org\/{rel}","templated":true}]}}