{"id":117916,"date":"2023-12-06T17:20:38","date_gmt":"2023-12-06T23:20:38","guid":{"rendered":"https:\/\/diariolanoticia.com.mx\/?p=117916"},"modified":"2023-12-07T17:20:44","modified_gmt":"2023-12-07T23:20:44","slug":"convoca-ayuntamiento-de-huamantla-al-concurso-de-decoracion-de-fachadas-navidenas-2023","status":"publish","type":"post","link":"https:\/\/diariolanoticia.com.mx\/?p=117916","title":{"rendered":"CONVOCA AYUNTAMIENTO DE HUAMANTLA AL CONCURSO DE \u201cDECORACI\u00d3N DE FACHADAS NAVIDE\u00d1AS 2023\u201d"},"content":{"rendered":"\n<ul class=\"wp-block-list\"><li>Se efectuar\u00e1 el d\u00eda 22 de diciembre y podr\u00e1n participar todas las familias del primer cuadro de la ciudad; se premiar\u00e1 a las tres mejores&nbsp;<\/li><\/ul>\n\n\n\n<p>En el marco de las actividades de \u201cAldea M\u00e1gica 2023\u201d, el gobierno municipal de Huamantla que encabeza Salvador Santos Cedillo, a trav\u00e9s de la Coordinaci\u00f3n de Turismo convoca a todas las familias del municipio a participar en la segunda edici\u00f3n del concurso \u201cDecoraci\u00f3n de Fachadas Navide\u00f1as\u201d que se realizar\u00e1 este 22 de diciembre.&nbsp;<\/p>\n\n\n\n<p>La coordinadora de Turismo, Celeste Caballero Mart\u00ednez inform\u00f3 que los requisitos para los participantes son muy simples, b\u00e1sicamente tener imaginaci\u00f3n y creatividad ya que se calificar\u00e1 las decoraciones m\u00e1s vistosas y originales.<\/p>\n\n\n\n<p>Especific\u00f3 que las calles que podr\u00e1n participar son: Hidalgo Poniente, desde la Plazuela de Santa Cruz a Reforma Sur; Hidalgo a Matamoros Poniente y Matamoros, entre Ju\u00e1rez y Reforma, adem\u00e1s de calle Ju\u00e1rez, de Matamoros a Zaragoza.<\/p>\n\n\n\n<p>A partir de esta publicaci\u00f3n y hasta el 18 de diciembre, los interesados podr\u00e1n inscribirse en la Coordinaci\u00f3n de Turismo, ubicada en Parque Ju\u00e1rez a un costado de las letras de Huamantla, en un horario de lunes a viernes de 9:00 a 17:00 horas de manera gratuita.<\/p>\n\n\n\n<p>Mientras que el concurso y premiaci\u00f3n se llevar\u00e1 a cabo el d\u00eda 22 de diciembre a las 18:00 horas en el Parque Ju\u00e1rez, donde se entregar\u00e1n incre\u00edbles premios a los tres primeros lugares.<\/p>\n\n\n\n<p>De esta manera, el Gobierno Municipal incentiva la uni\u00f3n, las tradiciones y la motivaci\u00f3n para trabajar en conjunto para iluminar el pueblo m\u00e1gico durante estas fiestas decembrinas.<\/p>\n","protected":false},"excerpt":{"rendered":"<p>Se efectuar\u00e1 el d\u00eda 22 de diciembre y podr\u00e1n participar todas las familias del primer cuadro de la ciudad; se premiar\u00e1 a las tres mejores&nbsp; En el marco de las actividades de \u201cAldea M\u00e1gica 2023\u201d, el gobierno municipal de Huamantla que encabeza Salvador Santos Cedillo, a trav\u00e9s de la Coordinaci\u00f3n de Turismo convoca a todas [&hellip;]<\/p>\n","protected":false},"author":1,"featured_media":117917,"comment_status":"open","ping_status":"open","sticky":false,"template":"","format":"standard","meta":{"footnotes":""},"categories":[219],"tags":[],"class_list":["post-117916","post","type-post","status-publish","format-standard","has-post-thumbnail","hentry","category-huamantla"],"blog_post_layout_featured_media_urls":{"thumbnail":["https:\/\/diariolanoticia.com.mx\/wp-content\/uploads\/2023\/12\/06122023_ConcursoFachadas2-216x160.jpg",216,160,true],"full":["https:\/\/diariolanoticia.com.mx\/wp-content\/uploads\/2023\/12\/06122023_ConcursoFachadas2.jpg",1280,853,false]},"categories_names":{"219":{"name":"Huamantla","link":"https:\/\/diariolanoticia.com.mx\/?cat=219"}},"tags_names":[],"comments_number":"0","wpmagazine_modules_lite_featured_media_urls":{"thumbnail":["https:\/\/diariolanoticia.com.mx\/wp-content\/uploads\/2023\/12\/06122023_ConcursoFachadas2-216x160.jpg",216,160,true],"cvmm-medium":["https:\/\/diariolanoticia.com.mx\/wp-content\/uploads\/2023\/12\/06122023_ConcursoFachadas2-300x300.jpg",300,300,true],"cvmm-medium-plus":["https:\/\/diariolanoticia.com.mx\/wp-content\/uploads\/2023\/12\/06122023_ConcursoFachadas2-305x207.jpg",305,207,true],"cvmm-portrait":["https:\/\/diariolanoticia.com.mx\/wp-content\/uploads\/2023\/12\/06122023_ConcursoFachadas2-400x600.jpg",400,600,true],"cvmm-medium-square":["https:\/\/diariolanoticia.com.mx\/wp-content\/uploads\/2023\/12\/06122023_ConcursoFachadas2-600x600.jpg",600,600,true],"cvmm-large":["https:\/\/diariolanoticia.com.mx\/wp-content\/uploads\/2023\/12\/06122023_ConcursoFachadas2-1024x853.jpg",1024,853,true],"cvmm-small":["https:\/\/diariolanoticia.com.mx\/wp-content\/uploads\/2023\/12\/06122023_ConcursoFachadas2-130x95.jpg",130,95,true],"full":["https:\/\/diariolanoticia.com.mx\/wp-content\/uploads\/2023\/12\/06122023_ConcursoFachadas2.jpg",1280,853,false]},"_links":{"self":[{"href":"https:\/\/diariolanoticia.com.mx\/index.php?rest_route=\/wp\/v2\/posts\/117916","targetHints":{"allow":["GET"]}}],"collection":[{"href":"https:\/\/diariolanoticia.com.mx\/index.php?rest_route=\/wp\/v2\/posts"}],"about":[{"href":"https:\/\/diariolanoticia.com.mx\/index.php?rest_route=\/wp\/v2\/types\/post"}],"author":[{"embeddable":true,"href":"https:\/\/diariolanoticia.com.mx\/index.php?rest_route=\/wp\/v2\/users\/1"}],"replies":[{"embeddable":true,"href":"https:\/\/diariolanoticia.com.mx\/index.php?rest_route=%2Fwp%2Fv2%2Fcomments&post=117916"}],"version-history":[{"count":1,"href":"https:\/\/diariolanoticia.com.mx\/index.php?rest_route=\/wp\/v2\/posts\/117916\/revisions"}],"predecessor-version":[{"id":117918,"href":"https:\/\/diariolanoticia.com.mx\/index.php?rest_route=\/wp\/v2\/posts\/117916\/revisions\/117918"}],"wp:featuredmedia":[{"embeddable":true,"href":"https:\/\/diariolanoticia.com.mx\/index.php?rest_route=\/wp\/v2\/media\/117917"}],"wp:attachment":[{"href":"https:\/\/diariolanoticia.com.mx\/index.php?rest_route=%2Fwp%2Fv2%2Fmedia&parent=117916"}],"wp:term":[{"taxonomy":"category","embeddable":true,"href":"https:\/\/diariolanoticia.com.mx\/index.php?rest_route=%2Fwp%2Fv2%2Fcategories&post=117916"},{"taxonomy":"post_tag","embeddable":true,"href":"https:\/\/diariolanoticia.com.mx\/index.php?rest_route=%2Fwp%2Fv2%2Ftags&post=117916"}],"curies":[{"name":"wp","href":"https:\/\/api.w.org\/{rel}","templated":true}]}}