{"id":118010,"date":"2023-12-11T14:45:18","date_gmt":"2023-12-11T20:45:18","guid":{"rendered":"https:\/\/diariolanoticia.com.mx\/?p=118010"},"modified":"2023-12-11T14:45:19","modified_gmt":"2023-12-11T20:45:19","slug":"la-policia-municipal-de-puebla-detuvo-a-el-bigotes-uno-de-los-principales-operadores-de-los-castores","status":"publish","type":"post","link":"https:\/\/diariolanoticia.com.mx\/?p=118010","title":{"rendered":"LA POLIC\u00cdA MUNICIPAL DE PUEBLA DETUVO A \u00abEL BIGOTES\u00bb, UNO DE LOS PRINCIPALES OPERADORES DE \u201cLOS CASTORES\u201d"},"content":{"rendered":"\n<p>\u2022 El sujeto es se\u00f1alado como el autor intelectual del robo a un cajero del estadio Cuauht\u00e9moc e intentar lo mismo en la plaza V\u00eda Amalucan<\/p>\n\n\n\n<p>La Secretar\u00eda de Seguridad Ciudadana (SSC), del Municipio, detuvo al principal operador de \u201cLos Castores\u201d, grupo delictivo dedicado al robo a negocio y casa habitaci\u00f3n, as\u00ed como al narcomenudeo.<\/p>\n\n\n\n<p>Derivado de un patrullaje focalizado en inmediaciones del Infonavit Agua Santa, elementos adscritos a la Unidad T\u00e1ctica de Reacci\u00f3n (UTR) lograron la detenci\u00f3n de Gerardo \u201cN.\u201d, alias \u201cEl Bigotes\u201d, de 44 de edad, por su probable participaci\u00f3n en delitos contra la salud.<\/p>\n\n\n\n<p>Durante la implementaci\u00f3n del protocolo de actuaci\u00f3n policial, avalado por CALEA, las Fuerzas Municipales hallaron entre las pertenencias del var\u00f3n m\u00e1s de 75 envoltorios que conten\u00edan polvo blanco, caracter\u00edstico a la droga conocida como coca\u00edna.<\/p>\n\n\n\n<p>Con base en labores de inteligencia policial y an\u00e1lisis de v\u00ednculos delictivos, se tom\u00f3 conocimiento que \u201cEl Bigotes\u201d formaba parte de \u201cLos Castores\u201d, grupo delictivo dedicado al robo a casa habitaci\u00f3n, a negocio y al narcomenudeo. Asimismo, se le identifica como el autor intelectual de un robo cometido en un cajero bancario, ubicado en el Estadio Cuauht\u00e9moc el pasado 3 de diciembre y, uno m\u00e1s frustrado por la Polic\u00eda Municipal el pasado 15 de noviembre en la plaza comercial V\u00eda Amalucan.<\/p>\n\n\n\n<p>Finalmente, el indiciado qued\u00f3 a disposici\u00f3n del Ministerio P\u00fablico para dar inicio a las investigaciones a que haya lugar.<\/p>\n\n\n\n<p>La Polic\u00eda Municipal de Puebla exhorta a la ciudadan\u00eda a que, en caso de reconocer a dicha persona como responsable de m\u00e1s il\u00edcitos, formalice su denuncia ante la Fiscal\u00eda General del Estado (FGE).<\/p>\n\n\n\n<p>\u00a1Tu seguridad, compromiso de todos!<\/p>\n","protected":false},"excerpt":{"rendered":"<p>\u2022 El sujeto es se\u00f1alado como el autor intelectual del robo a un cajero del estadio Cuauht\u00e9moc e intentar lo mismo en la plaza V\u00eda Amalucan La Secretar\u00eda de Seguridad Ciudadana (SSC), del Municipio, detuvo al principal operador de \u201cLos Castores\u201d, grupo delictivo dedicado al robo a negocio y casa habitaci\u00f3n, as\u00ed como al narcomenudeo. [&hellip;]<\/p>\n","protected":false},"author":1,"featured_media":118011,"comment_status":"open","ping_status":"open","sticky":false,"template":"","format":"standard","meta":{"footnotes":""},"categories":[103],"tags":[],"class_list":["post-118010","post","type-post","status-publish","format-standard","has-post-thumbnail","hentry","category-pueblacapital"],"blog_post_layout_featured_media_urls":{"thumbnail":["https:\/\/diariolanoticia.com.mx\/wp-content\/uploads\/2023\/12\/WhatsApp-Image-2023-12-11-at-14.29.46-216x160.jpeg",216,160,true],"full":["https:\/\/diariolanoticia.com.mx\/wp-content\/uploads\/2023\/12\/WhatsApp-Image-2023-12-11-at-14.29.46.jpeg",1115,1600,false]},"categories_names":{"103":{"name":"Puebla Capital","link":"https:\/\/diariolanoticia.com.mx\/?cat=103"}},"tags_names":[],"comments_number":"0","wpmagazine_modules_lite_featured_media_urls":{"thumbnail":["https:\/\/diariolanoticia.com.mx\/wp-content\/uploads\/2023\/12\/WhatsApp-Image-2023-12-11-at-14.29.46-216x160.jpeg",216,160,true],"cvmm-medium":["https:\/\/diariolanoticia.com.mx\/wp-content\/uploads\/2023\/12\/WhatsApp-Image-2023-12-11-at-14.29.46-300x300.jpeg",300,300,true],"cvmm-medium-plus":["https:\/\/diariolanoticia.com.mx\/wp-content\/uploads\/2023\/12\/WhatsApp-Image-2023-12-11-at-14.29.46-305x207.jpeg",305,207,true],"cvmm-portrait":["https:\/\/diariolanoticia.com.mx\/wp-content\/uploads\/2023\/12\/WhatsApp-Image-2023-12-11-at-14.29.46-400x600.jpeg",400,600,true],"cvmm-medium-square":["https:\/\/diariolanoticia.com.mx\/wp-content\/uploads\/2023\/12\/WhatsApp-Image-2023-12-11-at-14.29.46-600x600.jpeg",600,600,true],"cvmm-large":["https:\/\/diariolanoticia.com.mx\/wp-content\/uploads\/2023\/12\/WhatsApp-Image-2023-12-11-at-14.29.46-1024x1024.jpeg",1024,1024,true],"cvmm-small":["https:\/\/diariolanoticia.com.mx\/wp-content\/uploads\/2023\/12\/WhatsApp-Image-2023-12-11-at-14.29.46-130x95.jpeg",130,95,true],"full":["https:\/\/diariolanoticia.com.mx\/wp-content\/uploads\/2023\/12\/WhatsApp-Image-2023-12-11-at-14.29.46.jpeg",1115,1600,false]},"_links":{"self":[{"href":"https:\/\/diariolanoticia.com.mx\/index.php?rest_route=\/wp\/v2\/posts\/118010","targetHints":{"allow":["GET"]}}],"collection":[{"href":"https:\/\/diariolanoticia.com.mx\/index.php?rest_route=\/wp\/v2\/posts"}],"about":[{"href":"https:\/\/diariolanoticia.com.mx\/index.php?rest_route=\/wp\/v2\/types\/post"}],"author":[{"embeddable":true,"href":"https:\/\/diariolanoticia.com.mx\/index.php?rest_route=\/wp\/v2\/users\/1"}],"replies":[{"embeddable":true,"href":"https:\/\/diariolanoticia.com.mx\/index.php?rest_route=%2Fwp%2Fv2%2Fcomments&post=118010"}],"version-history":[{"count":1,"href":"https:\/\/diariolanoticia.com.mx\/index.php?rest_route=\/wp\/v2\/posts\/118010\/revisions"}],"predecessor-version":[{"id":118012,"href":"https:\/\/diariolanoticia.com.mx\/index.php?rest_route=\/wp\/v2\/posts\/118010\/revisions\/118012"}],"wp:featuredmedia":[{"embeddable":true,"href":"https:\/\/diariolanoticia.com.mx\/index.php?rest_route=\/wp\/v2\/media\/118011"}],"wp:attachment":[{"href":"https:\/\/diariolanoticia.com.mx\/index.php?rest_route=%2Fwp%2Fv2%2Fmedia&parent=118010"}],"wp:term":[{"taxonomy":"category","embeddable":true,"href":"https:\/\/diariolanoticia.com.mx\/index.php?rest_route=%2Fwp%2Fv2%2Fcategories&post=118010"},{"taxonomy":"post_tag","embeddable":true,"href":"https:\/\/diariolanoticia.com.mx\/index.php?rest_route=%2Fwp%2Fv2%2Ftags&post=118010"}],"curies":[{"name":"wp","href":"https:\/\/api.w.org\/{rel}","templated":true}]}}