{"id":118046,"date":"2023-12-14T11:30:25","date_gmt":"2023-12-14T17:30:25","guid":{"rendered":"https:\/\/diariolanoticia.com.mx\/?p=118046"},"modified":"2023-12-14T11:30:26","modified_gmt":"2023-12-14T17:30:26","slug":"papa-francisco-autoriza-la-beatificacion-del-sacerdote-zacateco-moises-lira-serafin","status":"publish","type":"post","link":"https:\/\/diariolanoticia.com.mx\/?p=118046","title":{"rendered":"Papa Francisco autoriza la beatificaci\u00f3n del sacerdote zacateco Mois\u00e9s Lira Seraf\u00edn"},"content":{"rendered":"\n<p>El&nbsp;papa Francisco&nbsp;firm\u00f3 hoy el&nbsp;decreto&nbsp;en el que se aprueba el&nbsp;milagro&nbsp;atribuido al sacerdote mexicano&nbsp;Mois\u00e9s Lira Seraf\u00edn&nbsp;(1893-1950), lo que significa que ser\u00e1 proclamado beato.<\/p>\n\n\n\n<p>El pont\u00edfice firm\u00f3 este decreto, junto con otros, tras mantener hoy una audiencia con el cardenal Marcello Semeraro, prefecto de la&nbsp;Congregaci\u00f3n para la Causa de los Santos.<\/p>\n\n\n\n<p><strong>Mois\u00e9s Lira Seraf\u00edn<\/strong>&nbsp;fue sacerdote de los Misioneros del Esp\u00edritu Santo y fundador de la Congregaci\u00f3n de las Misioneras de la Caridad de&nbsp;<strong>Mar\u00eda Inmaculada<\/strong>.<\/p>\n\n\n\n<p>El sacerdote naci\u00f3 en Zacatl\u00e1n, Puebla, el 16 de septiembre de 1893 y falleci\u00f3 en Ciudad de M\u00e9xico el 25 de junio de 1950.&nbsp;<\/p>\n\n\n\n<p>El camino hacia la santidad tiene varias etapas, la primera es ser declarado venerable siervo de Dios, la segunda beato y la tercera santo.<\/p>\n\n\n\n<p>Venerable Siervo de Dios es el t\u00edtulo que se da a una persona muerta a la que se reconoce \u201chaber vivido las virtudes de manera heroica\u201d.&nbsp;<strong>Lira Seraf\u00edn<\/strong>&nbsp;recibi\u00f3 esa designaci\u00f3n hace 10 a\u00f1os.<\/p>\n\n\n\n<p>Para que un venerable sea beatificado es necesario que se haya producido un&nbsp;<strong>milagro<\/strong>&nbsp;debido a su intercesi\u00f3n, como este caso, y para que sea canonizado, hecho santo, se precisa un segundo milagro obrado \u201cpor intercesi\u00f3n\u201d despu\u00e9s de ser proclamado beato.<\/p>\n\n\n\n<p>El papa Francisco firm\u00f3 tambi\u00e9n los decretos en los que se reconocen las \u00abvirtudes heroicas\u00bb del m\u00e9dico guatemalteco laico del Opus Dei,&nbsp;<strong>Ernesto Cofi\u00f1o<\/strong>&nbsp;(1899-1991) y se aprueba el milagro atribuido a&nbsp;<strong>Ana de Jes\u00fas<\/strong>, monja de la Orden de las Carmelitas Descalzas, quien fue disc\u00edpula de&nbsp;<strong>santa Teresa de Jes\u00fas<\/strong>&nbsp;y la encargada de recopilar todas sus obras.&nbsp;<\/p>\n","protected":false},"excerpt":{"rendered":"<p>El&nbsp;papa Francisco&nbsp;firm\u00f3 hoy el&nbsp;decreto&nbsp;en el que se aprueba el&nbsp;milagro&nbsp;atribuido al sacerdote mexicano&nbsp;Mois\u00e9s Lira Seraf\u00edn&nbsp;(1893-1950), lo que significa que ser\u00e1 proclamado beato. El pont\u00edfice firm\u00f3 este decreto, junto con otros, tras mantener hoy una audiencia con el cardenal Marcello Semeraro, prefecto de la&nbsp;Congregaci\u00f3n para la Causa de los Santos. Mois\u00e9s Lira Seraf\u00edn&nbsp;fue sacerdote de los Misioneros [&hellip;]<\/p>\n","protected":false},"author":1,"featured_media":118047,"comment_status":"open","ping_status":"open","sticky":false,"template":"","format":"standard","meta":{"footnotes":""},"categories":[20],"tags":[],"class_list":["post-118046","post","type-post","status-publish","format-standard","has-post-thumbnail","hentry","category-norte-de-puebla"],"blog_post_layout_featured_media_urls":{"thumbnail":["https:\/\/diariolanoticia.com.mx\/wp-content\/uploads\/2023\/12\/beatificacion-papa-francisco-lira-serafin-216x160.jpg",216,160,true],"full":["https:\/\/diariolanoticia.com.mx\/wp-content\/uploads\/2023\/12\/beatificacion-papa-francisco-lira-serafin.jpg",1200,620,false]},"categories_names":{"20":{"name":"Norte de Puebla","link":"https:\/\/diariolanoticia.com.mx\/?cat=20"}},"tags_names":[],"comments_number":"0","wpmagazine_modules_lite_featured_media_urls":{"thumbnail":["https:\/\/diariolanoticia.com.mx\/wp-content\/uploads\/2023\/12\/beatificacion-papa-francisco-lira-serafin-216x160.jpg",216,160,true],"cvmm-medium":["https:\/\/diariolanoticia.com.mx\/wp-content\/uploads\/2023\/12\/beatificacion-papa-francisco-lira-serafin-300x300.jpg",300,300,true],"cvmm-medium-plus":["https:\/\/diariolanoticia.com.mx\/wp-content\/uploads\/2023\/12\/beatificacion-papa-francisco-lira-serafin-305x207.jpg",305,207,true],"cvmm-portrait":["https:\/\/diariolanoticia.com.mx\/wp-content\/uploads\/2023\/12\/beatificacion-papa-francisco-lira-serafin-400x600.jpg",400,600,true],"cvmm-medium-square":["https:\/\/diariolanoticia.com.mx\/wp-content\/uploads\/2023\/12\/beatificacion-papa-francisco-lira-serafin-600x600.jpg",600,600,true],"cvmm-large":["https:\/\/diariolanoticia.com.mx\/wp-content\/uploads\/2023\/12\/beatificacion-papa-francisco-lira-serafin-1024x620.jpg",1024,620,true],"cvmm-small":["https:\/\/diariolanoticia.com.mx\/wp-content\/uploads\/2023\/12\/beatificacion-papa-francisco-lira-serafin-130x95.jpg",130,95,true],"full":["https:\/\/diariolanoticia.com.mx\/wp-content\/uploads\/2023\/12\/beatificacion-papa-francisco-lira-serafin.jpg",1200,620,false]},"_links":{"self":[{"href":"https:\/\/diariolanoticia.com.mx\/index.php?rest_route=\/wp\/v2\/posts\/118046","targetHints":{"allow":["GET"]}}],"collection":[{"href":"https:\/\/diariolanoticia.com.mx\/index.php?rest_route=\/wp\/v2\/posts"}],"about":[{"href":"https:\/\/diariolanoticia.com.mx\/index.php?rest_route=\/wp\/v2\/types\/post"}],"author":[{"embeddable":true,"href":"https:\/\/diariolanoticia.com.mx\/index.php?rest_route=\/wp\/v2\/users\/1"}],"replies":[{"embeddable":true,"href":"https:\/\/diariolanoticia.com.mx\/index.php?rest_route=%2Fwp%2Fv2%2Fcomments&post=118046"}],"version-history":[{"count":1,"href":"https:\/\/diariolanoticia.com.mx\/index.php?rest_route=\/wp\/v2\/posts\/118046\/revisions"}],"predecessor-version":[{"id":118048,"href":"https:\/\/diariolanoticia.com.mx\/index.php?rest_route=\/wp\/v2\/posts\/118046\/revisions\/118048"}],"wp:featuredmedia":[{"embeddable":true,"href":"https:\/\/diariolanoticia.com.mx\/index.php?rest_route=\/wp\/v2\/media\/118047"}],"wp:attachment":[{"href":"https:\/\/diariolanoticia.com.mx\/index.php?rest_route=%2Fwp%2Fv2%2Fmedia&parent=118046"}],"wp:term":[{"taxonomy":"category","embeddable":true,"href":"https:\/\/diariolanoticia.com.mx\/index.php?rest_route=%2Fwp%2Fv2%2Fcategories&post=118046"},{"taxonomy":"post_tag","embeddable":true,"href":"https:\/\/diariolanoticia.com.mx\/index.php?rest_route=%2Fwp%2Fv2%2Ftags&post=118046"}],"curies":[{"name":"wp","href":"https:\/\/api.w.org\/{rel}","templated":true}]}}