{"id":118070,"date":"2023-12-15T21:47:12","date_gmt":"2023-12-16T03:47:12","guid":{"rendered":"https:\/\/diariolanoticia.com.mx\/?p=118070"},"modified":"2023-12-15T21:47:13","modified_gmt":"2023-12-16T03:47:13","slug":"reconoce-desarrollo-humano-de-la-uatx-antiguedad-de-trabajadores","status":"publish","type":"post","link":"https:\/\/diariolanoticia.com.mx\/?p=118070","title":{"rendered":"Reconoce Desarrollo Humano de la UATx antig\u00fcedad de trabajadores"},"content":{"rendered":"\n<p>La Facultad de Ciencias para el Desarrollo Humano de la Universidad Aut\u00f3noma de Tlaxcala (UATx), llev\u00f3 a cabo el acto protocolario de entrega de cuatro reconocimientos por antig\u00fcedad laboral a personal acad\u00e9mico y de servicio, por haber cumplido 24, 26 y 38 a\u00f1os de trabajo en esa \u00e1rea de la instituci\u00f3n.<\/p>\n\n\n\n<p>Al hacer uso de la voz, la Maestra Diana Selene Avila Casco, Secretaria de Extensi\u00f3n Universitaria y Difusi\u00f3n Cultural, en representaci\u00f3n del Doctor Seraf\u00edn Ortiz Ortiz, Rector de la UATx, se\u00f1al\u00f3 que el esfuerzo, dedicaci\u00f3n, compromiso, responsabilidad y calidad humana son el reflejo de toda una trayectoria profesional dedicada a esta alma m\u00e1ter y en particular a esta Facultad, que no solo tiene la misi\u00f3n de preparar a profesionales e investigadores, sino tambi\u00e9n a personas con un sentido humano.&nbsp;<\/p>\n\n\n\n<p>Indic\u00f3 que el camino que emprender\u00e1n a partir de este momento ser\u00e1 diferente y marcar\u00e1 el cierre de un ciclo de vida como compa\u00f1eros universitarios, de ah\u00ed que reiter\u00f3 su agradecimiento y reconoci\u00f3 la labor que desempe\u00f1aron a lo largo de estos a\u00f1os para contribuir al cumplimiento de los objetivos de la UATx.<\/p>\n\n\n\n<p>Por su parte, el Doctor Josu\u00e9 Antonio Camacho Candia, Director de la Facultad de Ciencias para Desarrollo Humano, afirm\u00f3 que, el haber compartido con los galardonados estos espacios educativos, ha servido para complementar esta labor, tanto a nivel personal como profesional, y los exhort\u00f3 a seguir colaborando con esta instituci\u00f3n para continuar con esta formaci\u00f3n y entregar a la sociedad profesionales competitivos que respondan a las nuevas exigencias educativas.<\/p>\n\n\n\n<p>En su oportunidad, la ciudadana Silvestra Hern\u00e1ndez Tlapale, los licenciados Concepci\u00f3n Pablo Reyes Ju\u00e1rez y Javier S\u00e1nchez S\u00e1nchez, as\u00ed como el Maestro Ramiro Quintero Mart\u00ednez, coincidieron en agradecer a la UATx por la oportunidad de haber colaborado en la preparaci\u00f3n de los mejores profesionales de las diferentes generaciones en las \u00e1reas de las ciencias humanas que han pasado por las aulas.<\/p>\n\n\n\n<p>Este acto, cont\u00f3 con la presencia de la Doctora Claudia Berenice Mendoza, Secretaria de Facultad; de los coordinadores de las licenciaturas en Gerontolog\u00eda Social, Ciencias de la Familia y en Educaci\u00f3n Especial, Licenciada Susana Corona Ordaz, la Maestra Valeria de Jes\u00fas Carro Abdala y la Licenciada Margarita Galicia G\u00e1lvez, respectivamente; as\u00ed como el Doctor Francisco Javier Aguilar, Coordinador del Doctorado en Ciencias Aplicadas a la Educaci\u00f3n Especial.<\/p>\n","protected":false},"excerpt":{"rendered":"<p>La Facultad de Ciencias para el Desarrollo Humano de la Universidad Aut\u00f3noma de Tlaxcala (UATx), llev\u00f3 a cabo el acto protocolario de entrega de cuatro reconocimientos por antig\u00fcedad laboral a personal acad\u00e9mico y de servicio, por haber cumplido 24, 26 y 38 a\u00f1os de trabajo en esa \u00e1rea de la instituci\u00f3n. Al hacer uso de [&hellip;]<\/p>\n","protected":false},"author":1,"featured_media":118071,"comment_status":"open","ping_status":"open","sticky":false,"template":"","format":"standard","meta":{"footnotes":""},"categories":[10],"tags":[],"class_list":["post-118070","post","type-post","status-publish","format-standard","has-post-thumbnail","hentry","category-educacion"],"blog_post_layout_featured_media_urls":{"thumbnail":["https:\/\/diariolanoticia.com.mx\/wp-content\/uploads\/2023\/12\/15-Reconoce-Desarrollo-Humano-de-la-UATx-antiguedad-de-trabajadores-216x160.jpg",216,160,true],"full":["https:\/\/diariolanoticia.com.mx\/wp-content\/uploads\/2023\/12\/15-Reconoce-Desarrollo-Humano-de-la-UATx-antiguedad-de-trabajadores.jpg",1800,1248,false]},"categories_names":{"10":{"name":"Educaci\u00f3n","link":"https:\/\/diariolanoticia.com.mx\/?cat=10"}},"tags_names":[],"comments_number":"0","wpmagazine_modules_lite_featured_media_urls":{"thumbnail":["https:\/\/diariolanoticia.com.mx\/wp-content\/uploads\/2023\/12\/15-Reconoce-Desarrollo-Humano-de-la-UATx-antiguedad-de-trabajadores-216x160.jpg",216,160,true],"cvmm-medium":["https:\/\/diariolanoticia.com.mx\/wp-content\/uploads\/2023\/12\/15-Reconoce-Desarrollo-Humano-de-la-UATx-antiguedad-de-trabajadores-300x300.jpg",300,300,true],"cvmm-medium-plus":["https:\/\/diariolanoticia.com.mx\/wp-content\/uploads\/2023\/12\/15-Reconoce-Desarrollo-Humano-de-la-UATx-antiguedad-de-trabajadores-305x207.jpg",305,207,true],"cvmm-portrait":["https:\/\/diariolanoticia.com.mx\/wp-content\/uploads\/2023\/12\/15-Reconoce-Desarrollo-Humano-de-la-UATx-antiguedad-de-trabajadores-400x600.jpg",400,600,true],"cvmm-medium-square":["https:\/\/diariolanoticia.com.mx\/wp-content\/uploads\/2023\/12\/15-Reconoce-Desarrollo-Humano-de-la-UATx-antiguedad-de-trabajadores-600x600.jpg",600,600,true],"cvmm-large":["https:\/\/diariolanoticia.com.mx\/wp-content\/uploads\/2023\/12\/15-Reconoce-Desarrollo-Humano-de-la-UATx-antiguedad-de-trabajadores-1024x1024.jpg",1024,1024,true],"cvmm-small":["https:\/\/diariolanoticia.com.mx\/wp-content\/uploads\/2023\/12\/15-Reconoce-Desarrollo-Humano-de-la-UATx-antiguedad-de-trabajadores-130x95.jpg",130,95,true],"full":["https:\/\/diariolanoticia.com.mx\/wp-content\/uploads\/2023\/12\/15-Reconoce-Desarrollo-Humano-de-la-UATx-antiguedad-de-trabajadores.jpg",1800,1248,false]},"_links":{"self":[{"href":"https:\/\/diariolanoticia.com.mx\/index.php?rest_route=\/wp\/v2\/posts\/118070","targetHints":{"allow":["GET"]}}],"collection":[{"href":"https:\/\/diariolanoticia.com.mx\/index.php?rest_route=\/wp\/v2\/posts"}],"about":[{"href":"https:\/\/diariolanoticia.com.mx\/index.php?rest_route=\/wp\/v2\/types\/post"}],"author":[{"embeddable":true,"href":"https:\/\/diariolanoticia.com.mx\/index.php?rest_route=\/wp\/v2\/users\/1"}],"replies":[{"embeddable":true,"href":"https:\/\/diariolanoticia.com.mx\/index.php?rest_route=%2Fwp%2Fv2%2Fcomments&post=118070"}],"version-history":[{"count":1,"href":"https:\/\/diariolanoticia.com.mx\/index.php?rest_route=\/wp\/v2\/posts\/118070\/revisions"}],"predecessor-version":[{"id":118072,"href":"https:\/\/diariolanoticia.com.mx\/index.php?rest_route=\/wp\/v2\/posts\/118070\/revisions\/118072"}],"wp:featuredmedia":[{"embeddable":true,"href":"https:\/\/diariolanoticia.com.mx\/index.php?rest_route=\/wp\/v2\/media\/118071"}],"wp:attachment":[{"href":"https:\/\/diariolanoticia.com.mx\/index.php?rest_route=%2Fwp%2Fv2%2Fmedia&parent=118070"}],"wp:term":[{"taxonomy":"category","embeddable":true,"href":"https:\/\/diariolanoticia.com.mx\/index.php?rest_route=%2Fwp%2Fv2%2Fcategories&post=118070"},{"taxonomy":"post_tag","embeddable":true,"href":"https:\/\/diariolanoticia.com.mx\/index.php?rest_route=%2Fwp%2Fv2%2Ftags&post=118070"}],"curies":[{"name":"wp","href":"https:\/\/api.w.org\/{rel}","templated":true}]}}