{"id":118094,"date":"2023-12-13T22:08:49","date_gmt":"2023-12-14T04:08:49","guid":{"rendered":"https:\/\/diariolanoticia.com.mx\/?p=118094"},"modified":"2023-12-15T22:09:05","modified_gmt":"2023-12-16T04:09:05","slug":"concluye-periodo-de-movilidad-nacional-e-internacional-en-la-uatx","status":"publish","type":"post","link":"https:\/\/diariolanoticia.com.mx\/?p=118094","title":{"rendered":"Concluye periodo de movilidad nacional e internacional en la UATx"},"content":{"rendered":"\n<p>La Universidad Aut\u00f3noma de Tlaxcala (UATx), a trav\u00e9s de la Coordinaci\u00f3n de Enlace Internacional, Vinculaci\u00f3n e Intercambio Acad\u00e9mico, llev\u00f3 a cabo el foro intitulado: \u00abTestimonios de experiencias de internacionalizaci\u00f3n e interculturalidad de estudiantes visitantes de movilidad e intercambio Oto\u00f1o 2023\u00bb, el cual cont\u00f3 con la participaci\u00f3n de 13 educandos provenientes de los estados de Chiapas y Zacatecas, as\u00ed como de los pa\u00edses de Argentina, Espa\u00f1a, Colombia y Per\u00fa.<\/p>\n\n\n\n<p>En el mensaje del Coordinador, Maestro Antonio Durante Murillo, sostuvo que la convivencia y los lazos de amistad que estrecharon j\u00f3venes de esta m\u00e1xima Casa de Estudios con los alumnos de intercambio acad\u00e9mico permiti\u00f3 que compartieran las costumbres, tradiciones y gastronom\u00eda de sus comunidades, as\u00ed como interactuar con sus familias, con lo cual se cumplen los prop\u00f3sitos institucionales y de los programas educativos.<\/p>\n\n\n\n<p>Indic\u00f3 que, con este tipo de actividades, se busca que expresen y resalten los valores humanistas que se abrevan de manera especial en esta alma m\u00e1ter, ya que, durante su estancia en la que cursaron un semestre en la UATx, se relacionaron con una segunda familia, estrechando lazos de estima, apoyo, solidaridad y pertenencia.<\/p>\n\n\n\n<p>En su oportunidad, los estudiantes de movilidad nacional e internacional coincidieron en resaltar que, a trav\u00e9s del Modelo Humanista Integrador basado en Capacidades (MHIC), ponen en pr\u00e1ctica los conocimientos adquiridos en las diferentes unidades de aprendizaje, lo cual les dio la oportunidad de participar en diversos foros y congresos como ponentes y desarrollar trabajos colaborativos con catedr\u00e1ticos de esta Instituci\u00f3n, adem\u00e1s de asistir como embajadores tur\u00edsticos en eventos nacionales y mundiales que se efectuaron en la entidad tlaxcalteca.<\/p>\n\n\n\n<p>Cabe mencionar que las licenciaturas que recibieron durante un semestre a los alumnos de intercambio acad\u00e9mico fueron: Qu\u00edmica Cl\u00ednica, Gerontolog\u00eda Social, Historia, Comunicaci\u00f3n e Innovaci\u00f3n Educativa, Trabajo Social, Derecho, Administraci\u00f3n, Turismo Internacional y Ciencias Ambientales.<\/p>\n\n\n\n<p>Las instituciones participantes fueron: Universidad Aut\u00f3noma de Chiapas (UNACH); Universidad Aut\u00f3noma de Zacatecas (UAZ); Universidad P\u00fablica de Navarra, Espa\u00f1a (UPNA); Universidad Cat\u00f3lica de Colombia; Universidad Popular del Cesar, Colombia (UNICESAR); Universidad Nacional del Nordeste, Argentina (UNNE); Universidad Nacional de Jujuy, Argentina (UNJU); Corporaci\u00f3n Universitaria del Caribe, Colombia (CECAR); Universidad de Pamplona, Colombia (PAMPLONA); y Universidad Cat\u00f3lica de Santa Mar\u00eda, Per\u00fa (UCSM).<\/p>\n\n\n\n<p>Este evento, cont\u00f3 con la presencia de los integrantes de la Coordinaci\u00f3n de Enlace Internacional, Vinculaci\u00f3n e Intercambio Acad\u00e9mico, como responsables de este programa en la Aut\u00f3noma de Tlaxcala.&nbsp;<\/p>\n","protected":false},"excerpt":{"rendered":"<p>La Universidad Aut\u00f3noma de Tlaxcala (UATx), a trav\u00e9s de la Coordinaci\u00f3n de Enlace Internacional, Vinculaci\u00f3n e Intercambio Acad\u00e9mico, llev\u00f3 a cabo el foro intitulado: \u00abTestimonios de experiencias de internacionalizaci\u00f3n e interculturalidad de estudiantes visitantes de movilidad e intercambio Oto\u00f1o 2023\u00bb, el cual cont\u00f3 con la participaci\u00f3n de 13 educandos provenientes de los estados de Chiapas [&hellip;]<\/p>\n","protected":false},"author":1,"featured_media":118095,"comment_status":"open","ping_status":"open","sticky":false,"template":"","format":"standard","meta":{"footnotes":""},"categories":[10],"tags":[],"class_list":["post-118094","post","type-post","status-publish","format-standard","has-post-thumbnail","hentry","category-educacion"],"blog_post_layout_featured_media_urls":{"thumbnail":["https:\/\/diariolanoticia.com.mx\/wp-content\/uploads\/2023\/12\/13-Concluye-periodo-de-movilidad-nacional-e-internacional-en-la-UATx-216x160.jpg",216,160,true],"full":["https:\/\/diariolanoticia.com.mx\/wp-content\/uploads\/2023\/12\/13-Concluye-periodo-de-movilidad-nacional-e-internacional-en-la-UATx.jpg",1570,1068,false]},"categories_names":{"10":{"name":"Educaci\u00f3n","link":"https:\/\/diariolanoticia.com.mx\/?cat=10"}},"tags_names":[],"comments_number":"0","wpmagazine_modules_lite_featured_media_urls":{"thumbnail":["https:\/\/diariolanoticia.com.mx\/wp-content\/uploads\/2023\/12\/13-Concluye-periodo-de-movilidad-nacional-e-internacional-en-la-UATx-216x160.jpg",216,160,true],"cvmm-medium":["https:\/\/diariolanoticia.com.mx\/wp-content\/uploads\/2023\/12\/13-Concluye-periodo-de-movilidad-nacional-e-internacional-en-la-UATx-300x300.jpg",300,300,true],"cvmm-medium-plus":["https:\/\/diariolanoticia.com.mx\/wp-content\/uploads\/2023\/12\/13-Concluye-periodo-de-movilidad-nacional-e-internacional-en-la-UATx-305x207.jpg",305,207,true],"cvmm-portrait":["https:\/\/diariolanoticia.com.mx\/wp-content\/uploads\/2023\/12\/13-Concluye-periodo-de-movilidad-nacional-e-internacional-en-la-UATx-400x600.jpg",400,600,true],"cvmm-medium-square":["https:\/\/diariolanoticia.com.mx\/wp-content\/uploads\/2023\/12\/13-Concluye-periodo-de-movilidad-nacional-e-internacional-en-la-UATx-600x600.jpg",600,600,true],"cvmm-large":["https:\/\/diariolanoticia.com.mx\/wp-content\/uploads\/2023\/12\/13-Concluye-periodo-de-movilidad-nacional-e-internacional-en-la-UATx-1024x1024.jpg",1024,1024,true],"cvmm-small":["https:\/\/diariolanoticia.com.mx\/wp-content\/uploads\/2023\/12\/13-Concluye-periodo-de-movilidad-nacional-e-internacional-en-la-UATx-130x95.jpg",130,95,true],"full":["https:\/\/diariolanoticia.com.mx\/wp-content\/uploads\/2023\/12\/13-Concluye-periodo-de-movilidad-nacional-e-internacional-en-la-UATx.jpg",1570,1068,false]},"_links":{"self":[{"href":"https:\/\/diariolanoticia.com.mx\/index.php?rest_route=\/wp\/v2\/posts\/118094","targetHints":{"allow":["GET"]}}],"collection":[{"href":"https:\/\/diariolanoticia.com.mx\/index.php?rest_route=\/wp\/v2\/posts"}],"about":[{"href":"https:\/\/diariolanoticia.com.mx\/index.php?rest_route=\/wp\/v2\/types\/post"}],"author":[{"embeddable":true,"href":"https:\/\/diariolanoticia.com.mx\/index.php?rest_route=\/wp\/v2\/users\/1"}],"replies":[{"embeddable":true,"href":"https:\/\/diariolanoticia.com.mx\/index.php?rest_route=%2Fwp%2Fv2%2Fcomments&post=118094"}],"version-history":[{"count":1,"href":"https:\/\/diariolanoticia.com.mx\/index.php?rest_route=\/wp\/v2\/posts\/118094\/revisions"}],"predecessor-version":[{"id":118096,"href":"https:\/\/diariolanoticia.com.mx\/index.php?rest_route=\/wp\/v2\/posts\/118094\/revisions\/118096"}],"wp:featuredmedia":[{"embeddable":true,"href":"https:\/\/diariolanoticia.com.mx\/index.php?rest_route=\/wp\/v2\/media\/118095"}],"wp:attachment":[{"href":"https:\/\/diariolanoticia.com.mx\/index.php?rest_route=%2Fwp%2Fv2%2Fmedia&parent=118094"}],"wp:term":[{"taxonomy":"category","embeddable":true,"href":"https:\/\/diariolanoticia.com.mx\/index.php?rest_route=%2Fwp%2Fv2%2Fcategories&post=118094"},{"taxonomy":"post_tag","embeddable":true,"href":"https:\/\/diariolanoticia.com.mx\/index.php?rest_route=%2Fwp%2Fv2%2Ftags&post=118094"}],"curies":[{"name":"wp","href":"https:\/\/api.w.org\/{rel}","templated":true}]}}